{"id":1199,"date":"2017-03-07T20:45:12","date_gmt":"2017-03-07T19:45:12","guid":{"rendered":"http:\/\/www.pacienti.cz\/?p=1199"},"modified":"2017-03-07T20:56:31","modified_gmt":"2017-03-07T19:56:31","slug":"1199","status":"publish","type":"post","link":"https:\/\/www.pacienti.cz\/?p=1199","title":{"rendered":"Stomatologickou komoru je t\u0159eba zru\u0161it. Je to organizovan\u00fd kartel proti pacient\u016fm!"},"content":{"rendered":"<hr \/>\n<p>&nbsp;<\/p>\n<p><strong><img loading=\"lazy\" decoding=\"async\" class=\"alignright wp-image-1201 size-full\" src=\"https:\/\/www.pacienti.cz\/wp-content\/uploads\/2017\/03\/zubn\u00ed-o\u0161et\u0159en\u00ed-1514692__180.jpg\" width=\"270\" height=\"180\" \/>Titl.<\/strong><\/p>\n<p><strong>Vl\u00e1da \u010cesk\u00e9 republiky<\/strong><\/p>\n<p><strong>N\u00e1b\u0159. E.Bene\u0161e<\/strong><\/p>\n<p><strong>Praha 1<\/strong><\/p>\n<p>&nbsp;<\/p>\n<p>Praha 7.3.2017<\/p>\n<p>&nbsp;<\/p>\n<p>&nbsp;<\/p>\n<h2><span style=\"color: #ff0000;\"><strong>Stomatologickou komoru je t\u0159eba zru\u0161it. Je to organizovan\u00fd kartel proti pacient\u016fm!<\/strong><\/span><\/h2>\n<p><strong>\u00a0<\/strong><\/p>\n<h3><strong>Jak se maj\u00ed pacienti br\u00e1nit proti \u201ekartelov\u00e9\u201c skupin\u011b podnikatel\u016f ve zdravotnictv\u00ed?<\/strong><\/h3>\n<p>&nbsp;<\/p>\n<p>Od posledn\u00edho v\u00fdk\u0159iku \u010cesk\u00e9 stomatologick\u00e9 \u201ekartelov\u00e9\u201c komory uplynulo 6 m\u011bs\u00edc\u016f a znovu ob\u010dan\u00e9 sly\u0161\u00ed, jak je cht\u011bj\u00ed n\u011bkte\u0159\u00ed zubn\u00ed l\u00e9ka\u0159i zejm\u00e9na z\u00a0veden\u00ed Stomatologick\u00e9 komory \u201e\u0161kubat\u201c, kdy\u017e \u017e\u00e1daj\u00ed o zru\u0161en\u00ed \u00fahrady za plomby ze\u00a0zdravotn\u00edho poji\u0161t\u011bn\u00ed, m\u00edsto toho, aby nab\u00edzeli hospod\u00e1rnou a ekonomicky nejlevn\u011bj\u0161\u00ed kvalitn\u00ed zdravotn\u00ed p\u00e9\u010di sv\u00fdm klient\u016fm, jak stoj\u00ed zejm\u00e9na v\u00a0z\u00e1kon\u011b \u010d. 372\/2011 Sb. v \u00a7\u00a7 2 a\u017e 5 a n\u00e1sl..<\/p>\n<p>&nbsp;<\/p>\n<p><strong>Hned v\u00a0\u00favodu mus\u00edme jasn\u011b \u0159\u00edct: <\/strong><\/p>\n<p style=\"padding-left: 30px;\">Ob\u010dan\u00e9 si plat\u00ed zdravotn\u00ed poji\u0161t\u011bn\u00ed, a proto maj\u00ed pr\u00e1vo na plnou a pat\u0159i\u010dnou zdravotn\u00ed p\u00e9\u010di v\u00a0souladu s\u00a0\u00damluvou o lidsk\u00fdch pr\u00e1vech a <img loading=\"lazy\" decoding=\"async\" class=\"alignright wp-image-293 size-thumbnail\" src=\"https:\/\/www.pacienti.cz\/wp-content\/uploads\/2015\/08\/tooth-1015409__180-150x150.jpg\" width=\"150\" height=\"150\" srcset=\"https:\/\/www.pacienti.cz\/wp-content\/uploads\/2015\/08\/tooth-1015409__180-150x150.jpg 150w, https:\/\/www.pacienti.cz\/wp-content\/uploads\/2015\/08\/tooth-1015409__180.jpg 180w\" sizes=\"(max-width: 150px) 100vw, 150px\" \/>biomedic\u00edn\u011b i v\u00a0oblasti stomatologie.<\/p>\n<p style=\"padding-left: 30px;\">To, co dnes hrad\u00ed zdravotn\u00ed poji\u0161\u0165ovny za stomatologickou p\u00e9\u010di pacient\u016fm, je nouze s\u00a0b\u00eddou a jde sp\u00ed\u0161e o diskriminaci pacient\u016f, ne\u017e dodr\u017een\u00ed \u00fastavn\u00edho pr\u00e1va na pat\u0159i\u010dnou p\u00e9\u010di.<\/p>\n<p>&nbsp;<\/p>\n<p>Kdy se touto diskriminac\u00ed bude zab\u00fdvat Vl\u00e1da \u010cR v\u00a0z\u00e1jmu sv\u00fdch ob\u010dan\u016f a da\u0148ov\u00fdch poplatn\u00edk\u016f?!<\/p>\n<p>&nbsp;<\/p>\n<p>\u010cesk\u00e1 stomatologick\u00e1 komora op\u011bt stra\u0161\u00ed ve\u0159ejnost \u201epro n\u011b zdra\u017een\u00edm zubn\u00ed p\u00e9\u010de\u201c, kdy\u017e vyhro\u017euje, \u017ee je t\u0159eba zru\u0161it placen\u00ed v\u0161ech plomb z poji\u0161t\u011bn\u00ed a tak\u00e9, \u017ee zubn\u00ed l\u00e9ka\u0159i nebudou nab\u00edzet p\u00e9\u010di na poji\u0161\u0165ovnu.<\/p>\n<p>&nbsp;<\/p>\n<p>P\u0159ipom\u00edn\u00e1me, \u017ee stomatologov\u00e9 maj\u00ed ji\u017e od za\u010d\u00e1tku devades\u00e1t\u00fdch let v org\u00e1nech, kter\u00e9 je zastupuj\u00ed lobbisty, kte\u0159\u00ed v dob\u00e1ch slab\u00fdch ministr\u016f zdravotnictv\u00ed, a nech\u00e1pav\u00e9ho Parlamentu \u010cR z\u00edskali v\u011bt\u0161\u00ed v\u00fdhody ne\u017e jak\u00fdkoliv jin\u00fd segment ve zdravotnictv\u00ed. Stalo se to za cenu po\u0161kozen\u00ed z\u00e1jm\u016f pacient\u016f a vedlo to k vy\u0159azen\u00ed t\u00e9m\u011b\u0159 ve\u0161ker\u00e9 pat\u0159i\u010dn\u00e9 stomatologick\u00e9 p\u00e9\u010de z \u00fahrad ve\u0159ejn\u00e9ho zdravotn\u00edho poji\u0161t\u011bn\u00ed.<\/p>\n<p>&nbsp;<\/p>\n<p>\u00dastavn\u00ed garance t\u00e9to p\u00e9\u010de je pod r\u016fzn\u00fdmi z\u00e1minkami zpochyb\u0148ov\u00e1na a to vede ke st\u00e1le se zhor\u0161uj\u00edc\u00edmu stavu chrupu soci\u00e1ln\u011b slab\u0161\u00edch ob\u010dan\u016f, ale i zchudl\u00e9 st\u0159edn\u00ed t\u0159\u00eddy a dokonce i d\u011bt\u00ed.<\/p>\n<p><img loading=\"lazy\" decoding=\"async\" class=\"alignleft wp-image-1204 size-full\" src=\"https:\/\/www.pacienti.cz\/wp-content\/uploads\/2017\/03\/dentist-lamp-1514691__180.jpg\" width=\"270\" height=\"180\" \/><\/p>\n<p>M\u00e9n\u011b zku\u0161en\u00fd pozorovatel by se mohl domn\u00edvat, \u017ee po\u017eadavek zuba\u0159\u016f, aby se v\u011bnovalo v\u00edce pen\u011bz na p\u00e9\u010di o zuby, je kritikou vy\u0159azen\u00ed i z\u00e1kladn\u00ed stomatologick\u00e9 p\u00e9\u010de z \u00fahrad poji\u0161\u0165ovnou.<\/p>\n<p>&nbsp;<\/p>\n<p>Podle m\u00e9di\u00ed se zuba\u0159i dali sly\u0161et, \u017ee kdy\u017e nedostanou je\u0161t\u011b v\u00edce pen\u011bz, zru\u0161\u00ed poskytov\u00e1n\u00ed p\u00e9\u010de na z\u00e1klad\u011b smluv s ve\u0159ejn\u00fdmi zdravotn\u00edmi poji\u0161\u0165ovnami \u00fapln\u011b. Ale oni se na rok 2017 dohodli se zdravotn\u00edmi poji\u0161\u0165ovnami na zv\u00fd\u0161en\u00ed \u00fahrady za p\u00e9\u010di, tak\u017ee jak m\u00e1me my ob\u010dan\u00e9 rozum\u011bt jejich hrozb\u00e1m?!<\/p>\n<p>&nbsp;<\/p>\n<p>Nyn\u011bj\u0161\u00ed situace ukazuje, \u017ee st\u00e1t nem\u00e1 svou s\u00ed\u0165 ambulanc\u00ed zubn\u00edch l\u00e9ka\u0159\u016f, kter\u00e1 by zajistila p\u00e9\u010di o ob\u010dany, pokud st\u00e1vaj\u00edc\u00ed ambulance zru\u0161\u00ed smlouvy s poji\u0161\u0165ovnami.<img loading=\"lazy\" decoding=\"async\" class=\"alignright wp-image-1206 size-thumbnail\" src=\"https:\/\/www.pacienti.cz\/wp-content\/uploads\/2017\/03\/zub-toothbrush-685326__180-150x150.jpg\" width=\"150\" height=\"150\" srcset=\"https:\/\/www.pacienti.cz\/wp-content\/uploads\/2017\/03\/zub-toothbrush-685326__180-150x150.jpg 150w, https:\/\/www.pacienti.cz\/wp-content\/uploads\/2017\/03\/zub-toothbrush-685326__180-144x144.jpg 144w\" sizes=\"(max-width: 150px) 100vw, 150px\" \/><\/p>\n<p>&nbsp;<\/p>\n<p>Takov\u00fd je v\u00fdsledek dlouhodob\u011b \u0161patn\u00e9ho \u0159\u00edzen\u00ed ve\u0159ejn\u00e9ho zdravotnictv\u00ed a vychov\u00e1v\u00e1n\u00ed nedostate\u010dn\u00e9ho po\u010dtu stomatolog\u016f. Pot\u0159ebujeme tolik zuba\u0159\u016f, aby byla zaji\u0161t\u011bna p\u00e9\u010de \u201ena poji\u0161\u0165ovnu\u201c.<\/p>\n<p>&nbsp;<\/p>\n<p>V\u00a0souladu s\u00a0\u00fastavn\u00ed povinnost\u00ed st\u00e1tu zajistit dostupnou zdravotn\u00ed p\u00e9\u010di, \u017e\u00e1d\u00e1me Vl\u00e1du \u010cR a Parlament \u010cesk\u00e9 republiky o zm\u011bnu z\u00e1kon\u016f tak, aby vedle soukrom\u00fdch stomatolog\u016f byla ulo\u017eena z\u00e1konn\u00e1 povinnost kraj\u016fm a zdravotn\u00edm poji\u0161\u0165ovn\u00e1m, kter\u00e9 by poskytovaly p\u00e9\u010di za \u00fahradu ze zdravotn\u00edho poji\u0161t\u011bn\u00ed, z\u0159\u00eddit<\/p>\n<p style=\"text-align: center;\">\u201espole\u010dn\u00e9 stomatologick\u00e9 ordinace\u201c.<\/p>\n<p>&nbsp;<\/p>\n<p><strong><u>Vyz\u00fdv\u00e1me ministerstvo zdravotnictv\u00ed, aby neprodlen\u011b navrhlo z\u00e1konn\u00e9 opat\u0159en\u00ed na vr\u00e1cen\u00ed ve\u0161ker\u00fdch \u00fahrad za stomatologickou p\u00e9\u010di ze zdravotn\u00edho poji\u0161t\u011bn\u00ed<\/u><\/strong> (krom\u011b edukace pacient\u016f, jak si \u010distit chrup, a kter\u00fd kart\u00e1\u010dek a pasta jsou lep\u0161\u00ed) <strong>a sou\u010dasn\u011b legislativn\u011b umo\u017enilo<\/strong> zejm\u00e9na zdravotn\u00edm poji\u0161\u0165ovn\u00e1m z\u0159izovat vlastn\u00ed stomatologick\u00e9 (a dal\u0161\u00ed typy) ordinac\u00ed k\u00a0zaji\u0161t\u011bn\u00ed pot\u0159ebn\u00e9 zubn\u00ed p\u00e9\u010de.<\/p>\n<p>&nbsp;<\/p>\n<p>&nbsp;<\/p>\n<p><strong>Gr\u00e9mium Svazu pacient\u016f \u010cR<\/strong><\/p>\n<p><strong>Lubo\u0161 Olej\u00e1r, v.r. prezident<\/strong><\/p>\n<p><strong>\u00a0<\/strong><\/p>\n","protected":false},"excerpt":{"rendered":"<p>&nbsp; Titl. Vl\u00e1da \u010cesk\u00e9 republiky N\u00e1b\u0159. E.Bene\u0161e Praha 1 &nbsp; Praha 7.3.2017 &nbsp; &nbsp; Stomatologickou komoru je t\u0159eba zru\u0161it. Je to organizovan\u00fd kartel proti pacient\u016fm! \u00a0 Jak se maj\u00ed pacienti br\u00e1nit proti \u201ekartelov\u00e9\u201c skupin\u011b podnikatel\u016f ve zdravotnictv\u00ed? &nbsp; Od posledn\u00edho v\u00fdk\u0159iku \u010cesk\u00e9 stomatologick\u00e9 \u201ekartelov\u00e9\u201c komory uplynulo 6 m\u011bs\u00edc\u016f a znovu ob\u010dan\u00e9 sly\u0161\u00ed, jak je cht\u011bj\u00ed [&hellip;]<\/p>\n","protected":false},"author":1,"featured_media":1201,"comment_status":"closed","ping_status":"open","sticky":false,"template":"","format":"standard","meta":{"footnotes":""},"categories":[14],"tags":[],"_links":{"self":[{"href":"https:\/\/www.pacienti.cz\/index.php?rest_route=\/wp\/v2\/posts\/1199"}],"collection":[{"href":"https:\/\/www.pacienti.cz\/index.php?rest_route=\/wp\/v2\/posts"}],"about":[{"href":"https:\/\/www.pacienti.cz\/index.php?rest_route=\/wp\/v2\/types\/post"}],"author":[{"embeddable":true,"href":"https:\/\/www.pacienti.cz\/index.php?rest_route=\/wp\/v2\/users\/1"}],"replies":[{"embeddable":true,"href":"https:\/\/www.pacienti.cz\/index.php?rest_route=%2Fwp%2Fv2%2Fcomments&post=1199"}],"version-history":[{"count":4,"href":"https:\/\/www.pacienti.cz\/index.php?rest_route=\/wp\/v2\/posts\/1199\/revisions"}],"predecessor-version":[{"id":1207,"href":"https:\/\/www.pacienti.cz\/index.php?rest_route=\/wp\/v2\/posts\/1199\/revisions\/1207"}],"wp:featuredmedia":[{"embeddable":true,"href":"https:\/\/www.pacienti.cz\/index.php?rest_route=\/wp\/v2\/media\/1201"}],"wp:attachment":[{"href":"https:\/\/www.pacienti.cz\/index.php?rest_route=%2Fwp%2Fv2%2Fmedia&parent=1199"}],"wp:term":[{"taxonomy":"category","embeddable":true,"href":"https:\/\/www.pacienti.cz\/index.php?rest_route=%2Fwp%2Fv2%2Fcategories&post=1199"},{"taxonomy":"post_tag","embeddable":true,"href":"https:\/\/www.pacienti.cz\/index.php?rest_route=%2Fwp%2Fv2%2Ftags&post=1199"}],"curies":[{"name":"wp","href":"https:\/\/api.w.org\/{rel}","templated":true}]}}