{"id":1208,"date":"2017-03-15T01:13:07","date_gmt":"2017-03-15T00:13:07","guid":{"rendered":"http:\/\/www.pacienti.cz\/?p=1208"},"modified":"2017-03-16T01:14:25","modified_gmt":"2017-03-16T00:14:25","slug":"protest-svazu-pacientu-cr-proti-neposkytovani-patricneho-lekarskeho-osetrovani-zubu-a-navrh-reseni","status":"publish","type":"post","link":"https:\/\/www.pacienti.cz\/?p=1208","title":{"rendered":"Protest Svazu pacient\u016f \u010cR proti neposkytov\u00e1n\u00ed pat\u0159i\u010dn\u00e9ho l\u00e9ka\u0159sk\u00e9ho o\u0161et\u0159ov\u00e1n\u00ed zub\u016f a n\u00e1vrh \u0159e\u0161en\u00ed"},"content":{"rendered":"<hr \/>\n<p><a href=\"https:\/\/www.pacienti.cz\/wp-content\/uploads\/2017\/01\/zub-148045__180.png\"><img loading=\"lazy\" decoding=\"async\" class=\"size-thumbnail wp-image-1150 alignright\" src=\"https:\/\/www.pacienti.cz\/wp-content\/uploads\/2017\/01\/zub-148045__180-150x150.png\" alt=\"\" width=\"150\" height=\"150\" srcset=\"https:\/\/www.pacienti.cz\/wp-content\/uploads\/2017\/01\/zub-148045__180-150x150.png 150w, https:\/\/www.pacienti.cz\/wp-content\/uploads\/2017\/01\/zub-148045__180-144x144.png 144w\" sizes=\"(max-width: 150px) 100vw, 150px\" \/><\/a><\/p>\n<p><b><span style=\"margin: 0px; font-family: 'Arial','sans-serif'; font-size: 18pt;\"><span style=\"color: #000000;\">Protest Svazu pacient\u016f \u010cR proti neposkytov\u00e1n\u00ed pat\u0159i\u010dn\u00e9ho l\u00e9ka\u0159sk\u00e9ho o\u0161et\u0159ov\u00e1n\u00ed zub\u016f a n\u00e1vrh \u0159e\u0161en\u00ed<\/span><\/span><\/b><\/p>\n<p><b><span style=\"margin: 0px; font-family: 'Arial','sans-serif'; font-size: 18pt;\"><span style=\"color: #000000;\">\u00a0<\/span><\/span><\/b><\/p>\n<p><span style=\"margin: 0px; font-family: 'Arial','sans-serif'; font-size: 14pt;\"><span style=\"color: #000000;\">\u00dastava \u010cesk\u00e9 republiky\u00a0zaru\u010duje pr\u00e1vo na pat\u0159i\u010dn\u00e9 o\u0161et\u0159en\u00ed v\u0161ech poruch zdrav\u00ed, bez ohledu na to, \u017ee n\u011bkter\u00fdm se dalo zabr\u00e1nit, a na uhrazen\u00ed n\u00e1klad\u016f na toto o\u0161et\u0159en\u00ed z prost\u0159edk\u016f ve\u0159ejn\u00e9ho zdravotn\u00edho poji\u0161t\u011bn\u00ed. T\u00fdk\u00e1 se to i o\u0161et\u0159en\u00ed zub\u016f.<\/span><\/span><\/p>\n<p><span style=\"margin: 0px; font-family: 'Arial','sans-serif'; font-size: 14pt;\"><span style=\"color: #000000;\">\u00a0<\/span><\/span><\/p>\n<p><span style=\"margin: 0px; font-family: 'Arial','sans-serif'; font-size: 14pt;\"><span style=\"color: #000000;\">\u010cesk\u00e1 stomatologick\u00e1 komora ji\u017e od sv\u00e9ho zalo\u017een\u00ed v roce 1991 soustavn\u011b usiluje o vyman\u011bn\u00ed stomatologie z ve\u0159ejn\u00e9ho zdravotnictv\u00ed a neregulovanou t\u011b\u017ebu pen\u011bz v soukrom\u00fdch prax\u00edch a klinik\u00e1ch. Zuba\u0159i z\u00edskali mimo\u0159\u00e1dn\u00e9 v\u00fdhody proti jin\u00fdm l\u00e9ka\u0159sk\u00fdm odbornostem. Stanovami se Komora hl\u00e1s\u00ed ke garanci odbornosti, ale jen u soukrom\u00fdch pracovi\u0161\u0165. St\u00e1le vym\u00e1h\u00e1 vy\u0159azen\u00ed dal\u0161\u00edch a dal\u0161\u00edch v\u00fdkon\u016f z hrazen\u00ed ve\u0159ejnou zdravotn\u00ed poji\u0161\u0165ovnou a dokonce nav\u00e1d\u00ed zuba\u0159e, aby neuzav\u00edrali smlouvy s ve\u0159ejn\u00fdmi zdravotn\u00edmi poji\u0161\u0165ovnami. Je sice pravda, \u017ee \u00fahrady n\u011bkter\u00fdch v\u00fdkon\u016f nebyly dostate\u010dn\u011b upraveny s ohledem na nov\u00e9, n\u00e1kladn\u011bj\u0161\u00ed technologie o\u0161et\u0159en\u00ed, a mohly b\u00fdt upraveny, proto\u017ee v\u011bt\u0161\u00ed trvanlivost a bezpe\u010dnost nov\u00fdch zp\u016fsob\u016f o\u0161et\u0159en\u00ed znamen\u00e1, \u017ee efektivn\u00ed n\u00e1klady by nebyly o mnoho v\u011bt\u0161\u00ed a byla by to pat\u0159i\u010dn\u00e1 p\u00e9\u010de. Za nejoby\u010dejn\u011bj\u0161\u00ed plombu plat\u00ed poji\u0161\u0165ovny 280 K\u010d a vydaj\u00ed za rok pouze 800 milion\u016f K\u010d. Nen\u00ed pravda, \u017ee pot\u0159ebn\u00e9 nav\u00fd\u0161en\u00ed by st\u00e1lo n\u011bkolik miliard nav\u00edc. <\/span><\/span><\/p>\n<p>&nbsp;<\/p>\n<p><a href=\"https:\/\/www.pacienti.cz\/wp-content\/uploads\/2015\/11\/mrazek_sm_1.jpg\"><img loading=\"lazy\" decoding=\"async\" class=\"size-thumbnail wp-image-191 alignright\" src=\"https:\/\/www.pacienti.cz\/wp-content\/uploads\/2015\/11\/mrazek_sm_1-148x150.jpg\" alt=\"\" width=\"148\" height=\"150\" \/><\/a><\/p>\n<p><span style=\"color: #ff0000;\"><strong><span style=\"margin: 0px; font-family: 'Arial','sans-serif'; font-size: 14pt;\">Je hanba, \u017ee se ji\u017e nehrad\u00ed ani l\u00e9\u010debn\u00e9 z\u00e1kroky, jako \u010di\u0161t\u011bn\u00ed a pln\u011bn\u00ed kan\u00e1lk\u016f v ko\u0159enech. Zuba\u0159\u016fm se trp\u00ed mnohatis\u00edcov\u00e9 ceny za rekonstrukci jedin\u00e9ho zubu a zubn\u00ed n\u00e1hrady se staly pro st\u00e1le v\u00edce lid\u00ed nedostupn\u00fdmi.<\/span><\/strong><\/span><\/p>\n<p><span style=\"margin: 0px; font-family: 'Arial','sans-serif'; font-size: 14pt;\"><span style=\"color: #000000;\">L\u00e9ka\u0159sk\u00e1 zubn\u00ed pohotovost je t\u00e9m\u011b\u0159 nezaji\u0161t\u011bna.<\/span><\/span><\/p>\n<p><span style=\"margin: 0px; font-family: 'Arial','sans-serif'; font-size: 14pt;\"><span style=\"color: #000000;\">\u00a0<\/span><\/span><\/p>\n<p><strong><span style=\"margin: 0px; font-family: 'Arial','sans-serif'; font-size: 14pt;\"><span style=\"color: #000000;\">U p\u0159\u00edle\u017eitosti nejnov\u011bj\u0161\u00edho \u00fatoku Stomatologick\u00e9 komory proti ve\u0159ejn\u00e9mu zdravotn\u00edmu poji\u0161t\u011bn\u00ed pod star\u00fdm heslem, \u017ee za zka\u017een\u00e9 zuby si ka\u017ed\u00fd m\u016f\u017ee s\u00e1m, navrhujeme:<\/span><\/span><\/strong><\/p>\n<p style=\"padding-left: 30px;\"><span style=\"margin: 0px; font-family: 'Arial','sans-serif'; font-size: 14pt;\"><span style=\"color: #000000;\">1)<\/span><span style=\"font: 7pt 'Times New Roman'; margin: 0px; font-size-adjust: none; font-stretch: normal;\"><span style=\"color: #000000;\">\u00a0\u00a0 <\/span><\/span><\/span><span style=\"margin: 0px; font-family: 'Arial','sans-serif'; font-size: 14pt;\"><span style=\"color: #000000;\">Ulo\u017eit ministerstvu zdravotnictv\u00ed, aby zajistilo \u00fapravu \u00fahrad pat\u0159i\u010dn\u00fdch stomatologick\u00fdch v\u00fdkon\u016f na pot\u0159ebnou \u00farove\u0148.<\/span><\/span><\/p>\n<p style=\"padding-left: 30px;\"><span style=\"margin: 0px; font-family: 'Arial','sans-serif'; font-size: 14pt;\"><span style=\"color: #000000;\">2)<\/span><span style=\"font: 7pt 'Times New Roman'; margin: 0px; font-size-adjust: none; font-stretch: normal;\"><span style=\"color: #000000;\">\u00a0\u00a0 <\/span><\/span><\/span><span style=\"margin: 0px; font-family: 'Arial','sans-serif'; font-size: 14pt;\"><span style=\"color: #000000;\">Z\u0159\u00eddit novou Stomatologickou komoru, kter\u00e1 by m\u011bla na starosti v\u0161echna zuba\u0159sk\u00e1 pracovi\u0161t\u011b, nejen soukrom\u00e1 a v n\u00ed\u017e by bylo povinn\u00e9 \u010dlenstv\u00ed pro v\u0161echny stomatology v aktivn\u00ed slu\u017eb\u011b a kter\u00e1 by m\u011bla za \u00fakol podporovat pot\u0159eby ve\u0159ejn\u00e9ho zdravotnictv\u00ed. <\/span><\/span><\/p>\n<p style=\"padding-left: 30px;\"><span style=\"margin: 0px; font-family: 'Arial','sans-serif'; font-size: 14pt;\"><span style=\"color: #000000;\">3)<\/span><span style=\"font: 7pt 'Times New Roman'; margin: 0px; font-size-adjust: none; font-stretch: normal;\"><span style=\"color: #000000;\">\u00a0\u00a0 <\/span><\/span><\/span><span style=\"margin: 0px; font-family: 'Arial','sans-serif'; font-size: 14pt;\"><span style=\"color: #000000;\">Z\u0159izovat pln\u011b za\u0159\u00edzen\u00e1 stomatologick\u00e1 pracovi\u0161t\u011b zejm\u00e9na v m\u00edstech, kde je \u017e\u00e1douc\u00ed m\u00edt tak\u00e9 stomatologickou pohotovost, ale i jinde a umo\u017e\u0148ovat absolvent\u016fm fakult, aby v nich pracovali bez nutnosti po\u0159izovat si ordinaci.<\/span><\/span><\/p>\n<p style=\"padding-left: 30px;\"><span style=\"margin: 0px; font-family: 'Arial','sans-serif'; font-size: 14pt;\"><span style=\"color: #000000;\">\u00a0<\/span><\/span><\/p>\n<p><span style=\"margin: 0px; font-family: 'Arial','sans-serif'; font-size: 14pt;\"><span style=\"color: #000000;\">Gr\u00e9mium Svazu pacient\u016f \u010cR<\/span><\/span><\/p>\n<p><span style=\"margin: 0px; font-family: 'Arial','sans-serif'; font-size: 14pt;\"><span style=\"color: #000000;\">Ing. Josef Mr\u00e1zek, CSc., viceprezident\u00a0<\/span><\/span><\/p>\n<p>&nbsp;<\/p>\n<p>&nbsp;<\/p>\n","protected":false},"excerpt":{"rendered":"<p>Protest Svazu pacient\u016f \u010cR proti neposkytov\u00e1n\u00ed pat\u0159i\u010dn\u00e9ho l\u00e9ka\u0159sk\u00e9ho o\u0161et\u0159ov\u00e1n\u00ed zub\u016f a n\u00e1vrh \u0159e\u0161en\u00ed \u00a0 \u00dastava \u010cesk\u00e9 republiky\u00a0zaru\u010duje pr\u00e1vo na pat\u0159i\u010dn\u00e9 o\u0161et\u0159en\u00ed v\u0161ech poruch zdrav\u00ed, bez ohledu na to, \u017ee n\u011bkter\u00fdm se dalo zabr\u00e1nit, a na uhrazen\u00ed n\u00e1klad\u016f na toto o\u0161et\u0159en\u00ed z prost\u0159edk\u016f ve\u0159ejn\u00e9ho zdravotn\u00edho poji\u0161t\u011bn\u00ed. T\u00fdk\u00e1 se to i o\u0161et\u0159en\u00ed zub\u016f. \u00a0 \u010cesk\u00e1 stomatologick\u00e1 komora [&hellip;]<\/p>\n","protected":false},"author":1,"featured_media":1150,"comment_status":"closed","ping_status":"open","sticky":false,"template":"","format":"standard","meta":{"footnotes":""},"categories":[14],"tags":[],"_links":{"self":[{"href":"https:\/\/www.pacienti.cz\/index.php?rest_route=\/wp\/v2\/posts\/1208"}],"collection":[{"href":"https:\/\/www.pacienti.cz\/index.php?rest_route=\/wp\/v2\/posts"}],"about":[{"href":"https:\/\/www.pacienti.cz\/index.php?rest_route=\/wp\/v2\/types\/post"}],"author":[{"embeddable":true,"href":"https:\/\/www.pacienti.cz\/index.php?rest_route=\/wp\/v2\/users\/1"}],"replies":[{"embeddable":true,"href":"https:\/\/www.pacienti.cz\/index.php?rest_route=%2Fwp%2Fv2%2Fcomments&post=1208"}],"version-history":[{"count":3,"href":"https:\/\/www.pacienti.cz\/index.php?rest_route=\/wp\/v2\/posts\/1208\/revisions"}],"predecessor-version":[{"id":1214,"href":"https:\/\/www.pacienti.cz\/index.php?rest_route=\/wp\/v2\/posts\/1208\/revisions\/1214"}],"wp:featuredmedia":[{"embeddable":true,"href":"https:\/\/www.pacienti.cz\/index.php?rest_route=\/wp\/v2\/media\/1150"}],"wp:attachment":[{"href":"https:\/\/www.pacienti.cz\/index.php?rest_route=%2Fwp%2Fv2%2Fmedia&parent=1208"}],"wp:term":[{"taxonomy":"category","embeddable":true,"href":"https:\/\/www.pacienti.cz\/index.php?rest_route=%2Fwp%2Fv2%2Fcategories&post=1208"},{"taxonomy":"post_tag","embeddable":true,"href":"https:\/\/www.pacienti.cz\/index.php?rest_route=%2Fwp%2Fv2%2Ftags&post=1208"}],"curies":[{"name":"wp","href":"https:\/\/api.w.org\/{rel}","templated":true}]}}