{"id":1222,"date":"2017-03-27T23:32:15","date_gmt":"2017-03-27T21:32:15","guid":{"rendered":"http:\/\/www.pacienti.cz\/?p=1222"},"modified":"2017-04-04T13:29:12","modified_gmt":"2017-04-04T11:29:12","slug":"stat-patrne-nezajistil-pro-obyvatele-kvalitni-zdravotni-peci-v-segmentu-letecke-zachranne-sluzby","status":"publish","type":"post","link":"https:\/\/www.pacienti.cz\/?p=1222","title":{"rendered":"St\u00e1t patrn\u011b nezajistil pro obyvatele kvalitn\u00ed zdravotn\u00ed p\u00e9\u010di v\u00a0segmentu leteck\u00e9 z\u00e1chrann\u00e9 slu\u017eby"},"content":{"rendered":"<hr \/>\n<p>Tiskov\u00e1 zpr\u00e1va<\/p>\n<p><img loading=\"lazy\" decoding=\"async\" class=\"alignright wp-image-1223 size-medium\" src=\"https:\/\/www.pacienti.cz\/wp-content\/uploads\/2017\/03\/helicopter-273269__340-300x200.jpg\" alt=\"\" width=\"300\" height=\"200\" srcset=\"https:\/\/www.pacienti.cz\/wp-content\/uploads\/2017\/03\/helicopter-273269__340-300x200.jpg 300w, https:\/\/www.pacienti.cz\/wp-content\/uploads\/2017\/03\/helicopter-273269__340.jpg 511w\" sizes=\"(max-width: 300px) 100vw, 300px\" \/><\/p>\n<h3><strong>Svaz pacient\u016f \u010cR se domn\u00edv\u00e1, \u017ee st\u00e1t nezajistil pro obyvatele kvalitn\u00ed zdravotn\u00ed p\u00e9\u010di v\u00a0segmentu leteck\u00e9 z\u00e1chrann\u00e9 slu\u017eby.<\/strong><\/h3>\n<p>&nbsp;<\/p>\n<p>&nbsp;<\/p>\n<p>Tiskov\u00e1 zpr\u00e1va Ministerstva zdravotnictv\u00ed <strong><span style=\"color: #0000ff;\"><a style=\"color: #0000ff;\" href=\"http:\/\/www.mzcr.cz\/dokumenty\/ministerstvo-zdravotnictvi-hleda-cesty-k-vyreseni-problemu-s-leteckou-zachrannou_13534_3692_1.html\">ze dne 20.3.2017<\/a><\/span><\/strong> se pokou\u0161\u00ed zamaskovat dvoj\u00ed selh\u00e1n\u00ed ministerstva. Jedno spo\u010d\u00edv\u00e1 v tom, \u017ee neuzav\u0159elo smlouvy s leteckou z\u00e1chrankou tak, aby slou\u017eily \u00fa\u010delu, to jest tak, \u017ee se garantuje:<\/p>\n<ul>\n<li>p\u0159ipravenost dan\u00e9 helikopt\u00e9ry k z\u00e1sahu v ur\u010dit\u00fdch \u010dasov\u00fdch intervalech (a nesm\u00ed vadit, kdy\u017e je p\u0159ipravena i v\u00a0jin\u00e9m \u010dase)<\/li>\n<li>\u017ee vy\u017e\u00e1dan\u00fd z\u00e1sah bude zaplacen, pokud se poda\u0159\u00ed ho uskute\u010dnit<\/li>\n<li>\u017ee v p\u0159\u00edpad\u011b nemo\u017enosti pou\u017e\u00edt nejbli\u017e\u0161\u00ed helikopt\u00e9ru bude vy\u017e\u00e1d\u00e1n z\u00e1sah od Policie \u010cR anebo Arm\u00e1dy \u010cR.<\/li>\n<\/ul>\n<p>Druh\u00e9 selh\u00e1n\u00ed, asi utajovan\u00e9, spo\u010d\u00edv\u00e1 v tom, \u017ee ministerstvo kv\u016fli tomu, aby neunikl n\u011bkter\u00e9 centr\u00e1ln\u00ed z\u00e1chrance k\u0161eft, nev\u00e1halo po\u017eadovat, aby byl ohro\u017een pacient del\u0161\u00edm \u010dek\u00e1n\u00edm na transport. Nav\u00edc by byly v\u011bt\u0161\u00ed n\u00e1klady.<\/p>\n<p>Nen\u00ed t\u0159eba hledat cestu, jak v\u011bc \u0159e\u0161it, ta je jasn\u00e1. Je t\u0159eba v\u011bc sv\u011b\u0159it schopn\u011bj\u0161\u00edmu pracovn\u00edkovi.<\/p>\n<p>Praha 27.3.2017<\/p>\n<p>&nbsp;<\/p>\n<p><strong>Gr\u00e9mium Svazu pacient\u016f \u010cR<\/strong><\/p>\n<p><strong>Ing. Josef Mr\u00e1zek, CSc. viceprezident<\/strong><\/p>\n<p>&nbsp;<\/p>\n<p>&nbsp;<\/p>\n","protected":false},"excerpt":{"rendered":"<p>Tiskov\u00e1 zpr\u00e1va Svaz pacient\u016f \u010cR se domn\u00edv\u00e1, \u017ee st\u00e1t nezajistil pro obyvatele kvalitn\u00ed zdravotn\u00ed p\u00e9\u010di v\u00a0segmentu leteck\u00e9 z\u00e1chrann\u00e9 slu\u017eby. &nbsp; &nbsp; Tiskov\u00e1 zpr\u00e1va Ministerstva zdravotnictv\u00ed ze dne 20.3.2017 se pokou\u0161\u00ed zamaskovat dvoj\u00ed selh\u00e1n\u00ed ministerstva. Jedno spo\u010d\u00edv\u00e1 v tom, \u017ee neuzav\u0159elo smlouvy s leteckou z\u00e1chrankou tak, aby slou\u017eily \u00fa\u010delu, to jest tak, \u017ee se garantuje: p\u0159ipravenost [&hellip;]<\/p>\n","protected":false},"author":1,"featured_media":1224,"comment_status":"closed","ping_status":"open","sticky":false,"template":"","format":"standard","meta":{"footnotes":""},"categories":[14],"tags":[],"_links":{"self":[{"href":"https:\/\/www.pacienti.cz\/index.php?rest_route=\/wp\/v2\/posts\/1222"}],"collection":[{"href":"https:\/\/www.pacienti.cz\/index.php?rest_route=\/wp\/v2\/posts"}],"about":[{"href":"https:\/\/www.pacienti.cz\/index.php?rest_route=\/wp\/v2\/types\/post"}],"author":[{"embeddable":true,"href":"https:\/\/www.pacienti.cz\/index.php?rest_route=\/wp\/v2\/users\/1"}],"replies":[{"embeddable":true,"href":"https:\/\/www.pacienti.cz\/index.php?rest_route=%2Fwp%2Fv2%2Fcomments&post=1222"}],"version-history":[{"count":2,"href":"https:\/\/www.pacienti.cz\/index.php?rest_route=\/wp\/v2\/posts\/1222\/revisions"}],"predecessor-version":[{"id":1226,"href":"https:\/\/www.pacienti.cz\/index.php?rest_route=\/wp\/v2\/posts\/1222\/revisions\/1226"}],"wp:featuredmedia":[{"embeddable":true,"href":"https:\/\/www.pacienti.cz\/index.php?rest_route=\/wp\/v2\/media\/1224"}],"wp:attachment":[{"href":"https:\/\/www.pacienti.cz\/index.php?rest_route=%2Fwp%2Fv2%2Fmedia&parent=1222"}],"wp:term":[{"taxonomy":"category","embeddable":true,"href":"https:\/\/www.pacienti.cz\/index.php?rest_route=%2Fwp%2Fv2%2Fcategories&post=1222"},{"taxonomy":"post_tag","embeddable":true,"href":"https:\/\/www.pacienti.cz\/index.php?rest_route=%2Fwp%2Fv2%2Ftags&post=1222"}],"curies":[{"name":"wp","href":"https:\/\/api.w.org\/{rel}","templated":true}]}}