{"id":1228,"date":"2017-04-03T14:17:35","date_gmt":"2017-04-03T12:17:35","guid":{"rendered":"http:\/\/www.pacienti.cz\/?p=1228"},"modified":"2017-05-16T00:03:57","modified_gmt":"2017-05-15T22:03:57","slug":"novy-reditel-sll-janske-lazne-je-jiri-rampouch","status":"publish","type":"post","link":"https:\/\/www.pacienti.cz\/?p=1228","title":{"rendered":"Nov\u00fd \u0159editel SLL Jansk\u00e9 L\u00e1zn\u011b je Ji\u0159\u00ed Rampouch"},"content":{"rendered":"<hr \/>\n<h1><\/h1>\n<h1><strong>Nov\u00fdm \u0159editelem SLL Jansk\u00e9 L\u00e1zn\u011b, s.p. je od 1.4.2017 Ing. Ji\u0159\u00ed <a href=\"https:\/\/www.pacienti.cz\/wp-content\/uploads\/2016\/12\/sll-jansk\u00e9-l\u00e1zn\u011b.jpg\"><img loading=\"lazy\" decoding=\"async\" class=\"size-thumbnail wp-image-1110 alignright\" src=\"https:\/\/www.pacienti.cz\/wp-content\/uploads\/2016\/12\/sll-jansk\u00e9-l\u00e1zn\u011b-150x75.jpg\" alt=\"sll-janske-lazne\" width=\"150\" height=\"75\" \/><\/a>Rampouch<\/strong><\/h1>\n<p>&nbsp;<\/p>\n<p>Ministr Miroslav Ludv\u00edk jmenoval <strong>od 1.4.2017<\/strong> nov\u00e9ho \u0159editele st\u00e1tn\u00edho podniku St\u00e1tn\u00ed l\u00e9\u010debn\u00e9 l\u00e1zn\u011b Jansk\u00e9 L\u00e1zn\u011b <strong>Ing. Ji\u0159\u00edho Rampoucha<\/strong> \u00a0(<span style=\"color: #0000ff;\"><a style=\"color: #0000ff;\" href=\"http:\/\/www.cianews.cz\/cs\/2384045-jiri-rampouch-lazne-bohdanec-rozsiri-nabidku-medical-wellness-clinic\">b\u00fdval\u00e9ho v\u00fdkonn\u00e9ho \u0159editele L\u00e9\u010debn\u00fdch l\u00e1zni Bohdane\u010d<\/a><\/span>).<\/p>\n<p>&nbsp;<\/p>\n<p>Nov\u00fd \u0159editel rovnou vstoupil do kolektivn\u00edho jedn\u00e1n\u00ed o novou Kolektivn\u00ed smlouvu.<\/p>\n<p>&nbsp;<\/p>\n<p>Redakce &#8211;<\/p>\n<p>&nbsp;<\/p>\n<p>&nbsp;<\/p>\n<p>&nbsp;<\/p>\n<p>&nbsp;<\/p>\n","protected":false},"excerpt":{"rendered":"<p>Nov\u00fdm \u0159editelem SLL Jansk\u00e9 L\u00e1zn\u011b, s.p. je od 1.4.2017 Ing. Ji\u0159\u00ed Rampouch &nbsp; Ministr Miroslav Ludv\u00edk jmenoval od 1.4.2017 nov\u00e9ho \u0159editele st\u00e1tn\u00edho podniku St\u00e1tn\u00ed l\u00e9\u010debn\u00e9 l\u00e1zn\u011b Jansk\u00e9 L\u00e1zn\u011b Ing. Ji\u0159\u00edho Rampoucha \u00a0(b\u00fdval\u00e9ho v\u00fdkonn\u00e9ho \u0159editele L\u00e9\u010debn\u00fdch l\u00e1zni Bohdane\u010d). &nbsp; Nov\u00fd \u0159editel rovnou vstoupil do kolektivn\u00edho jedn\u00e1n\u00ed o novou Kolektivn\u00ed smlouvu. &nbsp; Redakce &#8211; &nbsp; &nbsp; &nbsp; [&hellip;]<\/p>\n","protected":false},"author":1,"featured_media":1256,"comment_status":"closed","ping_status":"open","sticky":false,"template":"","format":"standard","meta":{"footnotes":""},"categories":[14],"tags":[],"_links":{"self":[{"href":"https:\/\/www.pacienti.cz\/index.php?rest_route=\/wp\/v2\/posts\/1228"}],"collection":[{"href":"https:\/\/www.pacienti.cz\/index.php?rest_route=\/wp\/v2\/posts"}],"about":[{"href":"https:\/\/www.pacienti.cz\/index.php?rest_route=\/wp\/v2\/types\/post"}],"author":[{"embeddable":true,"href":"https:\/\/www.pacienti.cz\/index.php?rest_route=\/wp\/v2\/users\/1"}],"replies":[{"embeddable":true,"href":"https:\/\/www.pacienti.cz\/index.php?rest_route=%2Fwp%2Fv2%2Fcomments&post=1228"}],"version-history":[{"count":1,"href":"https:\/\/www.pacienti.cz\/index.php?rest_route=\/wp\/v2\/posts\/1228\/revisions"}],"predecessor-version":[{"id":1229,"href":"https:\/\/www.pacienti.cz\/index.php?rest_route=\/wp\/v2\/posts\/1228\/revisions\/1229"}],"wp:featuredmedia":[{"embeddable":true,"href":"https:\/\/www.pacienti.cz\/index.php?rest_route=\/wp\/v2\/media\/1256"}],"wp:attachment":[{"href":"https:\/\/www.pacienti.cz\/index.php?rest_route=%2Fwp%2Fv2%2Fmedia&parent=1228"}],"wp:term":[{"taxonomy":"category","embeddable":true,"href":"https:\/\/www.pacienti.cz\/index.php?rest_route=%2Fwp%2Fv2%2Fcategories&post=1228"},{"taxonomy":"post_tag","embeddable":true,"href":"https:\/\/www.pacienti.cz\/index.php?rest_route=%2Fwp%2Fv2%2Ftags&post=1228"}],"curies":[{"name":"wp","href":"https:\/\/api.w.org\/{rel}","templated":true}]}}