{"id":1323,"date":"2017-07-22T00:01:04","date_gmt":"2017-07-21T22:01:04","guid":{"rendered":"http:\/\/www.pacienti.cz\/?p=1323"},"modified":"2017-07-22T00:12:03","modified_gmt":"2017-07-21T22:12:03","slug":"v-cekarnach-urazovych-nemocnic-lide-mnohdy-cekaji-na-osetreni-i-nekolik-hodin","status":"publish","type":"post","link":"https:\/\/www.pacienti.cz\/?p=1323","title":{"rendered":"V \u010dek\u00e1rn\u00e1ch \u00farazov\u00fdch nemocnic lid\u00e9 mnohdy \u010dekaj\u00ed na o\u0161et\u0159en\u00ed i n\u011bkolik hodin"},"content":{"rendered":"<hr \/>\n<p>&nbsp;<\/p>\n<h1><span style=\"color: #0000ff;\"><strong><a href=\"https:\/\/www.pacienti.cz\/wp-content\/uploads\/2015\/11\/prac.-nemoc.jpg\"><img loading=\"lazy\" decoding=\"async\" class=\"size-full wp-image-569 alignright\" src=\"https:\/\/www.pacienti.cz\/wp-content\/uploads\/2015\/11\/prac.-nemoc.jpg\" alt=\"\" width=\"254\" height=\"180\" \/><\/a><a style=\"color: #0000ff;\" href=\"http:\/\/prima.iprima.cz\/zpravodajstvi\/19-7-2017-zpravy-v-cekarnach-urazovych-nemocnic-lide-mnohdy-cekaji-na-osetreni-i\">V \u010dek\u00e1rn\u00e1ch \u00farazov\u00fdch nemocnic lid\u00e9 mnohdy \u010dekaj\u00ed na o\u0161et\u0159en\u00ed i n\u011bkolik hodin<\/a><\/strong><\/span><\/h1>\n<p>&nbsp;<\/p>\n<p>Praha &#8211; V \u010desk\u00e9m zdravotnictv\u00ed se op\u011bt vrac\u00edme k dostupnosti zdravotn\u00ed p\u00e9\u010de zejm\u00e9na v dob\u011b l\u00e9ta. Mno\u017e\u00ed se \u00farazy, ale traumatologie v nemocnic\u00edch, ale nest\u00edhaj\u00ed o\u0161et\u0159ovatelstv\u00ed zran\u011bn\u00e9 pacienty.<\/p>\n<p>&nbsp;<\/p>\n<p>\u010cek\u00e1n\u00ed na vy\u0161et\u0159en\u00ed n\u011bkdy trv\u00e1 i 5 hodin!!!\u00a0<a href=\"https:\/\/www.pacienti.cz\/wp-content\/uploads\/2017\/05\/hospital-1802679__340.jpg\"><img loading=\"lazy\" decoding=\"async\" class=\"size-full wp-image-1252 alignright\" src=\"https:\/\/www.pacienti.cz\/wp-content\/uploads\/2017\/05\/hospital-1802679__340.jpg\" alt=\"\" width=\"513\" height=\"340\" srcset=\"https:\/\/www.pacienti.cz\/wp-content\/uploads\/2017\/05\/hospital-1802679__340.jpg 513w, https:\/\/www.pacienti.cz\/wp-content\/uploads\/2017\/05\/hospital-1802679__340-300x199.jpg 300w\" sizes=\"(max-width: 513px) 100vw, 513px\" \/><\/a><\/p>\n<p>&nbsp;<\/p>\n<p>Ministerstvo zdravotnictv\u00ed a zdravotn\u00ed poji\u0161\u0165ovny tady selh\u00e1vaj\u00ed v zaji\u0161t\u011bn\u00ed dostupn\u00e9 akutn\u00ed p\u00e9\u010de. Co s t\u00edm ud\u011bl\u00e1 ministr Ludv\u00edk a jeho n\u00e1m\u011bstkyn\u011b Teska Arno\u0161tov\u00e1? Probud\u00ed se a u\u010din\u00ed n\u00e1pravu pro pacienty a da\u0148ov\u00e9ho poplatn\u00edky?<\/p>\n<p>&nbsp;<\/p>\n<p>Lubo\u0161 Olej\u00e1r<\/p>\n<p>prezident<\/p>\n<p>&nbsp;<\/p>\n<p>&nbsp;<\/p>\n<p>&nbsp;<\/p>\n<hr \/>\n<p>&nbsp;<\/p>\n<p><a href=\"https:\/\/www.pacienti.cz\/wp-content\/uploads\/2016\/11\/Ludvik.jpg\"><img loading=\"lazy\" decoding=\"async\" class=\"alignnone size-full wp-image-1097 alignleft\" src=\"https:\/\/www.pacienti.cz\/wp-content\/uploads\/2016\/11\/Ludvik.jpg\" alt=\"\" width=\"300\" height=\"200\" \/><\/a><a href=\"https:\/\/www.pacienti.cz\/wp-content\/uploads\/2015\/11\/EU-1.jpg\"><img loading=\"lazy\" decoding=\"async\" class=\"alignnone wp-image-232 size-full\" src=\"https:\/\/www.pacienti.cz\/wp-content\/uploads\/2015\/11\/EU-1.jpg\" alt=\"\" width=\"120\" height=\"116\" \/><\/a><a href=\"https:\/\/www.pacienti.cz\/wp-content\/uploads\/2016\/03\/arno\u0161tov\u00e1.jpg\"><img loading=\"lazy\" decoding=\"async\" class=\"alignright wp-image-799\" src=\"https:\/\/www.pacienti.cz\/wp-content\/uploads\/2016\/03\/arno\u0161tov\u00e1-150x150.jpg\" alt=\"\" width=\"250\" height=\"283\" srcset=\"https:\/\/www.pacienti.cz\/wp-content\/uploads\/2016\/03\/arno\u0161tov\u00e1-265x300.jpg 265w, https:\/\/www.pacienti.cz\/wp-content\/uploads\/2016\/03\/arno\u0161tov\u00e1.jpg 619w\" sizes=\"(max-width: 250px) 100vw, 250px\" \/><\/a><\/p>\n<p>&nbsp;<\/p>\n<p>&nbsp;<\/p>\n","protected":false},"excerpt":{"rendered":"<p>&nbsp; V \u010dek\u00e1rn\u00e1ch \u00farazov\u00fdch nemocnic lid\u00e9 mnohdy \u010dekaj\u00ed na o\u0161et\u0159en\u00ed i n\u011bkolik hodin &nbsp; Praha &#8211; V \u010desk\u00e9m zdravotnictv\u00ed se op\u011bt vrac\u00edme k dostupnosti zdravotn\u00ed p\u00e9\u010de zejm\u00e9na v dob\u011b l\u00e9ta. Mno\u017e\u00ed se \u00farazy, ale traumatologie v nemocnic\u00edch, ale nest\u00edhaj\u00ed o\u0161et\u0159ovatelstv\u00ed zran\u011bn\u00e9 pacienty. &nbsp; \u010cek\u00e1n\u00ed na vy\u0161et\u0159en\u00ed n\u011bkdy trv\u00e1 i 5 hodin!!!\u00a0 &nbsp; Ministerstvo zdravotnictv\u00ed a [&hellip;]<\/p>\n","protected":false},"author":1,"featured_media":569,"comment_status":"closed","ping_status":"open","sticky":false,"template":"","format":"standard","meta":{"footnotes":""},"categories":[14],"tags":[],"_links":{"self":[{"href":"https:\/\/www.pacienti.cz\/index.php?rest_route=\/wp\/v2\/posts\/1323"}],"collection":[{"href":"https:\/\/www.pacienti.cz\/index.php?rest_route=\/wp\/v2\/posts"}],"about":[{"href":"https:\/\/www.pacienti.cz\/index.php?rest_route=\/wp\/v2\/types\/post"}],"author":[{"embeddable":true,"href":"https:\/\/www.pacienti.cz\/index.php?rest_route=\/wp\/v2\/users\/1"}],"replies":[{"embeddable":true,"href":"https:\/\/www.pacienti.cz\/index.php?rest_route=%2Fwp%2Fv2%2Fcomments&post=1323"}],"version-history":[{"count":4,"href":"https:\/\/www.pacienti.cz\/index.php?rest_route=\/wp\/v2\/posts\/1323\/revisions"}],"predecessor-version":[{"id":1327,"href":"https:\/\/www.pacienti.cz\/index.php?rest_route=\/wp\/v2\/posts\/1323\/revisions\/1327"}],"wp:featuredmedia":[{"embeddable":true,"href":"https:\/\/www.pacienti.cz\/index.php?rest_route=\/wp\/v2\/media\/569"}],"wp:attachment":[{"href":"https:\/\/www.pacienti.cz\/index.php?rest_route=%2Fwp%2Fv2%2Fmedia&parent=1323"}],"wp:term":[{"taxonomy":"category","embeddable":true,"href":"https:\/\/www.pacienti.cz\/index.php?rest_route=%2Fwp%2Fv2%2Fcategories&post=1323"},{"taxonomy":"post_tag","embeddable":true,"href":"https:\/\/www.pacienti.cz\/index.php?rest_route=%2Fwp%2Fv2%2Ftags&post=1323"}],"curies":[{"name":"wp","href":"https:\/\/api.w.org\/{rel}","templated":true}]}}