{"id":1413,"date":"2017-11-22T21:54:13","date_gmt":"2017-11-22T20:54:13","guid":{"rendered":"http:\/\/www.pacienti.cz\/?p=1413"},"modified":"2017-11-22T22:04:35","modified_gmt":"2017-11-22T21:04:35","slug":"vyzva-vlade-cr-zajistete-bezinterferonovou-lecbu-vsem-pacientum-s-chronickou-virovou-hepatitidou-c","status":"publish","type":"post","link":"https:\/\/www.pacienti.cz\/?p=1413","title":{"rendered":"Vyzva Vl\u00e1d\u011b \u010cR:  Zajist\u011bte bezinterferonovou l\u00e9\u010dbu v\u0161em pacient\u016fm s chronickou virovou hepatitidou C"},"content":{"rendered":"<hr \/>\n<p>&nbsp;<\/p>\n<h3><strong>Otev\u0159en\u00fd dopis Vl\u00e1d\u011b \u010cesk\u00e9 republiky<a href=\"https:\/\/www.pacienti.cz\/wp-content\/uploads\/2017\/11\/germ-41366__340.png\"><img loading=\"lazy\" decoding=\"async\" class=\"alignright wp-image-1414 size-thumbnail\" src=\"https:\/\/www.pacienti.cz\/wp-content\/uploads\/2017\/11\/germ-41366__340-150x150.png\" alt=\"\" width=\"150\" height=\"150\" srcset=\"https:\/\/www.pacienti.cz\/wp-content\/uploads\/2017\/11\/germ-41366__340-150x150.png 150w, https:\/\/www.pacienti.cz\/wp-content\/uploads\/2017\/11\/germ-41366__340-144x144.png 144w\" sizes=\"(max-width: 150px) 100vw, 150px\" \/><\/a><\/strong><\/h3>\n<p><strong>\u00a0<\/strong><\/p>\n<p><strong>\u00a0<\/strong><\/p>\n<h1><span style=\"color: #0000ff;\"><strong>Vyz\u00fdv\u00e1me Vl\u00e1du \u010cesk\u00e9 republiky,<\/strong><\/span><\/h1>\n<h1><span style=\"color: #0000ff;\"><strong>zajist\u011bte bezinterferonovou l\u00e9\u010dbu<\/strong><\/span><\/h1>\n<h1><span style=\"color: #0000ff;\"><strong>v\u0161em pacient\u016fm s<\/strong><strong> chronickou virovou hepatitidou C !<\/strong><\/span><\/h1>\n<p><strong>\u00a0<\/strong><\/p>\n<p>&nbsp;<\/p>\n<h3>Svaz pacient\u016f \u010cR se p\u0159ipojuje ke snaze televize Prima, aby v\u0161ichni pacienti <strong>s chronickou virovou hepatitidou C<\/strong> m\u011bli zaji\u0161t\u011bnou zdravotn\u00ed p\u00e9\u010di v\u00a0re\u00e1ln\u00e9 dob\u011b.<\/h3>\n<h3><\/h3>\n<p>&nbsp;<\/p>\n<h3>Vyz\u00fdv\u00e1me Vl\u00e1du \u010cesk\u00e9 republiky, zajist\u011bte v\u00a0souladu s\u00a0\u00dastavou \u010cR\u00a0 <strong>bezinterferonovou l\u00e9\u010dbu, a to v\u0161em pacient\u016fm s<\/strong><strong> chronickou virovou hepatitidou C. <\/strong><\/h3>\n<p>&nbsp;<\/p>\n<h3><a href=\"https:\/\/www.pacienti.cz\/wp-content\/uploads\/2017\/11\/germ-308918__340.png\"><img loading=\"lazy\" decoding=\"async\" class=\"aligncenter wp-image-1415 size-medium\" src=\"https:\/\/www.pacienti.cz\/wp-content\/uploads\/2017\/11\/germ-308918__340-300x286.png\" alt=\"\" width=\"300\" height=\"286\" srcset=\"https:\/\/www.pacienti.cz\/wp-content\/uploads\/2017\/11\/germ-308918__340-300x286.png 300w, https:\/\/www.pacienti.cz\/wp-content\/uploads\/2017\/11\/germ-308918__340.png 357w\" sizes=\"(max-width: 300px) 100vw, 300px\" \/><\/a>Zejm\u00e9na v\u00a0t\u00e9to dob\u011b vyu\u017eijte sv\u00e9ho pr\u00e1va a vydejte Na\u0159\u00edzen\u00ed vl\u00e1dy, kter\u00fdm z\u0159eteln\u011b nastav\u00edte pravidla k\u00a0zaji\u0161t\u011bn\u00ed t\u00e9to p\u00e9\u010de zdravotn\u00edm poji\u0161\u0165ovn\u00e1m, p\u0159\u00edslu\u0161n\u00fdm zdravotnick\u00fdm za\u0159\u00edzen\u00edm a pacient\u016fm tak, aby nejpozd\u011bji do 2 t\u00fddn\u016f pacienti m\u011bli pot\u0159ebnou l\u00e9\u010dbu hrazenou z\u00a0ve\u0159ejn\u00e9ho zdravotn\u00edho poji\u0161t\u011bn\u00ed.<\/h3>\n<h3><\/h3>\n<p>.<\/p>\n<h3><\/h3>\n<h3>Obdobn\u00e9 Na\u0159\u00edzen\u00ed vl\u00e1dy jste ji\u017e vydali ve prosp\u011bch l\u00e9\u010dby pacient\u016f s\u00a0roztrou\u0161enou skler\u00f3zou.<\/h3>\n<p><a href=\"https:\/\/www.pacienti.cz\/wp-content\/uploads\/2017\/11\/germ-575530__340.png\"><img loading=\"lazy\" decoding=\"async\" class=\"alignright wp-image-1416 size-thumbnail\" src=\"https:\/\/www.pacienti.cz\/wp-content\/uploads\/2017\/11\/germ-575530__340-150x150.png\" alt=\"\" width=\"150\" height=\"150\" srcset=\"https:\/\/www.pacienti.cz\/wp-content\/uploads\/2017\/11\/germ-575530__340-150x150.png 150w, https:\/\/www.pacienti.cz\/wp-content\/uploads\/2017\/11\/germ-575530__340-144x144.png 144w\" sizes=\"(max-width: 150px) 100vw, 150px\" \/><\/a><\/p>\n<p>.<\/p>\n<h3><\/h3>\n<h3>Svaz pacient\u016f \u010cR se rozhodl poskytnout pr\u00e1vn\u00ed podporu pacient\u016fm, kte\u0159\u00ed se c\u00edt\u00ed odm\u00edt\u00e1ni ne\u00fastavn\u00edm postupem zdravotn\u00edch poji\u0161\u0165oven a nemocnic pro l\u00e9\u010dbu v\u00a0re\u00e1ln\u00e9m \u010dase a vynutit pro n\u011b dostupnou p\u00e9\u010di i soudn\u00edmi rozhodnut\u00edmi. Na\u0161i pr\u00e1vn\u00edci jsou p\u0159ipraveni k\u00a0zastupov\u00e1n\u00ed i \u010desk\u00fdm st\u00e1tem po\u0161kozen\u00fdch pacient\u016f.<\/h3>\n<h3><\/h3>\n<p>.<\/p>\n<h3><\/h3>\n<h3>Kontaktn\u00ed e-mail pro po\u0161kozen\u00e9 pacienty: <strong><a href=\"mailto:PORADNA@pacienti.cz\">PORADNA@pacienti.cz<\/a><\/strong><\/h3>\n<h3><\/h3>\n<p>.<\/p>\n<p>&nbsp;<\/p>\n<h3>O\u010dek\u00e1v\u00e1me, \u017ee vyd\u00e1te Na\u0159\u00edzen\u00ed vl\u00e1dy ve prosp\u011bch l\u00e9\u010dby pro pacienty s chronickou virovou hepatitidou C, aby se nemocn\u00ed pacienti nemuseli dom\u00e1hat pot\u0159ebn\u00e9 l\u00e9\u010dby u soudu.<\/h3>\n<h3><\/h3>\n<h3>.<\/h3>\n<p>&nbsp;<\/p>\n<h4>Lubo\u0161 Olej\u00e1r, v.r.<\/h4>\n<h4>prezident Svazu pacient\u016f \u010cR<\/h4>\n<p>&nbsp;<\/p>\n<p>&nbsp;<\/p>\n<p>&nbsp;<\/p>\n<p>&nbsp;<\/p>\n<hr \/>\n<p>&nbsp;<\/p>\n<p>&nbsp;<\/p>\n<p>&nbsp;<\/p>\n","protected":false},"excerpt":{"rendered":"<p>&nbsp; Otev\u0159en\u00fd dopis Vl\u00e1d\u011b \u010cesk\u00e9 republiky \u00a0 \u00a0 Vyz\u00fdv\u00e1me Vl\u00e1du \u010cesk\u00e9 republiky, zajist\u011bte bezinterferonovou l\u00e9\u010dbu v\u0161em pacient\u016fm s chronickou virovou hepatitidou C ! \u00a0 &nbsp; Svaz pacient\u016f \u010cR se p\u0159ipojuje ke snaze televize Prima, aby v\u0161ichni pacienti s chronickou virovou hepatitidou C m\u011bli zaji\u0161t\u011bnou zdravotn\u00ed p\u00e9\u010di v\u00a0re\u00e1ln\u00e9 dob\u011b. &nbsp; Vyz\u00fdv\u00e1me Vl\u00e1du \u010cesk\u00e9 republiky, zajist\u011bte v\u00a0souladu [&hellip;]<\/p>\n","protected":false},"author":1,"featured_media":1414,"comment_status":"closed","ping_status":"open","sticky":false,"template":"","format":"standard","meta":{"footnotes":""},"categories":[14],"tags":[],"_links":{"self":[{"href":"https:\/\/www.pacienti.cz\/index.php?rest_route=\/wp\/v2\/posts\/1413"}],"collection":[{"href":"https:\/\/www.pacienti.cz\/index.php?rest_route=\/wp\/v2\/posts"}],"about":[{"href":"https:\/\/www.pacienti.cz\/index.php?rest_route=\/wp\/v2\/types\/post"}],"author":[{"embeddable":true,"href":"https:\/\/www.pacienti.cz\/index.php?rest_route=\/wp\/v2\/users\/1"}],"replies":[{"embeddable":true,"href":"https:\/\/www.pacienti.cz\/index.php?rest_route=%2Fwp%2Fv2%2Fcomments&post=1413"}],"version-history":[{"count":10,"href":"https:\/\/www.pacienti.cz\/index.php?rest_route=\/wp\/v2\/posts\/1413\/revisions"}],"predecessor-version":[{"id":1427,"href":"https:\/\/www.pacienti.cz\/index.php?rest_route=\/wp\/v2\/posts\/1413\/revisions\/1427"}],"wp:featuredmedia":[{"embeddable":true,"href":"https:\/\/www.pacienti.cz\/index.php?rest_route=\/wp\/v2\/media\/1414"}],"wp:attachment":[{"href":"https:\/\/www.pacienti.cz\/index.php?rest_route=%2Fwp%2Fv2%2Fmedia&parent=1413"}],"wp:term":[{"taxonomy":"category","embeddable":true,"href":"https:\/\/www.pacienti.cz\/index.php?rest_route=%2Fwp%2Fv2%2Fcategories&post=1413"},{"taxonomy":"post_tag","embeddable":true,"href":"https:\/\/www.pacienti.cz\/index.php?rest_route=%2Fwp%2Fv2%2Ftags&post=1413"}],"curies":[{"name":"wp","href":"https:\/\/api.w.org\/{rel}","templated":true}]}}