{"id":1456,"date":"2018-01-13T16:00:13","date_gmt":"2018-01-13T15:00:13","guid":{"rendered":"http:\/\/www.pacienti.cz\/?p=1456"},"modified":"2018-03-29T19:17:14","modified_gmt":"2018-03-29T17:17:14","slug":"f-i-s-ch-e-r-podekoval-za-podporu-svazu-pacientu-cr","status":"publish","type":"post","link":"https:\/\/www.pacienti.cz\/?p=1456","title":{"rendered":"FISCHER   pod\u011bkoval za podporu Svazu pacient\u016f \u010cR"},"content":{"rendered":"<hr \/>\n<p>&nbsp;<\/p>\n<h3><strong>Kandid\u00e1t <a href=\"https:\/\/www.pacienti.cz\/wp-content\/uploads\/2018\/01\/7-PavelFisher_Kampan2017cAnnaSolcova.01.jpg\"><img loading=\"lazy\" decoding=\"async\" class=\"alignright wp-image-1457 size-medium\" src=\"https:\/\/www.pacienti.cz\/wp-content\/uploads\/2018\/01\/7-PavelFisher_Kampan2017cAnnaSolcova.01-300x200.jpg\" alt=\"\" width=\"300\" height=\"200\" srcset=\"https:\/\/www.pacienti.cz\/wp-content\/uploads\/2018\/01\/7-PavelFisher_Kampan2017cAnnaSolcova.01-300x200.jpg 300w, https:\/\/www.pacienti.cz\/wp-content\/uploads\/2018\/01\/7-PavelFisher_Kampan2017cAnnaSolcova.01-768x513.jpg 768w, https:\/\/www.pacienti.cz\/wp-content\/uploads\/2018\/01\/7-PavelFisher_Kampan2017cAnnaSolcova.01-1024x684.jpg 1024w, https:\/\/www.pacienti.cz\/wp-content\/uploads\/2018\/01\/7-PavelFisher_Kampan2017cAnnaSolcova.01-900x601.jpg 900w, https:\/\/www.pacienti.cz\/wp-content\/uploads\/2018\/01\/7-PavelFisher_Kampan2017cAnnaSolcova.01.jpg 1600w\" sizes=\"(max-width: 300px) 100vw, 300px\" \/><\/a><\/strong><\/h3>\n<h3><strong>na prezidenta \u010cesk\u00e9 republiky\u00a0 <\/strong><\/h3>\n<p>&nbsp;<\/p>\n<h1><a href=\"https:\/\/www.pavelfischer.cz\/\"><span style=\"color: #ff0000;\"><strong>Pavel Fischer<\/strong> <\/span><\/a><\/h1>\n<h2><\/h2>\n<p>&nbsp;<\/p>\n<h3><strong><span style=\"color: #000080;\">telefonick\u00fd osobn\u011b pod\u011bkoval prezidentu Svazu pacient\u016f \u010cR za volebn\u00ed podporu na Prezidenta \u010cR.<\/span><\/strong><\/h3>\n<h3><\/h3>\n<h3>.<\/h3>\n<h3><\/h3>\n<hr \/>\n<p>&nbsp;<\/p>\n<p><a href=\"https:\/\/www.pacienti.cz\/wp-content\/uploads\/2018\/01\/5-PavelFisher_Kampan2017cAnnaSolcova.03.jpg\"><img loading=\"lazy\" decoding=\"async\" class=\"alignnone size-full wp-image-1458\" src=\"https:\/\/www.pacienti.cz\/wp-content\/uploads\/2018\/01\/5-PavelFisher_Kampan2017cAnnaSolcova.03.jpg\" alt=\"\" width=\"1600\" height=\"1068\" srcset=\"https:\/\/www.pacienti.cz\/wp-content\/uploads\/2018\/01\/5-PavelFisher_Kampan2017cAnnaSolcova.03.jpg 1600w, https:\/\/www.pacienti.cz\/wp-content\/uploads\/2018\/01\/5-PavelFisher_Kampan2017cAnnaSolcova.03-300x200.jpg 300w, https:\/\/www.pacienti.cz\/wp-content\/uploads\/2018\/01\/5-PavelFisher_Kampan2017cAnnaSolcova.03-768x513.jpg 768w, https:\/\/www.pacienti.cz\/wp-content\/uploads\/2018\/01\/5-PavelFisher_Kampan2017cAnnaSolcova.03-1024x684.jpg 1024w, https:\/\/www.pacienti.cz\/wp-content\/uploads\/2018\/01\/5-PavelFisher_Kampan2017cAnnaSolcova.03-900x601.jpg 900w\" sizes=\"(max-width: 1600px) 100vw, 1600px\" \/><\/a><\/p>\n","protected":false},"excerpt":{"rendered":"<p>&nbsp; Kandid\u00e1t na prezidenta \u010cesk\u00e9 republiky\u00a0 &nbsp; Pavel Fischer &nbsp; telefonick\u00fd osobn\u011b pod\u011bkoval prezidentu Svazu pacient\u016f \u010cR za volebn\u00ed podporu na Prezidenta \u010cR. . &nbsp;<\/p>\n","protected":false},"author":1,"featured_media":1495,"comment_status":"closed","ping_status":"open","sticky":false,"template":"","format":"standard","meta":{"footnotes":""},"categories":[14],"tags":[],"_links":{"self":[{"href":"https:\/\/www.pacienti.cz\/index.php?rest_route=\/wp\/v2\/posts\/1456"}],"collection":[{"href":"https:\/\/www.pacienti.cz\/index.php?rest_route=\/wp\/v2\/posts"}],"about":[{"href":"https:\/\/www.pacienti.cz\/index.php?rest_route=\/wp\/v2\/types\/post"}],"author":[{"embeddable":true,"href":"https:\/\/www.pacienti.cz\/index.php?rest_route=\/wp\/v2\/users\/1"}],"replies":[{"embeddable":true,"href":"https:\/\/www.pacienti.cz\/index.php?rest_route=%2Fwp%2Fv2%2Fcomments&post=1456"}],"version-history":[{"count":6,"href":"https:\/\/www.pacienti.cz\/index.php?rest_route=\/wp\/v2\/posts\/1456\/revisions"}],"predecessor-version":[{"id":1494,"href":"https:\/\/www.pacienti.cz\/index.php?rest_route=\/wp\/v2\/posts\/1456\/revisions\/1494"}],"wp:featuredmedia":[{"embeddable":true,"href":"https:\/\/www.pacienti.cz\/index.php?rest_route=\/wp\/v2\/media\/1495"}],"wp:attachment":[{"href":"https:\/\/www.pacienti.cz\/index.php?rest_route=%2Fwp%2Fv2%2Fmedia&parent=1456"}],"wp:term":[{"taxonomy":"category","embeddable":true,"href":"https:\/\/www.pacienti.cz\/index.php?rest_route=%2Fwp%2Fv2%2Fcategories&post=1456"},{"taxonomy":"post_tag","embeddable":true,"href":"https:\/\/www.pacienti.cz\/index.php?rest_route=%2Fwp%2Fv2%2Ftags&post=1456"}],"curies":[{"name":"wp","href":"https:\/\/api.w.org\/{rel}","templated":true}]}}