{"id":1513,"date":"2018-01-22T23:07:25","date_gmt":"2018-01-22T22:07:25","guid":{"rendered":"http:\/\/www.pacienti.cz\/?p=1513"},"modified":"2018-03-29T19:12:50","modified_gmt":"2018-03-29T17:12:50","slug":"jan-mertl-povinne-dvouslozkove-zdravotni-pojisteni-ceskemu-zdravotnictvi-nepomuze","status":"publish","type":"post","link":"https:\/\/www.pacienti.cz\/?p=1513","title":{"rendered":"Jan Mertl: Povinn\u00e9 dvouslo\u017ekov\u00e9 zdravotn\u00ed poji\u0161t\u011bn\u00ed \u010desk\u00e9mu zdravotnictv\u00ed nepom\u016f\u017ee"},"content":{"rendered":"<hr \/>\n<p>&nbsp;<\/p>\n<h1 class=\"entry-title\"><a href=\"http:\/\/www.zdravotnickydenik.cz\/blog\/povinne-dvouslozkove-zdravotni-pojisteni-ceskemu-zdravotnictvi-nepomuze\/\"><strong>Jan Mertl:<\/strong> <span style=\"color: #ff0000;\"><strong>Povinn\u00e9 dvouslo\u017ekov\u00e9 zdravotn\u00ed poji\u0161t\u011bn\u00ed \u010desk\u00e9mu zdravotnictv\u00ed nepom\u016f\u017ee<img loading=\"lazy\" decoding=\"async\" class=\"alignright wp-image-684 size-thumbnail\" src=\"https:\/\/www.pacienti.cz\/wp-content\/uploads\/2015\/12\/balloons-25737_960_720-150x150.png\" alt=\"\" width=\"150\" height=\"150\" srcset=\"https:\/\/www.pacienti.cz\/wp-content\/uploads\/2015\/12\/balloons-25737_960_720-150x150.png 150w, https:\/\/www.pacienti.cz\/wp-content\/uploads\/2015\/12\/balloons-25737_960_720-144x144.png 144w\" sizes=\"(max-width: 150px) 100vw, 150px\" \/><\/strong><\/span><\/a><\/h1>\n<p>&nbsp;<\/p>\n<p>Praha &#8211; Tak nov\u00fd ministr zdravotnictv\u00ed Mgr. Vojt\u011bch, jako pr\u00e1vn\u00edk se sna\u017e\u00ed o lep\u0161\u00ed \u010desk\u00e9 zdravotnictv\u00ed. Za vzor si chce vz\u00edt Holandsko, kde tento syst\u00e9m t\u00e9m\u011b\u0159 nefunguje&#8230;<\/p>\n<p>&nbsp;<\/p>\n<h4><strong>V knize v\u00edt\u011bze voleb Andreje Babi\u0161e, jeho\u017e \u010dlov\u011bk Adam Vojt\u011bch se stal ministrem zdravotnictv\u00ed, se na stran\u011b 77 sn\u00ed o syst\u00e9mu povinn\u00e9ho dvouslo\u017ekov\u00e9ho nomin\u00e1ln\u00edho poji\u0161t\u011bn\u00ed holandsk\u00e9ho typu. Holandsko je jedin\u00e1 zem\u011b, kter\u00e1 tento syst\u00e9m v \u010dist\u00e9 podob\u011b m\u00e1, a jeho efekty jsou nep\u0159esv\u011bd\u010div\u00e9 i tam, nato\u017e p\u0159i p\u0159\u00edpadn\u00e9m p\u0159enosu do \u010desk\u00e9ho prost\u0159ed\u00ed.<\/strong><\/h4>\n<p>&nbsp;<\/p>\n","protected":false},"excerpt":{"rendered":"<p>&nbsp; Jan Mertl: Povinn\u00e9 dvouslo\u017ekov\u00e9 zdravotn\u00ed poji\u0161t\u011bn\u00ed \u010desk\u00e9mu zdravotnictv\u00ed nepom\u016f\u017ee &nbsp; Praha &#8211; Tak nov\u00fd ministr zdravotnictv\u00ed Mgr. Vojt\u011bch, jako pr\u00e1vn\u00edk se sna\u017e\u00ed o lep\u0161\u00ed \u010desk\u00e9 zdravotnictv\u00ed. Za vzor si chce vz\u00edt Holandsko, kde tento syst\u00e9m t\u00e9m\u011b\u0159 nefunguje&#8230; &nbsp; V knize v\u00edt\u011bze voleb Andreje Babi\u0161e, jeho\u017e \u010dlov\u011bk Adam Vojt\u011bch se stal ministrem zdravotnictv\u00ed, se na [&hellip;]<\/p>\n","protected":false},"author":1,"featured_media":684,"comment_status":"closed","ping_status":"open","sticky":false,"template":"","format":"standard","meta":{"footnotes":""},"categories":[14],"tags":[],"_links":{"self":[{"href":"https:\/\/www.pacienti.cz\/index.php?rest_route=\/wp\/v2\/posts\/1513"}],"collection":[{"href":"https:\/\/www.pacienti.cz\/index.php?rest_route=\/wp\/v2\/posts"}],"about":[{"href":"https:\/\/www.pacienti.cz\/index.php?rest_route=\/wp\/v2\/types\/post"}],"author":[{"embeddable":true,"href":"https:\/\/www.pacienti.cz\/index.php?rest_route=\/wp\/v2\/users\/1"}],"replies":[{"embeddable":true,"href":"https:\/\/www.pacienti.cz\/index.php?rest_route=%2Fwp%2Fv2%2Fcomments&post=1513"}],"version-history":[{"count":2,"href":"https:\/\/www.pacienti.cz\/index.php?rest_route=\/wp\/v2\/posts\/1513\/revisions"}],"predecessor-version":[{"id":1538,"href":"https:\/\/www.pacienti.cz\/index.php?rest_route=\/wp\/v2\/posts\/1513\/revisions\/1538"}],"wp:featuredmedia":[{"embeddable":true,"href":"https:\/\/www.pacienti.cz\/index.php?rest_route=\/wp\/v2\/media\/684"}],"wp:attachment":[{"href":"https:\/\/www.pacienti.cz\/index.php?rest_route=%2Fwp%2Fv2%2Fmedia&parent=1513"}],"wp:term":[{"taxonomy":"category","embeddable":true,"href":"https:\/\/www.pacienti.cz\/index.php?rest_route=%2Fwp%2Fv2%2Fcategories&post=1513"},{"taxonomy":"post_tag","embeddable":true,"href":"https:\/\/www.pacienti.cz\/index.php?rest_route=%2Fwp%2Fv2%2Ftags&post=1513"}],"curies":[{"name":"wp","href":"https:\/\/api.w.org\/{rel}","templated":true}]}}