{"id":1515,"date":"2018-01-26T23:18:14","date_gmt":"2018-01-26T22:18:14","guid":{"rendered":"http:\/\/www.pacienti.cz\/?p=1515"},"modified":"2018-03-29T19:11:51","modified_gmt":"2018-03-29T17:11:51","slug":"proc-exreditelka-vrbovska-svym-postupem-poskodila-pacienty","status":"publish","type":"post","link":"https:\/\/www.pacienti.cz\/?p=1515","title":{"rendered":"Pro\u010d ex\u0159editelka Vrbovsk\u00e1 sv\u00fdm postupem po\u0161kodila pacienty?!"},"content":{"rendered":"<hr \/>\n<h3>P\u0159\u00edb\u011bh ze \u017eivota:<a href=\"https:\/\/www.pacienti.cz\/wp-content\/uploads\/2018\/01\/andrea_vrbovska.jpg\"><img loading=\"lazy\" decoding=\"async\" class=\"alignright wp-image-1521 size-thumbnail\" src=\"https:\/\/www.pacienti.cz\/wp-content\/uploads\/2018\/01\/andrea_vrbovska-150x150.jpg\" alt=\"\" width=\"150\" height=\"150\" srcset=\"https:\/\/www.pacienti.cz\/wp-content\/uploads\/2018\/01\/andrea_vrbovska-150x150.jpg 150w, https:\/\/www.pacienti.cz\/wp-content\/uploads\/2018\/01\/andrea_vrbovska-144x144.jpg 144w\" sizes=\"(max-width: 150px) 100vw, 150px\" \/><\/a><\/h3>\n<p>&nbsp;<\/p>\n<h2><span style=\"color: #000000;\"><strong>Jak impulsivn\u00ed a drsn\u00e1 ex\u0159editelka Vrbovsk\u00e1 &#8222;vyhodila dopravni slu\u017ebu ATLAS&#8220; z are\u00e1lu Nemocincie Bulovka&#8220; ani\u017e by domyslela, \u017ee sv\u00fdm postupem hrub\u011b po\u0161kod\u00ed pacienty&#8230;<\/strong><\/span><\/h2>\n<h2><\/h2>\n<h2><span style=\"color: #000080;\"><strong><span style=\"color: #0000ff;\">Svaz pacient\u016f \u010cR schvaluje postup ministra Vojt\u011bcha, kter\u00fd j\u00ed odvolal z funkce.\u00a0<\/span> Jin\u00fd postup ani nelze ud\u011blat!<\/strong><\/span><\/h2>\n<p>&nbsp;<\/p>\n<h3><strong>P\u0159edstavte si, \u017ee jedete sv\u00fdm autem nap\u0159. BMW X5 v are\u00e1lu Nemocnice Bulovka a proti V\u00e1m jede sanitka, kter\u00e1 veze pacienta a \u0159idi\u010d o\u010dek\u00e1v\u00e1, \u017ee civiln\u00ed auto zastav\u00ed po stran\u011b \u00fazk\u00e9 komunikace, aby mohl projet, jako v tis\u00edc\u00edch p\u0159\u00edpadech ve v\u0161ech are\u00e1lech nemocnic se to d\u011bj\u011b.<\/strong><\/h3>\n<p>&nbsp;<\/p>\n<h3><strong>Ale tady najednou BMW X5 nezastavilo, naopak neohro\u017een\u011b jelo d\u00e1l a t\u00edm do\u0161lo ke st\u0159etu bo\u010dn\u00edm n\u00e1razem obou aut&#8230;. <\/strong><\/h3>\n<p>&nbsp;<\/p>\n<p>&nbsp;<\/p>\n<h3><strong><span style=\"color: #ff0000;\">V\u00fdsledek:<\/span> <\/strong><\/h3>\n<h3><strong>1) roz\u010d\u00edlen\u00e1 te\u010f u\u017e ex\u0159editelka zak\u00e1zala vjezd v\u0161ech smluvn\u011b sjednan\u00fdch sanitek fy. ATLAS do are\u00e1lu, proto\u017ee bylo po\u0161kozeno ono BMW X5&#8230;<\/strong><\/h3>\n<h3><\/h3>\n<h3><strong>2) nast\u00e1v\u00e1 tot\u00e1ln\u00ed chaos na odd\u011blen\u00edch nemocnice, proto\u017ee nen\u00ed mo\u017en\u00e9 zajistit dopravn\u00ed slu\u017ebu pro pacienty, kte\u0159\u00ed maj\u00ed \u00fastavn\u00ed pr\u00e1vo na sanitku, pokud je jim l\u00e9ka\u0159em p\u0159edeps\u00e1na&#8230;<\/strong><\/h3>\n<h3><\/h3>\n<h3><strong>3) vlastn\u00ed sanitky nemocnice Bulovka nest\u00edhaj\u00ed odvoz pacient\u016f, ani nem\u016f\u017eou, proto\u017ee je jich v nemocnici \u017ealostn\u011b m\u00e1lo&#8230;<\/strong><\/h3>\n<h3><\/h3>\n<h3><strong>4) nasleduj\u00ed st\u00ed\u017enost\u00ed po\u0161kozen\u00fdch pacient\u016f a\u017e na ministerstvo, a v\u00fdsledek u\u017e zn\u00e1me.<\/strong><\/h3>\n<h3>\u00a0<a href=\"https:\/\/www.pacienti.cz\/wp-content\/uploads\/2018\/01\/ministr-adam-vojtech.jpg\"><img loading=\"lazy\" decoding=\"async\" class=\"size-full wp-image-1524 alignright\" src=\"https:\/\/www.pacienti.cz\/wp-content\/uploads\/2018\/01\/ministr-adam-vojtech.jpg\" alt=\"\" width=\"140\" height=\"180\" \/><\/a><\/h3>\n<blockquote>\n<h3><\/h3>\n<p>&nbsp;<\/p>\n<h1><strong><span style=\"color: #0000ff;\">Adame Vojt\u011bchu, za pacienty tlesk\u00e1me, spr\u00e1vn\u00fd postup&#8230;<\/span><\/strong><\/h1>\n<p>&nbsp;<\/p><\/blockquote>\n<hr \/>\n<p>&nbsp;<\/p>\n<p>&nbsp;<\/p>\n<blockquote>\n<h2><span style=\"color: #000080;\"><strong>Svaz pacient\u016f \u010cR\u00a0 nab\u00edz\u00ed pr\u00e1vn\u00ed pomoc po\u0161kozen\u00fdm pacient\u016fm.<\/strong> <\/span><\/h2>\n<h2><\/h2>\n<h2>Napsat m\u016f\u017eete na <a href=\"mailto:poradna@pacienti.cz\">poradna@pacienti.cz <\/a><\/h2>\n<\/blockquote>\n<h3><\/h3>\n<hr \/>\n<h3><\/h3>\n<h3><strong>Ministr pov\u011b\u0159il Ing. Franti\u0161ka Nov\u00e1ka,<\/strong><\/h3>\n<h3><img loading=\"lazy\" decoding=\"async\" class=\"alignright wp-image-1522 size-thumbnail\" src=\"https:\/\/www.pacienti.cz\/wp-content\/uploads\/2018\/01\/bulovka_frantisek_novak-150x150.jpg\" alt=\"\" width=\"150\" height=\"150\" srcset=\"https:\/\/www.pacienti.cz\/wp-content\/uploads\/2018\/01\/bulovka_frantisek_novak-150x150.jpg 150w, https:\/\/www.pacienti.cz\/wp-content\/uploads\/2018\/01\/bulovka_frantisek_novak-144x144.jpg 144w\" sizes=\"(max-width: 150px) 100vw, 150px\" \/><\/h3>\n<h3><\/h3>\n<h3>provozn\u011b-technick\u00e9ho n\u00e1m\u011bstka\u00a0 \u0159\u00edzen\u00edm nemocnice.<\/h3>\n<p>&nbsp;<\/p>\n<p>&nbsp;<\/p>\n<p>&nbsp;<\/p>\n<p>&nbsp;<\/p>\n<hr \/>\n<p>&nbsp;<\/p>\n","protected":false},"excerpt":{"rendered":"<p>P\u0159\u00edb\u011bh ze \u017eivota: &nbsp; Jak impulsivn\u00ed a drsn\u00e1 ex\u0159editelka Vrbovsk\u00e1 &#8222;vyhodila dopravni slu\u017ebu ATLAS&#8220; z are\u00e1lu Nemocincie Bulovka&#8220; ani\u017e by domyslela, \u017ee sv\u00fdm postupem hrub\u011b po\u0161kod\u00ed pacienty&#8230; Svaz pacient\u016f \u010cR schvaluje postup ministra Vojt\u011bcha, kter\u00fd j\u00ed odvolal z funkce.\u00a0 Jin\u00fd postup ani nelze ud\u011blat! &nbsp; P\u0159edstavte si, \u017ee jedete sv\u00fdm autem nap\u0159. BMW X5 v [&hellip;]<\/p>\n","protected":false},"author":1,"featured_media":1006,"comment_status":"closed","ping_status":"open","sticky":false,"template":"","format":"standard","meta":{"footnotes":""},"categories":[14],"tags":[],"_links":{"self":[{"href":"https:\/\/www.pacienti.cz\/index.php?rest_route=\/wp\/v2\/posts\/1515"}],"collection":[{"href":"https:\/\/www.pacienti.cz\/index.php?rest_route=\/wp\/v2\/posts"}],"about":[{"href":"https:\/\/www.pacienti.cz\/index.php?rest_route=\/wp\/v2\/types\/post"}],"author":[{"embeddable":true,"href":"https:\/\/www.pacienti.cz\/index.php?rest_route=\/wp\/v2\/users\/1"}],"replies":[{"embeddable":true,"href":"https:\/\/www.pacienti.cz\/index.php?rest_route=%2Fwp%2Fv2%2Fcomments&post=1515"}],"version-history":[{"count":8,"href":"https:\/\/www.pacienti.cz\/index.php?rest_route=\/wp\/v2\/posts\/1515\/revisions"}],"predecessor-version":[{"id":1527,"href":"https:\/\/www.pacienti.cz\/index.php?rest_route=\/wp\/v2\/posts\/1515\/revisions\/1527"}],"wp:featuredmedia":[{"embeddable":true,"href":"https:\/\/www.pacienti.cz\/index.php?rest_route=\/wp\/v2\/media\/1006"}],"wp:attachment":[{"href":"https:\/\/www.pacienti.cz\/index.php?rest_route=%2Fwp%2Fv2%2Fmedia&parent=1515"}],"wp:term":[{"taxonomy":"category","embeddable":true,"href":"https:\/\/www.pacienti.cz\/index.php?rest_route=%2Fwp%2Fv2%2Fcategories&post=1515"},{"taxonomy":"post_tag","embeddable":true,"href":"https:\/\/www.pacienti.cz\/index.php?rest_route=%2Fwp%2Fv2%2Ftags&post=1515"}],"curies":[{"name":"wp","href":"https:\/\/api.w.org\/{rel}","templated":true}]}}