{"id":1560,"date":"2018-03-15T15:46:59","date_gmt":"2018-03-15T14:46:59","guid":{"rendered":"http:\/\/www.pacienti.cz\/?p=1560"},"modified":"2018-03-29T18:58:11","modified_gmt":"2018-03-29T16:58:11","slug":"zemrel-ing-josef-mrazek-viceprezident-svazu-pacientu-cr","status":"publish","type":"post","link":"https:\/\/www.pacienti.cz\/?p=1560","title":{"rendered":"Zem\u0159el Ing. Josef Mr\u00e1zek, viceprezident Svazu pacient\u016f \u010cR"},"content":{"rendered":"<hr \/>\n<h1><a href=\"https:\/\/www.pacienti.cz\/wp-content\/uploads\/2015\/11\/mrazek2m.jpg\"><img loading=\"lazy\" decoding=\"async\" class=\"alignleft wp-image-183 size-full\" src=\"https:\/\/www.pacienti.cz\/wp-content\/uploads\/2015\/11\/mrazek2m.jpg\" alt=\"\" width=\"139\" height=\"169\" \/><\/a><\/h1>\n<h1><strong>Dnes v noci ne\u010dekan\u011b zem\u0159el <\/strong><\/h1>\n<h1>ve v\u011bku 89 let<\/h1>\n<h1><strong>Ing. Josef Mr\u00e1zek, CSc.<\/strong><\/h1>\n<h1><strong>viceprezident Svazu pacient\u016f \u010cR<\/strong><\/h1>\n<p>&nbsp;<\/p>\n<h3><span style=\"color: #ff0000;\"><strong>Zakladatel Svazu pacient\u016f \u010cesk\u00e9 republiky<\/strong><\/span><\/h3>\n<p>&nbsp;<\/p>\n<h4><strong>Je\u0161t\u011b p\u0159ed t\u00fddnem na zased\u00e1n\u00ed Gr\u00e9mia Svazu pacient\u016f \u010cR byl vit\u00e1ln\u00ed a aktivn\u00ed v diskusi k t\u00e9matu o zaveden\u00ed p\u0159ipoji\u0161t\u011bn\u00ed ve zdravotnictv\u00ed, kde argumentoval proti zav\u00e1d\u011bn\u00ed p\u0159ipoji\u0161t\u011bn\u00ed, proto\u017ee to pak prodra\u017e\u00ed ty prost\u0159edky nebo \u00fakony, kter\u00e9 nebudou ve ve\u0159ejn\u00e9m syst\u00e9mu poji\u0161t\u011bn\u00ed&#8230; <span style=\"color: #ff0000;\">a doplat\u00ed na to jen a jen pacienti a jejich pen\u011b\u017eenky.<\/span><br \/>\n<\/strong><\/h4>\n<p>&nbsp;<\/p>\n<h4><\/h4>\n<h4><strong>Jsme zarmoucen\u00ed z n\u00e1hl\u00e9ho skonu vynikaj\u00edc\u00edho \u010dlov\u011bka, pedagoga, v\u011bdce a experta na zdravotnictv\u00ed a hospod\u00e1rn\u00e9 nakl\u00e1d\u00e1n\u00ed s ve\u0159ejn\u00fdmi prost\u0159edky n\u00e1s v\u0161ech ob\u010dan\u016f.<\/strong><\/h4>\n<h4><\/h4>\n<p>&nbsp;<\/p>\n<h4><\/h4>\n<h2 style=\"text-align: center;\"><span style=\"color: #000080;\"><strong>Vzpom\u00edn\u00e1me na n\u011bj s \u00factou <\/strong><\/span><\/h2>\n<h2 style=\"text-align: center;\"><span style=\"color: #000080;\"><strong>a kondolujeme jeho man\u017eelce, d\u011btem a cel\u00e9 rodin\u011b up\u0159\u00edmnou soustrast.<\/strong><\/span><\/h2>\n<p>&nbsp;<\/p>\n<h3><span style=\"color: #ff0000;\"><strong>\u010cest jeho pam\u00e1tce!<\/strong><\/span><\/h3>\n<p>&nbsp;<\/p>\n<p><img loading=\"lazy\" decoding=\"async\" class=\"wp-image-1563 aligncenter\" src=\"https:\/\/www.pacienti.cz\/wp-content\/uploads\/2018\/03\/sv\u00ed\u010dka__480.jpg\" alt=\"\" width=\"446\" height=\"297\" srcset=\"https:\/\/www.pacienti.cz\/wp-content\/uploads\/2018\/03\/sv\u00ed\u010dka__480.jpg 720w, https:\/\/www.pacienti.cz\/wp-content\/uploads\/2018\/03\/sv\u00ed\u010dka__480-300x200.jpg 300w\" sizes=\"(max-width: 446px) 100vw, 446px\" \/><\/p>\n<p><img loading=\"lazy\" decoding=\"async\" class=\"wp-image-191 size-full aligncenter\" src=\"https:\/\/www.pacienti.cz\/wp-content\/uploads\/2015\/11\/mrazek_sm_1.jpg\" alt=\"\" width=\"148\" height=\"150\" \/><img loading=\"lazy\" decoding=\"async\" class=\"wp-image-162 size-full aligncenter\" src=\"https:\/\/www.pacienti.cz\/wp-content\/uploads\/2015\/11\/mrazek1.jpg\" alt=\"\" width=\"137\" height=\"130\" \/><\/p>\n<p>&nbsp;<\/p>\n<p>&nbsp;<\/p>\n<p>&nbsp;<\/p>\n<p>&nbsp;<\/p>\n","protected":false},"excerpt":{"rendered":"<p>Dnes v noci ne\u010dekan\u011b zem\u0159el ve v\u011bku 89 let Ing. Josef Mr\u00e1zek, CSc. viceprezident Svazu pacient\u016f \u010cR &nbsp; Zakladatel Svazu pacient\u016f \u010cesk\u00e9 republiky &nbsp; Je\u0161t\u011b p\u0159ed t\u00fddnem na zased\u00e1n\u00ed Gr\u00e9mia Svazu pacient\u016f \u010cR byl vit\u00e1ln\u00ed a aktivn\u00ed v diskusi k t\u00e9matu o zaveden\u00ed p\u0159ipoji\u0161t\u011bn\u00ed ve zdravotnictv\u00ed, kde argumentoval proti zav\u00e1d\u011bn\u00ed p\u0159ipoji\u0161t\u011bn\u00ed, proto\u017ee to pak prodra\u017e\u00ed [&hellip;]<\/p>\n","protected":false},"author":1,"featured_media":183,"comment_status":"closed","ping_status":"open","sticky":false,"template":"","format":"standard","meta":{"footnotes":""},"categories":[14],"tags":[],"_links":{"self":[{"href":"https:\/\/www.pacienti.cz\/index.php?rest_route=\/wp\/v2\/posts\/1560"}],"collection":[{"href":"https:\/\/www.pacienti.cz\/index.php?rest_route=\/wp\/v2\/posts"}],"about":[{"href":"https:\/\/www.pacienti.cz\/index.php?rest_route=\/wp\/v2\/types\/post"}],"author":[{"embeddable":true,"href":"https:\/\/www.pacienti.cz\/index.php?rest_route=\/wp\/v2\/users\/1"}],"replies":[{"embeddable":true,"href":"https:\/\/www.pacienti.cz\/index.php?rest_route=%2Fwp%2Fv2%2Fcomments&post=1560"}],"version-history":[{"count":9,"href":"https:\/\/www.pacienti.cz\/index.php?rest_route=\/wp\/v2\/posts\/1560\/revisions"}],"predecessor-version":[{"id":1570,"href":"https:\/\/www.pacienti.cz\/index.php?rest_route=\/wp\/v2\/posts\/1560\/revisions\/1570"}],"wp:featuredmedia":[{"embeddable":true,"href":"https:\/\/www.pacienti.cz\/index.php?rest_route=\/wp\/v2\/media\/183"}],"wp:attachment":[{"href":"https:\/\/www.pacienti.cz\/index.php?rest_route=%2Fwp%2Fv2%2Fmedia&parent=1560"}],"wp:term":[{"taxonomy":"category","embeddable":true,"href":"https:\/\/www.pacienti.cz\/index.php?rest_route=%2Fwp%2Fv2%2Fcategories&post=1560"},{"taxonomy":"post_tag","embeddable":true,"href":"https:\/\/www.pacienti.cz\/index.php?rest_route=%2Fwp%2Fv2%2Ftags&post=1560"}],"curies":[{"name":"wp","href":"https:\/\/api.w.org\/{rel}","templated":true}]}}