{"id":1647,"date":"2018-04-09T00:50:11","date_gmt":"2018-04-08T22:50:11","guid":{"rendered":"http:\/\/www.pacienti.cz\/?p=1647"},"modified":"2018-04-09T00:50:11","modified_gmt":"2018-04-08T22:50:11","slug":"sto-dni-adama-vojtecha-ministr-bilancoval-a-predstavil-sve-dalsi-plany","status":"publish","type":"post","link":"https:\/\/www.pacienti.cz\/?p=1647","title":{"rendered":"Sto dn\u00ed Adama Vojt\u011bcha: Ministr bilancoval a p\u0159edstavil sv\u00e9 dal\u0161\u00ed pl\u00e1ny"},"content":{"rendered":"<hr \/>\n<p>&nbsp;<\/p>\n<p>&nbsp;<\/p>\n<h1 class=\"entry-title\"><strong>Sto dn\u00ed Adama Vojt\u011bcha: <a href=\"https:\/\/www.pacienti.cz\/wp-content\/uploads\/2018\/01\/ministr-adam-vojtech.jpg\"><img loading=\"lazy\" decoding=\"async\" class=\"alignright wp-image-1524 size-full\" src=\"https:\/\/www.pacienti.cz\/wp-content\/uploads\/2018\/01\/ministr-adam-vojtech.jpg\" alt=\"\" width=\"140\" height=\"180\" \/><\/a><\/strong><\/h1>\n<h1 class=\"entry-title\"><\/h1>\n<h1 class=\"entry-title\"><strong><span style=\"color: #0000ff;\"><a style=\"color: #0000ff;\" href=\"http:\/\/www.zdravotnickydenik.cz\/2018\/04\/sto-dni-adama-vojtecha-ministr-bilancoval-predstavil-sve-dalsi-plany\/\">Ministr bilancoval a p\u0159edstavil sv\u00e9 dal\u0161\u00ed pl\u00e1ny<\/a><\/span><\/strong><\/h1>\n<p>&nbsp;<\/p>\n<p>&nbsp;<\/p>\n<p>&nbsp;<\/p>\n","protected":false},"excerpt":{"rendered":"<p>&nbsp; &nbsp; Sto dn\u00ed Adama Vojt\u011bcha: Ministr bilancoval a p\u0159edstavil sv\u00e9 dal\u0161\u00ed pl\u00e1ny &nbsp; &nbsp; &nbsp;<\/p>\n","protected":false},"author":1,"featured_media":1524,"comment_status":"closed","ping_status":"open","sticky":false,"template":"","format":"standard","meta":{"footnotes":""},"categories":[14],"tags":[],"_links":{"self":[{"href":"https:\/\/www.pacienti.cz\/index.php?rest_route=\/wp\/v2\/posts\/1647"}],"collection":[{"href":"https:\/\/www.pacienti.cz\/index.php?rest_route=\/wp\/v2\/posts"}],"about":[{"href":"https:\/\/www.pacienti.cz\/index.php?rest_route=\/wp\/v2\/types\/post"}],"author":[{"embeddable":true,"href":"https:\/\/www.pacienti.cz\/index.php?rest_route=\/wp\/v2\/users\/1"}],"replies":[{"embeddable":true,"href":"https:\/\/www.pacienti.cz\/index.php?rest_route=%2Fwp%2Fv2%2Fcomments&post=1647"}],"version-history":[{"count":1,"href":"https:\/\/www.pacienti.cz\/index.php?rest_route=\/wp\/v2\/posts\/1647\/revisions"}],"predecessor-version":[{"id":1648,"href":"https:\/\/www.pacienti.cz\/index.php?rest_route=\/wp\/v2\/posts\/1647\/revisions\/1648"}],"wp:featuredmedia":[{"embeddable":true,"href":"https:\/\/www.pacienti.cz\/index.php?rest_route=\/wp\/v2\/media\/1524"}],"wp:attachment":[{"href":"https:\/\/www.pacienti.cz\/index.php?rest_route=%2Fwp%2Fv2%2Fmedia&parent=1647"}],"wp:term":[{"taxonomy":"category","embeddable":true,"href":"https:\/\/www.pacienti.cz\/index.php?rest_route=%2Fwp%2Fv2%2Fcategories&post=1647"},{"taxonomy":"post_tag","embeddable":true,"href":"https:\/\/www.pacienti.cz\/index.php?rest_route=%2Fwp%2Fv2%2Ftags&post=1647"}],"curies":[{"name":"wp","href":"https:\/\/api.w.org\/{rel}","templated":true}]}}