{"id":1673,"date":"2018-05-27T22:34:00","date_gmt":"2018-05-27T20:34:00","guid":{"rendered":"http:\/\/www.pacienti.cz\/?p=1673"},"modified":"2018-06-25T10:02:25","modified_gmt":"2018-06-25T08:02:25","slug":"us-se-zastal-handicapovaneho-chlapce-usilujiciho-o-odskodne","status":"publish","type":"post","link":"https:\/\/www.pacienti.cz\/?p=1673","title":{"rendered":"\u00daS se zastal handicapovan\u00e9ho chlapce usiluj\u00edc\u00edho o od\u0161kodn\u00e9"},"content":{"rendered":"<hr \/>\n<p>&nbsp;<\/p>\n<p>&nbsp;<\/p>\n<h1 class=\"shows_playlist-item-title\"><strong><span style=\"color: #0000ff;\"><a style=\"color: #0000ff;\" href=\"http:\/\/www.ceskatelevize.cz\/porady\/1097181328-udalosti\/218411000100524\/video\/622174\" rel=\"nofollow\">\u00daS se zastal handicapovan\u00e9ho chlapce usiluj\u00edc\u00edho o od\u0161kodn\u00e9<\/a><\/span><\/strong><\/h1>\n<h1 class=\"shows_playlist-item-title\"><strong><a href=\"http:\/\/paksvehelka.cz\/sluzba\/zdravotnicke-pravo\"><img loading=\"lazy\" decoding=\"async\" class=\"wp-image-1675 alignright\" src=\"https:\/\/www.pacienti.cz\/wp-content\/uploads\/2018\/05\/logo_pak.jpg\" alt=\"\" width=\"322\" height=\"63\" srcset=\"https:\/\/www.pacienti.cz\/wp-content\/uploads\/2018\/05\/logo_pak.jpg 332w, https:\/\/www.pacienti.cz\/wp-content\/uploads\/2018\/05\/logo_pak-300x59.jpg 300w\" sizes=\"(max-width: 322px) 100vw, 322px\" \/><\/a><\/strong><\/h1>\n<p>&nbsp;<\/p>\n<div class=\"gmail_default\" style=\"font-family: arial,helvetica,sans-serif; color: #000000;\"><a href=\"https:\/\/www.pacienti.cz\/wp-content\/uploads\/2016\/05\/pak1.jpg\"><br \/>\n<\/a><\/div>\n<div class=\"gmail_default\" style=\"font-family: arial,helvetica,sans-serif; color: #000000;\"><\/div>\n<div dir=\"ltr\">\n<h3 class=\"gmail_default\" style=\"font-family: arial,helvetica,sans-serif; color: #000000;\">Dne 23. kv\u011btna\u00a0 2018 byl vyhl\u00e1\u0161en <a href=\"http:\/\/paksvehelka.cz\/nas-tym\"><img loading=\"lazy\" decoding=\"async\" class=\"alignright wp-image-933 size-medium\" src=\"https:\/\/www.pacienti.cz\/wp-content\/uploads\/2016\/05\/pak1-300x183.jpg\" alt=\"\" width=\"300\" height=\"183\" srcset=\"https:\/\/www.pacienti.cz\/wp-content\/uploads\/2016\/05\/pak1-300x183.jpg 300w, https:\/\/www.pacienti.cz\/wp-content\/uploads\/2016\/05\/pak1.jpg 306w\" sizes=\"(max-width: 300px) 100vw, 300px\" \/><\/a>n\u00e1lez \u00dastavn\u00edho soudu \u010cR, kter\u00fd z\u00e1sadn\u011b posiluje pr\u00e1va pacient\u016f. Stalo se tak na z\u00e1klad\u011b podan\u00e9 \u00fastavn\u00ed st\u00ed\u017enosti Advok\u00e1tn\u00ed kancel\u00e1\u0159\u00ed JUDr. Pak &amp; Mgr. \u0160vehelka.<\/h3>\n<p>&nbsp;<\/p>\n<h3 class=\"gmail_default\" style=\"font-family: arial,helvetica,sans-serif; color: #000000;\">Zpr\u00e1vu p\u0159inesla \u010cesk\u00e1 televize v po\u0159adu Ud\u00e1losti dne 24.5.2018\u00a0 N\u00e1lez je\u00a0 na webu \u00dastavn\u00edho soudu.<\/h3>\n<p>&nbsp;<\/p>\n<h3 class=\"gmail_default\" style=\"font-family: arial,helvetica,sans-serif; color: #000000;\">Podstata je v tom, \u017ee v ur\u010dit\u00fdch p\u0159\u00edpadech, pokud nap\u0159. zdravotnick\u00e9 za\u0159\u00edzen\u00ed (nap\u0159. nemocnice) odm\u00edtne vydat zdravotnickou dokumentaci, \u010di ji ztrat\u00ed, je povinno prok\u00e1zat, \u017ee po\u0161kozen\u00ed na zdrav\u00ed pacienta nezavinila. (za norm\u00e1ln\u00edch okolnost\u00ed naopak pacient mus\u00ed prokazovat, \u017ee to nemocnice zavinila.)<\/h3>\n<p>&nbsp;<\/p>\n<\/div>\n<h3 class=\"gmail_default\" style=\"font-family: arial,helvetica,sans-serif; color: #000000;\"><span style=\"color: #000080;\"><strong><a style=\"color: #000080;\" href=\"http:\/\/paksvehelka.cz\/kontakt\">AK JUDr. Pak &amp; \u0160vehelka<\/a><\/strong><\/span> dlouh\u00e1 l\u00e9ta spolupracuje se Svazem pacient\u016f \u010cR a pom\u00edh\u00e1 tak pacient\u016fm v boji za od\u0161kodn\u00e9&#8230;<\/h3>\n<div class=\"gmail_default\" style=\"font-family: arial,helvetica,sans-serif; color: #000000;\"><\/div>\n<div class=\"gmail_default\" style=\"font-family: arial,helvetica,sans-serif; color: #000000;\"><\/div>\n<div class=\"gmail_default\" style=\"font-family: arial,helvetica,sans-serif; color: #000000;\"><a href=\"https:\/\/www.pacienti.cz\/wp-content\/uploads\/2016\/05\/hospital-908436_960_720.png\"><img loading=\"lazy\" decoding=\"async\" class=\"alignnone size-full wp-image-926\" src=\"https:\/\/www.pacienti.cz\/wp-content\/uploads\/2016\/05\/hospital-908436_960_720.png\" alt=\"\" width=\"960\" height=\"720\" srcset=\"https:\/\/www.pacienti.cz\/wp-content\/uploads\/2016\/05\/hospital-908436_960_720.png 960w, https:\/\/www.pacienti.cz\/wp-content\/uploads\/2016\/05\/hospital-908436_960_720-300x225.png 300w, https:\/\/www.pacienti.cz\/wp-content\/uploads\/2016\/05\/hospital-908436_960_720-768x576.png 768w, https:\/\/www.pacienti.cz\/wp-content\/uploads\/2016\/05\/hospital-908436_960_720-900x675.png 900w\" sizes=\"(max-width: 960px) 100vw, 960px\" \/><\/a><\/div>\n","protected":false},"excerpt":{"rendered":"<p>&nbsp; &nbsp; \u00daS se zastal handicapovan\u00e9ho chlapce usiluj\u00edc\u00edho o od\u0161kodn\u00e9 &nbsp; Dne 23. kv\u011btna\u00a0 2018 byl vyhl\u00e1\u0161en n\u00e1lez \u00dastavn\u00edho soudu \u010cR, kter\u00fd z\u00e1sadn\u011b posiluje pr\u00e1va pacient\u016f. Stalo se tak na z\u00e1klad\u011b podan\u00e9 \u00fastavn\u00ed st\u00ed\u017enosti Advok\u00e1tn\u00ed kancel\u00e1\u0159\u00ed JUDr. Pak &amp; Mgr. \u0160vehelka. &nbsp; Zpr\u00e1vu p\u0159inesla \u010cesk\u00e1 televize v po\u0159adu Ud\u00e1losti dne 24.5.2018\u00a0 N\u00e1lez je\u00a0 na webu [&hellip;]<\/p>\n","protected":false},"author":1,"featured_media":1675,"comment_status":"closed","ping_status":"open","sticky":false,"template":"","format":"standard","meta":{"footnotes":""},"categories":[14],"tags":[],"_links":{"self":[{"href":"https:\/\/www.pacienti.cz\/index.php?rest_route=\/wp\/v2\/posts\/1673"}],"collection":[{"href":"https:\/\/www.pacienti.cz\/index.php?rest_route=\/wp\/v2\/posts"}],"about":[{"href":"https:\/\/www.pacienti.cz\/index.php?rest_route=\/wp\/v2\/types\/post"}],"author":[{"embeddable":true,"href":"https:\/\/www.pacienti.cz\/index.php?rest_route=\/wp\/v2\/users\/1"}],"replies":[{"embeddable":true,"href":"https:\/\/www.pacienti.cz\/index.php?rest_route=%2Fwp%2Fv2%2Fcomments&post=1673"}],"version-history":[{"count":12,"href":"https:\/\/www.pacienti.cz\/index.php?rest_route=\/wp\/v2\/posts\/1673\/revisions"}],"predecessor-version":[{"id":1690,"href":"https:\/\/www.pacienti.cz\/index.php?rest_route=\/wp\/v2\/posts\/1673\/revisions\/1690"}],"wp:featuredmedia":[{"embeddable":true,"href":"https:\/\/www.pacienti.cz\/index.php?rest_route=\/wp\/v2\/media\/1675"}],"wp:attachment":[{"href":"https:\/\/www.pacienti.cz\/index.php?rest_route=%2Fwp%2Fv2%2Fmedia&parent=1673"}],"wp:term":[{"taxonomy":"category","embeddable":true,"href":"https:\/\/www.pacienti.cz\/index.php?rest_route=%2Fwp%2Fv2%2Fcategories&post=1673"},{"taxonomy":"post_tag","embeddable":true,"href":"https:\/\/www.pacienti.cz\/index.php?rest_route=%2Fwp%2Fv2%2Ftags&post=1673"}],"curies":[{"name":"wp","href":"https:\/\/api.w.org\/{rel}","templated":true}]}}