{"id":1705,"date":"2018-08-17T12:42:01","date_gmt":"2018-08-17T10:42:01","guid":{"rendered":"http:\/\/www.pacienti.cz\/?p=1705"},"modified":"2018-08-17T12:46:08","modified_gmt":"2018-08-17T10:46:08","slug":"ministerstvo-schvalilo-prvni-tri-dotace-zubarum-v-odlehlych-oblastech","status":"publish","type":"post","link":"https:\/\/www.pacienti.cz\/?p=1705","title":{"rendered":"Ministerstvo schv\u00e1lilo prvn\u00ed t\u0159i dotace zuba\u0159\u016fm v odlehl\u00fdch oblastech"},"content":{"rendered":"<hr \/>\n<p>&nbsp;<\/p>\n<h1><strong>Ministerstvo schv\u00e1lilo prvn\u00ed t\u0159i dotace zuba\u0159\u016fm v <a href=\"https:\/\/www.pacienti.cz\/wp-content\/uploads\/2017\/03\/zubn\u00ed-o\u0161et\u0159en\u00ed-1514692__180.jpg\"><img loading=\"lazy\" decoding=\"async\" class=\"size-full wp-image-1201 alignright\" src=\"https:\/\/www.pacienti.cz\/wp-content\/uploads\/2017\/03\/zubn\u00ed-o\u0161et\u0159en\u00ed-1514692__180.jpg\" alt=\"\" width=\"270\" height=\"180\" \/><\/a>odlehl\u00fdch oblastech<\/strong><\/h1>\n<p>&nbsp;<\/p>\n<p><em>Ministerstvo zdravotnictv\u00ed v \u010dele s ministrem Adamem Vojt\u011bchem schv\u00e1lilo od 1.8.2018 dotace z dota\u010dn\u00edho programu pro zubn\u00ed l\u00e9ka\u0159e v oblastech s omezenou dostupnost\u00ed zdravotn\u00edch slu\u017eeb. V\u0161ichni t\u0159i \u017eadatel\u00e9, kte\u0159\u00ed v\u010das doru\u010dili \u017e\u00e1dost a splnili po\u017eadovan\u00e1 krit\u00e9ria dotace jim byla ud\u011blena.<\/em><\/p>\n<p>&nbsp;<\/p>\n<h1><span style=\"color: #0000ff;\"><strong><a style=\"color: #0000ff;\" href=\"https:\/\/www.tribune.cz\/clanek\/43600-ministerstvo-schvalilo-prvni-tri-dotace-zubarum-v-odlehlych-oblastech\">Cel\u00fd \u010dl\u00e1nek zde:<\/a> <\/strong><\/span><\/h1>\n<p>&nbsp;<\/p>\n<p>&nbsp;<\/p>\n<p>&nbsp;<\/p>\n","protected":false},"excerpt":{"rendered":"<p>&nbsp; Ministerstvo schv\u00e1lilo prvn\u00ed t\u0159i dotace zuba\u0159\u016fm v odlehl\u00fdch oblastech &nbsp; Ministerstvo zdravotnictv\u00ed v \u010dele s ministrem Adamem Vojt\u011bchem schv\u00e1lilo od 1.8.2018 dotace z dota\u010dn\u00edho programu pro zubn\u00ed l\u00e9ka\u0159e v oblastech s omezenou dostupnost\u00ed zdravotn\u00edch slu\u017eeb. V\u0161ichni t\u0159i \u017eadatel\u00e9, kte\u0159\u00ed v\u010das doru\u010dili \u017e\u00e1dost a splnili po\u017eadovan\u00e1 krit\u00e9ria dotace jim byla ud\u011blena. &nbsp; Cel\u00fd \u010dl\u00e1nek zde: [&hellip;]<\/p>\n","protected":false},"author":1,"featured_media":1150,"comment_status":"closed","ping_status":"open","sticky":false,"template":"","format":"standard","meta":{"footnotes":""},"categories":[14],"tags":[],"_links":{"self":[{"href":"https:\/\/www.pacienti.cz\/index.php?rest_route=\/wp\/v2\/posts\/1705"}],"collection":[{"href":"https:\/\/www.pacienti.cz\/index.php?rest_route=\/wp\/v2\/posts"}],"about":[{"href":"https:\/\/www.pacienti.cz\/index.php?rest_route=\/wp\/v2\/types\/post"}],"author":[{"embeddable":true,"href":"https:\/\/www.pacienti.cz\/index.php?rest_route=\/wp\/v2\/users\/1"}],"replies":[{"embeddable":true,"href":"https:\/\/www.pacienti.cz\/index.php?rest_route=%2Fwp%2Fv2%2Fcomments&post=1705"}],"version-history":[{"count":4,"href":"https:\/\/www.pacienti.cz\/index.php?rest_route=\/wp\/v2\/posts\/1705\/revisions"}],"predecessor-version":[{"id":1709,"href":"https:\/\/www.pacienti.cz\/index.php?rest_route=\/wp\/v2\/posts\/1705\/revisions\/1709"}],"wp:featuredmedia":[{"embeddable":true,"href":"https:\/\/www.pacienti.cz\/index.php?rest_route=\/wp\/v2\/media\/1150"}],"wp:attachment":[{"href":"https:\/\/www.pacienti.cz\/index.php?rest_route=%2Fwp%2Fv2%2Fmedia&parent=1705"}],"wp:term":[{"taxonomy":"category","embeddable":true,"href":"https:\/\/www.pacienti.cz\/index.php?rest_route=%2Fwp%2Fv2%2Fcategories&post=1705"},{"taxonomy":"post_tag","embeddable":true,"href":"https:\/\/www.pacienti.cz\/index.php?rest_route=%2Fwp%2Fv2%2Ftags&post=1705"}],"curies":[{"name":"wp","href":"https:\/\/api.w.org\/{rel}","templated":true}]}}