{"id":1879,"date":"2019-01-29T17:40:42","date_gmt":"2019-01-29T16:40:42","guid":{"rendered":"http:\/\/www.pacienti.cz\/?p=1879"},"modified":"2019-02-12T12:08:59","modified_gmt":"2019-02-12T11:08:59","slug":"setkani-s-ministrem-zdravotnictvi-adamem-vojtechem","status":"publish","type":"post","link":"https:\/\/www.pacienti.cz\/?p=1879","title":{"rendered":"Setk\u00e1n\u00ed s ministrem zdravotnictv\u00ed Adamem Vojt\u011bchem"},"content":{"rendered":"<hr \/>\n<p>&nbsp;<\/p>\n<h1><span style=\"color: #ff0000;\"><strong><span style=\"color: #000080;\">Setk\u00e1n\u00ed ministra zdravotnictv\u00ed Adama Vojt\u011bcha<\/span> <img loading=\"lazy\" decoding=\"async\" class=\"alignright wp-image-1939 size-medium\" src=\"https:\/\/www.pacienti.cz\/wp-content\/uploads\/2019\/01\/setkani-s-ministrem-zdraviotnictvi3_2018.12.13-300x169.jpg\" alt=\"\" width=\"300\" height=\"169\" srcset=\"https:\/\/www.pacienti.cz\/wp-content\/uploads\/2019\/01\/setkani-s-ministrem-zdraviotnictvi3_2018.12.13-300x169.jpg 300w, https:\/\/www.pacienti.cz\/wp-content\/uploads\/2019\/01\/setkani-s-ministrem-zdraviotnictvi3_2018.12.13-768x432.jpg 768w, https:\/\/www.pacienti.cz\/wp-content\/uploads\/2019\/01\/setkani-s-ministrem-zdraviotnictvi3_2018.12.13-900x506.jpg 900w, https:\/\/www.pacienti.cz\/wp-content\/uploads\/2019\/01\/setkani-s-ministrem-zdraviotnictvi3_2018.12.13.jpg 1000w\" sizes=\"(max-width: 300px) 100vw, 300px\" \/><\/strong><\/span><\/h1>\n<h1><span style=\"color: #ff0000;\"><strong>s viceprezidentkou Svazu pacient\u016f \u010cR <\/strong><\/span><\/h1>\n<h1><span style=\"color: #ff0000;\"><strong>Libu\u0161i Pe\u0161lovou<br \/>\n<\/strong><\/span><\/h1>\n<p><strong>\u00a0<\/strong><\/p>\n<p>&nbsp;<\/p>\n<p>TISKOV\u00c1 ZPR\u00c1VA \/\u00a0 15.1.2019<\/p>\n<p><strong>Ministr zdravotnictv\u00ed Adam Vojt\u011bch se 15. ledna setkal se z\u00e1stupci pacientsk\u00fdch organizac\u00ed, aby jim p\u0159edstavil sv\u00e9 priority a vyslechl si jejich podn\u011bty sm\u011brem k\u00a0ministerstvu. <\/strong>Z\u00e1rove\u0148 ocenil aktivity Pacientsk\u00e9 rady a jejich aktivn\u00ed zapojen\u00ed do p\u0159ipom\u00ednkov\u00fdch \u0159\u00edzen\u00ed kl\u00ed\u010dov\u00fdch legislativn\u00edch n\u00e1vrh\u016f.<\/p>\n<p><strong><em>\u201ePacientsk\u00e9 organizace hraj\u00ed neocenitelnou roli v \u010desk\u00e9m zdravotnictv\u00ed a j\u00e1 si jejich \u010dinnosti velice v\u00e1\u017e\u00edm. D\u00edky Odd\u011blen\u00ed podpory pr\u00e1v pacient\u016f se rozvinula bli\u017e\u0161\u00ed spolupr\u00e1ce pacientsk\u00fdch organizac\u00ed a\u00a0ministerstva. Aktivity koleg\u016f velmi podporuji a v\u011b\u0159\u00edm, \u017ee se n\u00e1m bude da\u0159it tuto spolupr\u00e1ci d\u00e1le rozv\u00edjet a ministerstvo tak sm\u011brem ke kl\u00ed\u010dov\u00fdm akt\u00e9r\u016fm zdravotnictv\u00ed, pacient\u016fm, je\u0161t\u011b v\u00edce otev\u0159\u00edt,\u201c<\/em><\/strong> uvedl ministr zdravotnictv\u00ed Adam Vojt\u011bch.<\/p>\n<p>&nbsp;<\/p>\n<p><img loading=\"lazy\" decoding=\"async\" class=\"aligncenter wp-image-1938 size-full\" src=\"https:\/\/www.pacienti.cz\/wp-content\/uploads\/2019\/01\/setkani-s-ministrem-zdraviotnictvi5_2018.12.13.jpg\" alt=\"\" width=\"1600\" height=\"1067\" srcset=\"https:\/\/www.pacienti.cz\/wp-content\/uploads\/2019\/01\/setkani-s-ministrem-zdraviotnictvi5_2018.12.13.jpg 1600w, https:\/\/www.pacienti.cz\/wp-content\/uploads\/2019\/01\/setkani-s-ministrem-zdraviotnictvi5_2018.12.13-300x200.jpg 300w, https:\/\/www.pacienti.cz\/wp-content\/uploads\/2019\/01\/setkani-s-ministrem-zdraviotnictvi5_2018.12.13-768x512.jpg 768w, https:\/\/www.pacienti.cz\/wp-content\/uploads\/2019\/01\/setkani-s-ministrem-zdraviotnictvi5_2018.12.13-1024x683.jpg 1024w, https:\/\/www.pacienti.cz\/wp-content\/uploads\/2019\/01\/setkani-s-ministrem-zdraviotnictvi5_2018.12.13-900x600.jpg 900w\" sizes=\"(max-width: 1600px) 100vw, 1600px\" \/><\/p>\n<p><em>&#8230;jedn\u00e1n\u00ed z\u00e1stupc\u016f pac. spolk\u016f na ministerstvu zdravotnictv\u00ed<br \/>\n<\/em><\/p>\n<p>&nbsp;<\/p>\n<p>Sm\u011brem k\u00a0pacient\u016fm promluvili tak\u00e9 n\u00e1m\u011bstek ministra pro zdravotn\u00ed p\u00e9\u010di Roman Prymula, n\u00e1m\u011bstek ministra pro legislativu a pr\u00e1vo Radek Policar, n\u00e1m\u011bstkyn\u011b ministra Alena \u0160teflov\u00e1, \u0159editelka Odboru dohledu nad zdravotn\u00edm poji\u0161t\u011bn\u00edm a nyn\u00ed pov\u011b\u0159en\u00e1 \u0159\u00edzen\u00edm sekce ekonomiky a\u00a0zdravotn\u00edho poji\u0161t\u011bn\u00ed Helena R\u00f6gnerov\u00e1 a p\u0159edseda \u010cesk\u00e9 l\u00e9ka\u0159sk\u00e9 spole\u010dnosti J. E. Purkyn\u011b a\u00a0poradce ministra \u0160t\u011bp\u00e1n Sva\u010dina. <strong><em>\u201eIde\u00e1lem je pacient jako rovnocenn\u00fd partner l\u00e9ka\u0159e v\u00a0diagnosticko-terapeutick\u00e9m postupu. Av\u0161ak jen edukovan\u00fd pacient m\u016f\u017ee kl\u00e1st l\u00e9ka\u0159i ty spr\u00e1vn\u00e9 ot\u00e1zky a\u00a0vy\u017eadovat srozumiteln\u00e9 odpov\u011bdi, co\u017e je nezpochybniteln\u00fd p\u0159edpoklad pro porozum\u011bn\u00ed princip\u016fm l\u00e9\u010dby. Pr\u00e1v\u011b v\u00a0edukaci a podpo\u0159e spo\u010d\u00edv\u00e1 kl\u00ed\u010dov\u00e1 role pacientsk\u00fdch organizac\u00ed,\u201c <\/em><\/strong>uvedla na setk\u00e1n\u00ed s\u00a0pacientsk\u00fdmi organizacemi n\u00e1m\u011bstkyn\u011b ministra Alena \u0160teflov\u00e1.<\/p>\n<p>&nbsp;<\/p>\n<p>N\u00e1m\u011bstek Roman Prymula se v\u011bnoval p\u0159edev\u0161\u00edm o\u010dkov\u00e1n\u00ed a\u00a0od\u0161kod\u0148ov\u00e1n\u00ed po\u0161kozen\u00fdch. Roli \u010cesk\u00e9 l\u00e9ka\u0159sk\u00e9 spole\u010dnosti Jana Evangelisty Purkyn\u011b ve spolupr\u00e1ci s\u00a0pacientsk\u00fdmi organizacemi vyzdvihl poradce ministra a p\u0159edseda \u010cLS JEP \u0160t\u011bp\u00e1n Sva\u010dina.<\/p>\n<p>&nbsp;<\/p>\n<p><img loading=\"lazy\" decoding=\"async\" class=\"aligncenter wp-image-1940 size-large\" src=\"https:\/\/www.pacienti.cz\/wp-content\/uploads\/2019\/01\/setkani-s-ministrem-zdraviotnictvi7_2018.12.13-1024x683.jpg\" alt=\"\" width=\"794\" height=\"530\" srcset=\"https:\/\/www.pacienti.cz\/wp-content\/uploads\/2019\/01\/setkani-s-ministrem-zdraviotnictvi7_2018.12.13-1024x683.jpg 1024w, https:\/\/www.pacienti.cz\/wp-content\/uploads\/2019\/01\/setkani-s-ministrem-zdraviotnictvi7_2018.12.13-300x200.jpg 300w, https:\/\/www.pacienti.cz\/wp-content\/uploads\/2019\/01\/setkani-s-ministrem-zdraviotnictvi7_2018.12.13-768x512.jpg 768w, https:\/\/www.pacienti.cz\/wp-content\/uploads\/2019\/01\/setkani-s-ministrem-zdraviotnictvi7_2018.12.13-900x600.jpg 900w, https:\/\/www.pacienti.cz\/wp-content\/uploads\/2019\/01\/setkani-s-ministrem-zdraviotnictvi7_2018.12.13.jpg 1600w\" sizes=\"(max-width: 794px) 100vw, 794px\" \/><\/p>\n<p>&nbsp;<\/p>\n<p>Hlasy pacient\u016f jsou p\u0159i strategick\u00fdch rozhodov\u00e1n\u00edch Ministerstva zdravotnictv\u00ed uplat\u0148ov\u00e1ny prost\u0159ednictv\u00edm Pacientsk\u00e9 rady, kterou jmenoval ministr zdravotnictv\u00ed v\u00a0\u0159\u00edjnu roku 2017. Pacientsk\u00fdm organizac\u00edm o tom pohovo\u0159il n\u00e1m\u011bstek ministra pro legislativu a pr\u00e1vo Radek Policar: <strong><em>\u201ePacientsk\u00e1 rada se z\u00fa\u010dastnila ji\u017e dvou p\u0159ipom\u00ednkov\u00fdch \u0159\u00edzen\u00ed, a to v\u00a0problematik\u00e1ch \u00fahrad vysoce inovativn\u00edch l\u00e9\u010div\u00fdch p\u0159\u00edpravk\u016f a v\u00a0problematice paliativn\u00ed p\u00e9\u010de. Z\u00e1stupci pacient\u016f byli tak\u00e9 ofici\u00e1ln\u011b p\u0159izv\u00e1ni k jedn\u00e1n\u00ed o nov\u00e9 legislativn\u00ed \u00faprav\u011b kategorizace a \u00fahradov\u00e9 regulace zdravotnick\u00fdch prost\u0159edk\u016f.\u201c <\/em><\/strong><\/p>\n<p>&nbsp;<\/p>\n<p>Ve\u0161ker\u00e9 informace v\u010detn\u011b z\u00e1pis\u016f z\u00a0Pacientsk\u00e9 rady, z\u00e1znam\u016f a prezentac\u00ed ze setk\u00e1n\u00ed naleznete na str\u00e1nk\u00e1ch Ministerstva zdravotnictv\u00ed <a href=\"http:\/\/www.mzcr.cz\/obsah\/pacientske-organizace_910_1.html\">v\u00a0sekci Pacientsk\u00e9 organizace<\/a>. V\u00a0nejbli\u017e\u0161\u00edch t\u00fddnech by z\u00e1rove\u0148 m\u011bl b\u00fdt spu\u0161t\u011bn nov\u00fd informa\u010dn\u00ed port\u00e1l pro pacienty a pacientsk\u00e9 organizace.<\/p>\n<p>&nbsp;<\/p>\n<p>Svaz pacient\u016f \u010cR<\/p>\n<p>LP<\/p>\n<p>&nbsp;<\/p>\n<p><a href=\"https:\/\/www.pacienti.cz\/wp-content\/uploads\/2019\/01\/setkani-s-ministrem-zdraviotnictvi2_2018.12.13.jpg\"><img loading=\"lazy\" decoding=\"async\" class=\"alignnone size-full wp-image-1943\" src=\"https:\/\/www.pacienti.cz\/wp-content\/uploads\/2019\/01\/setkani-s-ministrem-zdraviotnictvi2_2018.12.13.jpg\" alt=\"\" width=\"1000\" height=\"562\" srcset=\"https:\/\/www.pacienti.cz\/wp-content\/uploads\/2019\/01\/setkani-s-ministrem-zdraviotnictvi2_2018.12.13.jpg 1000w, https:\/\/www.pacienti.cz\/wp-content\/uploads\/2019\/01\/setkani-s-ministrem-zdraviotnictvi2_2018.12.13-300x169.jpg 300w, https:\/\/www.pacienti.cz\/wp-content\/uploads\/2019\/01\/setkani-s-ministrem-zdraviotnictvi2_2018.12.13-768x432.jpg 768w, https:\/\/www.pacienti.cz\/wp-content\/uploads\/2019\/01\/setkani-s-ministrem-zdraviotnictvi2_2018.12.13-900x506.jpg 900w\" sizes=\"(max-width: 1000px) 100vw, 1000px\" \/><\/a><\/p>\n<p><em><strong>Foto SP\u010cR:\u00a0<\/strong>\u00a0 Mgr. L.Pe\u0161lov\u00e1, viceprezidentka Svazu pacient\u016f v rozhovoru s ministrem zdravotnictv\u00ed Mgr. A.Vojt\u011bchem<\/em><\/p>\n<p>&nbsp;<\/p>\n","protected":false},"excerpt":{"rendered":"<p>&nbsp; Setk\u00e1n\u00ed ministra zdravotnictv\u00ed Adama Vojt\u011bcha s viceprezidentkou Svazu pacient\u016f \u010cR Libu\u0161i Pe\u0161lovou \u00a0 &nbsp; TISKOV\u00c1 ZPR\u00c1VA \/\u00a0 15.1.2019 Ministr zdravotnictv\u00ed Adam Vojt\u011bch se 15. ledna setkal se z\u00e1stupci pacientsk\u00fdch organizac\u00ed, aby jim p\u0159edstavil sv\u00e9 priority a vyslechl si jejich podn\u011bty sm\u011brem k\u00a0ministerstvu. Z\u00e1rove\u0148 ocenil aktivity Pacientsk\u00e9 rady a jejich aktivn\u00ed zapojen\u00ed do p\u0159ipom\u00ednkov\u00fdch \u0159\u00edzen\u00ed [&hellip;]<\/p>\n","protected":false},"author":1,"featured_media":1941,"comment_status":"closed","ping_status":"open","sticky":false,"template":"","format":"standard","meta":{"footnotes":""},"categories":[14],"tags":[],"_links":{"self":[{"href":"https:\/\/www.pacienti.cz\/index.php?rest_route=\/wp\/v2\/posts\/1879"}],"collection":[{"href":"https:\/\/www.pacienti.cz\/index.php?rest_route=\/wp\/v2\/posts"}],"about":[{"href":"https:\/\/www.pacienti.cz\/index.php?rest_route=\/wp\/v2\/types\/post"}],"author":[{"embeddable":true,"href":"https:\/\/www.pacienti.cz\/index.php?rest_route=\/wp\/v2\/users\/1"}],"replies":[{"embeddable":true,"href":"https:\/\/www.pacienti.cz\/index.php?rest_route=%2Fwp%2Fv2%2Fcomments&post=1879"}],"version-history":[{"count":13,"href":"https:\/\/www.pacienti.cz\/index.php?rest_route=\/wp\/v2\/posts\/1879\/revisions"}],"predecessor-version":[{"id":1969,"href":"https:\/\/www.pacienti.cz\/index.php?rest_route=\/wp\/v2\/posts\/1879\/revisions\/1969"}],"wp:featuredmedia":[{"embeddable":true,"href":"https:\/\/www.pacienti.cz\/index.php?rest_route=\/wp\/v2\/media\/1941"}],"wp:attachment":[{"href":"https:\/\/www.pacienti.cz\/index.php?rest_route=%2Fwp%2Fv2%2Fmedia&parent=1879"}],"wp:term":[{"taxonomy":"category","embeddable":true,"href":"https:\/\/www.pacienti.cz\/index.php?rest_route=%2Fwp%2Fv2%2Fcategories&post=1879"},{"taxonomy":"post_tag","embeddable":true,"href":"https:\/\/www.pacienti.cz\/index.php?rest_route=%2Fwp%2Fv2%2Ftags&post=1879"}],"curies":[{"name":"wp","href":"https:\/\/api.w.org\/{rel}","templated":true}]}}