{"id":1886,"date":"2019-01-20T21:16:07","date_gmt":"2019-01-20T20:16:07","guid":{"rendered":"http:\/\/www.pacienti.cz\/?p=1886"},"modified":"2019-01-24T21:07:28","modified_gmt":"2019-01-24T20:07:28","slug":"svazu-pacientu-cr-k-volbe-zastupcu-pacientu-do-organu-pojistoven","status":"publish","type":"post","link":"https:\/\/www.pacienti.cz\/?p=1886","title":{"rendered":"Svazu pacient\u016f \u010cR k volb\u011b z\u00e1stupc\u016f pacient\u016f do org\u00e1n\u016f poji\u0161\u0165oven"},"content":{"rendered":"<hr \/>\n<p>&nbsp;<\/p>\n<h1><span style=\"color: #ff0000;\"><strong>Svazu pacient\u016f \u010cR k volb\u011b z\u00e1stupc\u016f pacient\u016f do org\u00e1n\u016f poji\u0161\u0165oven<\/strong><\/span><\/h1>\n<p><img loading=\"lazy\" decoding=\"async\" class=\"alignright wp-image-1889 size-medium\" src=\"https:\/\/www.pacienti.cz\/wp-content\/uploads\/2019\/01\/meetink_ballot-1294935__480-294x300.png\" alt=\"\" width=\"294\" height=\"300\" srcset=\"https:\/\/www.pacienti.cz\/wp-content\/uploads\/2019\/01\/meetink_ballot-1294935__480-294x300.png 294w, https:\/\/www.pacienti.cz\/wp-content\/uploads\/2019\/01\/meetink_ballot-1294935__480.png 471w\" sizes=\"(max-width: 294px) 100vw, 294px\" \/><\/p>\n<p>&nbsp;<\/p>\n<h2><strong>Svaz pacient\u016f \u010cesk\u00e9 republiky <\/strong>uv\u00edtal n\u00e1vrh \u00dastavn\u00edho soudu ke zm\u011bn\u011b volby do org\u00e1n\u016f poji\u0161\u0165oven a souhlas\u00ed s\u00a0n\u00edm.<\/h2>\n<p>&nbsp;<\/p>\n<h3><strong>Svaz pacient\u016f \u010cR navrhuje,<\/strong> aby do org\u00e1n\u016f poji\u0161\u0165oven byli ob\u010dan\u00e9 <strong>jmenov\u00e1n\u00ed ministrem zdravitnictv\u00ed na n\u00e1vrh (prost\u0159ednictv\u00edm) pacientsk\u00fdch organizac\u00ed<\/strong>. Ty navrhovan\u00e9ho nominanta dob\u0159e znaj\u00ed, t\u00edm \u017ee je z \u0159ad pacientsk\u00e9 organizace, je pak povinov\u00e1n jednat transparentn\u011b a nedojde tak k blam\u00e1\u017ei, jako by se to stalo ve\u0159ejnou volbou.<\/h3>\n<p>&nbsp;<\/p>\n<h3>Obdobn\u011b by byl nominat za pacienskou organizaci odvol\u00e1n ministrem na n\u00e1vrh dan\u00e9 pacientsk\u00e9 organizace.<\/h3>\n<p>&nbsp;<\/p>\n<h3>Pacientsk\u00e9 organizace, kter\u00e9 se zab\u00fdvaj\u00ed legislativou, jsou odborn\u011b zdatn\u00e9 vn\u00edmat souvislosti s poskytovanou zdravotn\u00ed p\u00e9\u010di a jejich z\u00e1stupci jist\u011b tak\u00e9 vn\u00edmaj\u00ed opr\u00e1vn\u011bn\u00e9 pot\u0159eby sv\u00fdch spoluob\u010dan\u016f, aby je mohli p\u0159en\u00e1\u0161et pr\u00e1v\u011b prost\u0159ednictv\u00edm org\u00e1n\u016f zdravotn\u00edch poji\u0161\u0165oven k vylep\u0161ov\u00e1n\u00ed syst\u00e9mu poskytovan\u00e9 zdravotn\u00ed p\u00e9\u010de. Pr\u00e1v\u011b jsou to zdravotn\u00ed poji\u0161\u0165ovny, kter\u00e9 maj\u00ed z\u00e1konnou povinnost zaji\u0161\u0165ovat dostupnou zdravotn\u00ed p\u00e9\u010di na co nejvy\u0161\u0161\u00ed \u00farovn\u00ed pozn\u00e1n\u00ed.<\/h3>\n<p>&nbsp;<\/p>\n<p>&nbsp;<\/p>\n<h3><strong>Mgr. Libu\u0161e Pe\u0161lov\u00e1<\/strong><\/h3>\n<h3><strong>viceprezidentka Svazu pacient\u016f \u010cR<\/strong><\/h3>\n<p>&nbsp;<\/p>\n<p><img loading=\"lazy\" decoding=\"async\" class=\"aligncenter wp-image-1887 size-full\" src=\"https:\/\/www.pacienti.cz\/wp-content\/uploads\/2019\/01\/meeting-480.png\" alt=\"\" width=\"480\" height=\"480\" srcset=\"https:\/\/www.pacienti.cz\/wp-content\/uploads\/2019\/01\/meeting-480.png 480w, https:\/\/www.pacienti.cz\/wp-content\/uploads\/2019\/01\/meeting-480-150x150.png 150w, https:\/\/www.pacienti.cz\/wp-content\/uploads\/2019\/01\/meeting-480-300x300.png 300w, https:\/\/www.pacienti.cz\/wp-content\/uploads\/2019\/01\/meeting-480-144x144.png 144w\" sizes=\"(max-width: 480px) 100vw, 480px\" \/><\/p>\n","protected":false},"excerpt":{"rendered":"<p>&nbsp; Svazu pacient\u016f \u010cR k volb\u011b z\u00e1stupc\u016f pacient\u016f do org\u00e1n\u016f poji\u0161\u0165oven &nbsp; Svaz pacient\u016f \u010cesk\u00e9 republiky uv\u00edtal n\u00e1vrh \u00dastavn\u00edho soudu ke zm\u011bn\u011b volby do org\u00e1n\u016f poji\u0161\u0165oven a souhlas\u00ed s\u00a0n\u00edm. &nbsp; Svaz pacient\u016f \u010cR navrhuje, aby do org\u00e1n\u016f poji\u0161\u0165oven byli ob\u010dan\u00e9 jmenov\u00e1n\u00ed ministrem zdravitnictv\u00ed na n\u00e1vrh (prost\u0159ednictv\u00edm) pacientsk\u00fdch organizac\u00ed. Ty navrhovan\u00e9ho nominanta dob\u0159e znaj\u00ed, t\u00edm \u017ee [&hellip;]<\/p>\n","protected":false},"author":1,"featured_media":1889,"comment_status":"closed","ping_status":"open","sticky":false,"template":"","format":"standard","meta":{"footnotes":""},"categories":[14],"tags":[],"_links":{"self":[{"href":"https:\/\/www.pacienti.cz\/index.php?rest_route=\/wp\/v2\/posts\/1886"}],"collection":[{"href":"https:\/\/www.pacienti.cz\/index.php?rest_route=\/wp\/v2\/posts"}],"about":[{"href":"https:\/\/www.pacienti.cz\/index.php?rest_route=\/wp\/v2\/types\/post"}],"author":[{"embeddable":true,"href":"https:\/\/www.pacienti.cz\/index.php?rest_route=\/wp\/v2\/users\/1"}],"replies":[{"embeddable":true,"href":"https:\/\/www.pacienti.cz\/index.php?rest_route=%2Fwp%2Fv2%2Fcomments&post=1886"}],"version-history":[{"count":9,"href":"https:\/\/www.pacienti.cz\/index.php?rest_route=\/wp\/v2\/posts\/1886\/revisions"}],"predecessor-version":[{"id":1897,"href":"https:\/\/www.pacienti.cz\/index.php?rest_route=\/wp\/v2\/posts\/1886\/revisions\/1897"}],"wp:featuredmedia":[{"embeddable":true,"href":"https:\/\/www.pacienti.cz\/index.php?rest_route=\/wp\/v2\/media\/1889"}],"wp:attachment":[{"href":"https:\/\/www.pacienti.cz\/index.php?rest_route=%2Fwp%2Fv2%2Fmedia&parent=1886"}],"wp:term":[{"taxonomy":"category","embeddable":true,"href":"https:\/\/www.pacienti.cz\/index.php?rest_route=%2Fwp%2Fv2%2Fcategories&post=1886"},{"taxonomy":"post_tag","embeddable":true,"href":"https:\/\/www.pacienti.cz\/index.php?rest_route=%2Fwp%2Fv2%2Ftags&post=1886"}],"curies":[{"name":"wp","href":"https:\/\/api.w.org\/{rel}","templated":true}]}}