{"id":1982,"date":"2019-02-17T12:55:38","date_gmt":"2019-02-17T11:55:38","guid":{"rendered":"http:\/\/www.pacienti.cz\/?p=1982"},"modified":"2019-02-18T13:06:54","modified_gmt":"2019-02-18T12:06:54","slug":"o-vlastnich-kmenovych-bunkach-ktere-zachranily-zivot","status":"publish","type":"post","link":"https:\/\/www.pacienti.cz\/?p=1982","title":{"rendered":"O VLASTN\u00cdCH KMENOV\u00ddCH BU\u0147K\u00c1CH, KTER\u00c9 ZACHR\u00c1NILY \u017dIVOT"},"content":{"rendered":"<hr \/>\n<p>&nbsp;<\/p>\n<h1 style=\"text-align: center;\"><span style=\"color: #ff0000;\"><strong>O VLASTN\u00cdCH KMENOV\u00ddCH BU\u0147K\u00c1CH, KTER\u00c9 ZACHR\u00c1NILY \u017dIVOT<\/strong><\/span><\/h1>\n<p>&nbsp;<\/p>\n<h2 style=\"text-align: center;\"><strong><img loading=\"lazy\" decoding=\"async\" class=\"wp-image-1987 size-full alignright\" src=\"https:\/\/www.pacienti.cz\/wp-content\/uploads\/2019\/02\/kmen.-bu\u0148ky_kniha.jpg\" alt=\"\" width=\"185\" height=\"166\" \/><\/strong><\/h2>\n<p><img loading=\"lazy\" decoding=\"async\" class=\"wp-image-1983 size-full alignleft\" src=\"https:\/\/www.pacienti.cz\/wp-content\/uploads\/2019\/02\/kmen.-bu\u0148ky_l\u00e9\u010dba.jpg\" alt=\"\" width=\"195\" height=\"165\" \/><\/p>\n<p style=\"text-align: center;\"><strong>\u00a0<\/strong><\/p>\n<p style=\"text-align: center;\"><strong>\u00a0<\/strong><\/p>\n<h2 style=\"text-align: center;\"><strong>\u00a0Mgr. Libu\u0161e Pe\u0161lov\u00e1,\u00a0 <\/strong><\/h2>\n<p style=\"text-align: center;\"><strong>v\u00edceprezidentka Svazu pacient\u016f \u010cR<\/strong><\/p>\n<h2 style=\"text-align: center;\"><span style=\"color: #0000ff;\"><strong>na <\/strong><strong>K\u0159tu knihy<\/strong><\/span><\/h2>\n<h2 style=\"text-align: center;\"><strong> Ing. Lubo\u0161e Kulhy <\/strong><\/h2>\n<h3 style=\"text-align: center;\"><span style=\"color: #ff0000;\"><strong><em>\u201eJak mi pomohly kmenov\u00e9 bu\u0148ky v l\u00e9\u010db\u011b mozkov\u00e9 mrtvice&#8220;<\/em><\/strong><\/span><\/h3>\n<p>&nbsp;<\/p>\n<p><strong>TISKOV\u00c1 ZPR\u00c1VA<\/strong><\/p>\n<p>Praha 15.2.2019<\/p>\n<p>&nbsp;<\/p>\n<h3>Dne 15. \u00fanora se konal K\u0159est knihy od autora, kter\u00fd popsal sv\u00e9 zku\u0161enosti se z\u00e1va\u017en\u00fdm onemocn\u011bn\u00edm mozku, kter\u00fdm je c\u00e9vn\u00ed mozkov\u00e1 p\u0159\u00edhoda, s n\u00e1slednou l\u00e9\u010dbou a s cel\u00fdm procesem probl\u00e9m\u016f, beznad\u011bje, ale i uzdravov\u00e1n\u00edm. Knihu pok\u0159til v\u00fdznamn\u00fd \u010desk\u00fd spisovatel Michal Viewegh, a na ot\u00e1zky <strong>kmenov\u00fdch bun\u011bk<\/strong> odpov\u00eddal odborn\u00edk na l\u00e9\u010dbu prof. MUDr. Jaroslav Mich\u00e1lek, Ph.D z\u00a0Kliniky CELLETHERA <a href=\"https:\/\/celltheraclinic.cz\/\"><strong>https:\/\/celltheraclinic.cz<\/strong>\/<\/a><\/h3>\n<p>&nbsp;<\/p>\n<h3><strong><em>Obsahem knihy je v\u00fdpov\u011b\u010f \u010dlov\u011bka, kter\u00e9ho ve 46 let postihla velmi t\u011b\u017ek\u00e1 nemoc. Popisuje, jak <\/em><\/strong><strong><em>zvl\u00e1dal t\u011b\u017ek\u00e9 chv\u00edle v ohro\u017een\u00ed \u017eivota i to, jak se s celou situac\u00ed vypo\u0159\u00e1dal. Z pln\u00e9ho zdrav\u00ed se najednou ocitl v nemocnici v ohro\u017een\u00ed \u017eivota a pln\u00fd starost\u00ed, co bude d\u00e1l. Byl bezvl\u00e1dn\u00fd, napojen\u00fd na p\u0159\u00edstroje na jednotce intenzivn\u00ed p\u00e9\u010de. Nejistota a spousta nezodpov\u011bzen\u00fdch ot\u00e1zek, t\u00fdkaj\u00edc\u00ed se rodiny, co bude s n\u00edm, jak se vypo\u0159\u00e1d\u00e1 s novou situac\u00ed? Jak bude prob\u00edhat l\u00e9\u010dba a jak\u00e9 jsou vyhl\u00eddky na zlep\u0161en\u00ed? Ale svitla nad\u011bje, kdy\u017e se zkontaktoval s prof. MUDr. Jaroslavem Mich\u00e1lkem, kter\u00fd mu nab\u00eddl unik\u00e1tn\u00ed l\u00e9\u010dbu kmenov\u00fdmi bu\u0148kami v\u00a0Rakousku. N\u00e1sledovala zm\u011bna stravovac\u00edho re\u017eimu, d\u016fsledn\u00e1 rehabilitace, u\u010den\u00ed se mluvit, chodit, \u010d\u00edst, ps\u00e1t atd. <\/em><\/strong><\/h3>\n<p>&nbsp;<\/p>\n<h3><em>Dnes tomu jsou t\u0159i roky, kdy Ing. Kulha je po <strong>aplikaci kmenov\u00fdch bun\u011bk<\/strong>, \u017eije plnohodnotn\u00fdm \u017eivotem, mluv\u00ed plynule, jezd\u00ed autem, pracuje atd., ale mus\u00ed b\u00fdt velk\u00e1 spolu\u00fa\u010dast na zlep\u0161en\u00ed stavu i od pacienta.<\/em><\/h3>\n<p>&nbsp;<\/p>\n<h3>K\u0159tu se \u00fa\u010dastnili i dal\u0161\u00ed pacienti, kte\u0159\u00ed podstoupili l\u00e9\u010dbu unik\u00e1tn\u00edmi <strong>kmenov\u00fdmi bu\u0148kami<\/strong>, sd\u011blovali \u00fasp\u011bchy l\u00e9\u010dby a pokroku ve zlep\u0161ov\u00e1n\u00ed jejich zdravotn\u00edho stavu. Ti, kte\u0159\u00ed beznad\u011bjn\u011b sed\u011bli na voz\u00edc\u00edch, se informovali o l\u00e9\u010db\u011b u odborn\u00edka Mich\u00e1lka.<\/h3>\n<p>&nbsp;<\/p>\n<p>(Redakce SP\u010cR_lp)<\/p>\n<p>&nbsp;<\/p>\n<p>&nbsp;<\/p>\n<hr \/>\n<p>&nbsp;<\/p>\n<p><a href=\"https:\/\/www.pacienti.cz\/wp-content\/uploads\/2019\/02\/kmen.-bu\u0148ky_kniha1.jpg\"><img loading=\"lazy\" decoding=\"async\" class=\"size-full wp-image-2000 aligncenter\" src=\"https:\/\/www.pacienti.cz\/wp-content\/uploads\/2019\/02\/kmen.-bu\u0148ky_kniha1.jpg\" alt=\"\" width=\"759\" height=\"1000\" srcset=\"https:\/\/www.pacienti.cz\/wp-content\/uploads\/2019\/02\/kmen.-bu\u0148ky_kniha1.jpg 759w, https:\/\/www.pacienti.cz\/wp-content\/uploads\/2019\/02\/kmen.-bu\u0148ky_kniha1-228x300.jpg 228w\" sizes=\"(max-width: 759px) 100vw, 759px\" \/><\/a><\/p>\n","protected":false},"excerpt":{"rendered":"<p>&nbsp; O VLASTN\u00cdCH KMENOV\u00ddCH BU\u0147K\u00c1CH, KTER\u00c9 ZACHR\u00c1NILY \u017dIVOT &nbsp; \u00a0 \u00a0 \u00a0Mgr. Libu\u0161e Pe\u0161lov\u00e1,\u00a0 v\u00edceprezidentka Svazu pacient\u016f \u010cR na K\u0159tu knihy Ing. Lubo\u0161e Kulhy \u201eJak mi pomohly kmenov\u00e9 bu\u0148ky v l\u00e9\u010db\u011b mozkov\u00e9 mrtvice&#8220; &nbsp; TISKOV\u00c1 ZPR\u00c1VA Praha 15.2.2019 &nbsp; Dne 15. \u00fanora se konal K\u0159est knihy od autora, kter\u00fd popsal sv\u00e9 zku\u0161enosti se z\u00e1va\u017en\u00fdm onemocn\u011bn\u00edm [&hellip;]<\/p>\n","protected":false},"author":1,"featured_media":1983,"comment_status":"closed","ping_status":"open","sticky":false,"template":"","format":"standard","meta":{"footnotes":""},"categories":[14],"tags":[],"_links":{"self":[{"href":"https:\/\/www.pacienti.cz\/index.php?rest_route=\/wp\/v2\/posts\/1982"}],"collection":[{"href":"https:\/\/www.pacienti.cz\/index.php?rest_route=\/wp\/v2\/posts"}],"about":[{"href":"https:\/\/www.pacienti.cz\/index.php?rest_route=\/wp\/v2\/types\/post"}],"author":[{"embeddable":true,"href":"https:\/\/www.pacienti.cz\/index.php?rest_route=\/wp\/v2\/users\/1"}],"replies":[{"embeddable":true,"href":"https:\/\/www.pacienti.cz\/index.php?rest_route=%2Fwp%2Fv2%2Fcomments&post=1982"}],"version-history":[{"count":16,"href":"https:\/\/www.pacienti.cz\/index.php?rest_route=\/wp\/v2\/posts\/1982\/revisions"}],"predecessor-version":[{"id":2001,"href":"https:\/\/www.pacienti.cz\/index.php?rest_route=\/wp\/v2\/posts\/1982\/revisions\/2001"}],"wp:featuredmedia":[{"embeddable":true,"href":"https:\/\/www.pacienti.cz\/index.php?rest_route=\/wp\/v2\/media\/1983"}],"wp:attachment":[{"href":"https:\/\/www.pacienti.cz\/index.php?rest_route=%2Fwp%2Fv2%2Fmedia&parent=1982"}],"wp:term":[{"taxonomy":"category","embeddable":true,"href":"https:\/\/www.pacienti.cz\/index.php?rest_route=%2Fwp%2Fv2%2Fcategories&post=1982"},{"taxonomy":"post_tag","embeddable":true,"href":"https:\/\/www.pacienti.cz\/index.php?rest_route=%2Fwp%2Fv2%2Ftags&post=1982"}],"curies":[{"name":"wp","href":"https:\/\/api.w.org\/{rel}","templated":true}]}}