{"id":2064,"date":"2019-04-03T19:53:40","date_gmt":"2019-04-03T17:53:40","guid":{"rendered":"http:\/\/www.pacienti.cz\/?p=2064"},"modified":"2019-04-04T19:29:57","modified_gmt":"2019-04-04T17:29:57","slug":"%ef%bb%bfvyzva-ucastniku-konference-nasledne-a-dlouhodobe-pece","status":"publish","type":"post","link":"https:\/\/www.pacienti.cz\/?p=2064","title":{"rendered":"\ufeffV\u00fdzva \u00fa\u010dastn\u00edk\u016f konference n\u00e1sledn\u00e9 a dlouhodob\u00e9 p\u00e9\u010de"},"content":{"rendered":"<hr \/>\r\n<p><img loading=\"lazy\" decoding=\"async\" class=\"alignright wp-image-1181 size-medium\" src=\"https:\/\/www.pacienti.cz\/wp-content\/uploads\/2017\/02\/hospital-423751__340-300x225.jpg\" alt=\"\" width=\"300\" height=\"225\" srcset=\"https:\/\/www.pacienti.cz\/wp-content\/uploads\/2017\/02\/hospital-423751__340-300x225.jpg 300w, https:\/\/www.pacienti.cz\/wp-content\/uploads\/2017\/02\/hospital-423751__340.jpg 453w\" sizes=\"(max-width: 300px) 100vw, 300px\" \/><\/p>\r\n<h1><span style=\"color: #000080;\"><strong>V\u00fdzva \u00fa\u010dastn\u00edk\u016f konference n\u00e1sledn\u00e9 a dlouhodob\u00e9 p\u00e9\u010de<\/strong><\/span><\/h1>\r\n\r\n\r\n\r\n<p>&nbsp;<\/p>\r\n<p>Dne 3. 4. 2019 se v\u00a0Praze se\u0161li \u0159editel\u00e9, prim\u00e1\u0159i a vedouc\u00ed l\u00e9ka\u0159i za\u0159\u00edzen\u00ed n\u00e1sledn\u00e9 a dlouhodob\u00e9 p\u00e9\u010de z\u00a0cel\u00e9 \u010cR. Na konferenci spole\u010dn\u011b po\u0159\u00e1dan\u00e9 Asociac\u00ed \u010desk\u00fdch a moravsk\u00fdch nemocnic a Asociac\u00ed nemocnic \u010cR se sezn\u00e1mili s\u00a0v\u00fdsledky n\u00e1kladov\u00e9 anal\u00fdzy z 61 za\u0159\u00edzen\u00ed n\u00e1sledn\u00e9 p\u00e9\u010de s\u00a0t\u00e9m\u011b\u0159 9\u00a0000 l\u016f\u017eky.<\/p>\r\n\r\n\r\n\r\n<p>Anal\u00fdza uk\u00e1zala, \u017ee skute\u010dn\u00e9 n\u00e1klady na ubytov\u00e1n\u00ed, stravu, energie a slu\u017eby a p\u0159\u00edm\u00e9 medic\u00ednsk\u00e9 n\u00e1klady jsou a\u017e o 1\u00a0000 K\u010d na o\u0161et\u0159ovac\u00ed den vy\u0161\u0161\u00ed ne\u017e \u00fahrady od zdravotn\u00edch poji\u0161\u0165oven.<\/p>\r\n\r\n\r\n\r\n<p>Vznikl\u00fd deficit je u n\u011bkter\u00fdch za\u0159\u00edzen\u00ed s\u00a0vyp\u011bt\u00edm v\u0161ech sil pokr\u00fdv\u00e1n jejich z\u0159izovateli, nebo samotn\u00fdmi pacienty a jejich rodinn\u00fdmi p\u0159\u00edslu\u0161n\u00edky v\u00a0rozporu se z\u00e1kony o ve\u0159ejn\u00e9m zdravotn\u00edm poji\u0161t\u011bn\u00ed, nebo se projevuje v\u00a0dopadu na kvalitu p\u00e9\u010de.<\/p>\r\n\r\n\r\n\r\n<p>P\u0159itom z\u00e1va\u017en\u00e9 zm\u011bny ve v\u011bkov\u00e9 struktu\u0159e obyvatelstva, prudk\u00fd n\u00e1r\u016fst pod\u00edlu pacient\u016f star\u0161\u00edch v\u011bkov\u00fdch skupin a n\u00e1r\u016fst nemocnosti pacient\u016f ve vy\u0161\u0161\u00edm dosa\u017een\u00e9m v\u011bku zvy\u0161uj\u00ed zejm\u00e9na medic\u00ednsk\u00e9 n\u00e1klady n\u00e1sledn\u00e9 a dlouhodob\u00e9 p\u00e9\u010de praktickyna \u00farove\u0148 p\u00e9\u010de akutn\u00ed.<\/p>\r\n\r\n\r\n\r\n<p>P\u0159i pln\u011b vyt\u00ed\u017een\u00fdch kapacit\u00e1ch na\u0161\u00ed n\u00e1sledn\u00e9 a dlouhodob\u00e9 p\u00e9\u010de se tyto slu\u017eby st\u00e1vaj\u00ed st\u00e1le nedostupn\u011bj\u0161\u00edmi a d\u00edky jejich nedostate\u010dn\u00fdm \u00fahrad\u00e1m nelze udr\u017eet ani kvalitu ubytov\u00e1n\u00ed, stravov\u00e1n\u00ed, dostupnost modern\u00edch l\u00e9k\u016f a vyu\u017e\u00edv\u00e1n\u00ed l\u00e9\u010debn\u00fdch metod odpov\u00eddaj\u00edc\u00edch star\u0161\u00edmu v\u011bku pacient\u016f.<img loading=\"lazy\" decoding=\"async\" class=\"alignleft wp-image-1191 size-medium\" src=\"https:\/\/www.pacienti.cz\/wp-content\/uploads\/2017\/02\/dependent-441405__340-300x225.jpg\" alt=\"\" width=\"300\" height=\"225\" srcset=\"https:\/\/www.pacienti.cz\/wp-content\/uploads\/2017\/02\/dependent-441405__340-300x225.jpg 300w, https:\/\/www.pacienti.cz\/wp-content\/uploads\/2017\/02\/dependent-441405__340.jpg 453w\" sizes=\"(max-width: 300px) 100vw, 300px\" \/><\/p>\r\n\r\n\r\n\r\n<p>\u00da\u010dastn\u00edci konference se shodli, \u017ee k\u00a0zastaven\u00ed alarmuj\u00edc\u00edho v\u00fdvoje je pot\u0159ebn\u00e9 ji\u017e v\u00a0roce 2020 zv\u00fd\u0161it strukturu n\u00e1klad\u016f \u201ehotelov\u00e9ho\u201c typu, v\u010detn\u011b stravy nejm\u00e9n\u011b o 300 K\u010d a medic\u00ednsk\u00fdch n\u00e1klad\u016f cca o 700 K\u010d za o\u0161et\u0159ovac\u00ed den, tj. pr\u016fm\u011brn\u00e9 platby zdravotn\u00edch poji\u0161\u0165oven ze st\u00e1vaj\u00edc\u00edch cca 1\u00a0500 K\u010d zv\u00fd\u0161it o 1\u00a0000 K\u010d na 2\u00a0500 K\u010d za o\u0161et\u0159ovac\u00ed den.<\/p>\r\n\r\n\r\n\r\n<p>Podle \u00fa\u010dastn\u00edk\u016f konference si to vy\u017e\u00e1d\u00e1 cca 6 \u2013 7 mld. K\u010d z\u00a0ve\u0159ejn\u00e9ho zdravotn\u00edho poji\u0161t\u011bn\u00ed. V\u00a0situaci, kdy na \u00fa\u010dtech zdravotn\u00edch poji\u0161\u0165oven v\u00a0leto\u0161n\u00edm roce z\u016fstatky \u010din\u00ed ji\u017e 50 mld. K\u010d, je toto \u0159e\u0161en\u00ed, kter\u00e9 si zdravotnictv\u00ed \u00a0\u010cR m\u016f\u017ee dovolit. Naprosto v\u0161ak nelze limitovat celkov\u00e9 \u00fahrady 107% n\u00e1r\u016fstu proti minul\u00e9mu obdob\u00ed, jako je tomu v\u00a0roce 2019.<\/p>\r\n\r\n\r\n\r\n<p>Proto \u00fa\u010dastn\u00edci konference vyz\u00fdvaj\u00ed odpov\u011bdn\u00e9 \u010dinitele, p\u0159edev\u0161\u00edm ministra zdravotnictv\u00ed A. Vojt\u011bcha a p\u0159edsedu vl\u00e1dy \u010cR A. Babi\u0161e, o neprodlen\u00e9 \u0159e\u0161en\u00ed. Jsou p\u0159ipraveni jim k\u00a0tomu poskytnoutve\u0161kerou pomoc, sou\u010dinnost anezbytn\u00e9 podklady.<\/p>\r\n\r\n\r\n\r\n<p>V\u00a0Praze dne 3. 4. 2019<\/p>\r\n\r\n\r\n\r\n<p>Dal\u0161\u00ed info na <a href=\"http:\/\/www.acmn.cz\">www.acmn.cz<\/a><\/p>\r\n\r\n\r\n\r\n<p>&nbsp;<\/p>\r\n<hr \/>\r\n<p>&nbsp;<\/p>\r\n\r\n<p><img loading=\"lazy\" decoding=\"async\" class=\"aligncenter wp-image-1612 size-full\" src=\"https:\/\/www.pacienti.cz\/wp-content\/uploads\/2018\/01\/flowers-2845434_1280.png\" alt=\"\" width=\"1280\" height=\"1217\" srcset=\"https:\/\/www.pacienti.cz\/wp-content\/uploads\/2018\/01\/flowers-2845434_1280.png 1280w, https:\/\/www.pacienti.cz\/wp-content\/uploads\/2018\/01\/flowers-2845434_1280-300x285.png 300w, https:\/\/www.pacienti.cz\/wp-content\/uploads\/2018\/01\/flowers-2845434_1280-768x730.png 768w, https:\/\/www.pacienti.cz\/wp-content\/uploads\/2018\/01\/flowers-2845434_1280-1024x974.png 1024w, https:\/\/www.pacienti.cz\/wp-content\/uploads\/2018\/01\/flowers-2845434_1280-900x856.png 900w\" sizes=\"(max-width: 1280px) 100vw, 1280px\" \/><\/p>\r\n\r\n\r\n\r\n<h2 class=\"wp-block-heading\">\u00a0<\/h2>\r\n","protected":false},"excerpt":{"rendered":"<p>V\u00fdzva \u00fa\u010dastn\u00edk\u016f konference n\u00e1sledn\u00e9 a dlouhodob\u00e9 p\u00e9\u010de &nbsp; Dne 3. 4. 2019 se v\u00a0Praze se\u0161li \u0159editel\u00e9, prim\u00e1\u0159i a vedouc\u00ed l\u00e9ka\u0159i za\u0159\u00edzen\u00ed n\u00e1sledn\u00e9 a dlouhodob\u00e9 p\u00e9\u010de z\u00a0cel\u00e9 \u010cR. Na konferenci spole\u010dn\u011b po\u0159\u00e1dan\u00e9 Asociac\u00ed \u010desk\u00fdch a moravsk\u00fdch nemocnic a Asociac\u00ed nemocnic \u010cR se sezn\u00e1mili s\u00a0v\u00fdsledky n\u00e1kladov\u00e9 anal\u00fdzy z 61 za\u0159\u00edzen\u00ed n\u00e1sledn\u00e9 p\u00e9\u010de s\u00a0t\u00e9m\u011b\u0159 9\u00a0000 l\u016f\u017eky. Anal\u00fdza uk\u00e1zala, [&hellip;]<\/p>\n","protected":false},"author":1,"featured_media":287,"comment_status":"closed","ping_status":"open","sticky":false,"template":"","format":"standard","meta":{"footnotes":""},"categories":[14],"tags":[],"_links":{"self":[{"href":"https:\/\/www.pacienti.cz\/index.php?rest_route=\/wp\/v2\/posts\/2064"}],"collection":[{"href":"https:\/\/www.pacienti.cz\/index.php?rest_route=\/wp\/v2\/posts"}],"about":[{"href":"https:\/\/www.pacienti.cz\/index.php?rest_route=\/wp\/v2\/types\/post"}],"author":[{"embeddable":true,"href":"https:\/\/www.pacienti.cz\/index.php?rest_route=\/wp\/v2\/users\/1"}],"replies":[{"embeddable":true,"href":"https:\/\/www.pacienti.cz\/index.php?rest_route=%2Fwp%2Fv2%2Fcomments&post=2064"}],"version-history":[{"count":8,"href":"https:\/\/www.pacienti.cz\/index.php?rest_route=\/wp\/v2\/posts\/2064\/revisions"}],"predecessor-version":[{"id":2083,"href":"https:\/\/www.pacienti.cz\/index.php?rest_route=\/wp\/v2\/posts\/2064\/revisions\/2083"}],"wp:featuredmedia":[{"embeddable":true,"href":"https:\/\/www.pacienti.cz\/index.php?rest_route=\/wp\/v2\/media\/287"}],"wp:attachment":[{"href":"https:\/\/www.pacienti.cz\/index.php?rest_route=%2Fwp%2Fv2%2Fmedia&parent=2064"}],"wp:term":[{"taxonomy":"category","embeddable":true,"href":"https:\/\/www.pacienti.cz\/index.php?rest_route=%2Fwp%2Fv2%2Fcategories&post=2064"},{"taxonomy":"post_tag","embeddable":true,"href":"https:\/\/www.pacienti.cz\/index.php?rest_route=%2Fwp%2Fv2%2Ftags&post=2064"}],"curies":[{"name":"wp","href":"https:\/\/api.w.org\/{rel}","templated":true}]}}