{"id":2113,"date":"2019-05-15T21:14:35","date_gmt":"2019-05-15T19:14:35","guid":{"rendered":"http:\/\/www.pacienti.cz\/?p=2113"},"modified":"2019-05-15T21:19:00","modified_gmt":"2019-05-15T19:19:00","slug":"2113","status":"publish","type":"post","link":"https:\/\/www.pacienti.cz\/?p=2113","title":{"rendered":"V\u00fdzva k\u00a0zaji\u0161t\u011bn\u00ed \u00fastavn\u00edho pr\u00e1va na dostupnou zdravotn\u00ed p\u00e9\u010di pro v\u0161echny ob\u010dany!"},"content":{"rendered":"<hr \/>\n<p>&nbsp;<\/p>\n<h1><strong>P\u0159edsedov\u00e9 rozhoduj\u00edc\u00edch politick\u00fdch stran<\/strong><\/h1>\n<h1><strong>\u0161ir\u0161\u00ed vl\u00e1dn\u00ed koalice <\/strong><\/h1>\n<h1>___________________________________________<\/h1>\n<p>&nbsp;<\/p>\n<p>CO:\u00a0\u00a0\u00a0 \u0158editele zdravotn\u00edch poji\u0161\u0165oven<\/p>\n<p>Ministr zdravotnictv\u00ed<\/p>\n<p>&nbsp;<\/p>\n<p><img loading=\"lazy\" decoding=\"async\" class=\"alignright wp-image-2105 size-medium\" src=\"https:\/\/www.pacienti.cz\/wp-content\/uploads\/2019\/05\/1F791BAC-FB8F-43D7-946F-C4623BF86AEA-300x187.jpeg\" alt=\"\" width=\"300\" height=\"187\" srcset=\"https:\/\/www.pacienti.cz\/wp-content\/uploads\/2019\/05\/1F791BAC-FB8F-43D7-946F-C4623BF86AEA-300x187.jpeg 300w, https:\/\/www.pacienti.cz\/wp-content\/uploads\/2019\/05\/1F791BAC-FB8F-43D7-946F-C4623BF86AEA.jpeg 545w\" sizes=\"(max-width: 300px) 100vw, 300px\" \/><\/p>\n<h1><span style=\"color: #0000ff;\"><strong>V\u00fdzva k\u00a0zaji\u0161t\u011bn\u00ed \u00fastavn\u00edho pr\u00e1va na dostupnou zdravotn\u00ed p\u00e9\u010di pro v\u0161echny ob\u010dany!<\/strong><\/span><\/h1>\n<p>&nbsp;<\/p>\n<p>&nbsp;<\/p>\n<h3>Svaz pacient\u016f \u010cR t\u00edmto vyz\u00fdv\u00e1 v\u00e1s p\u0159edsedy vl\u00e1dn\u00edch koali\u010dn\u00edch stran hnut\u00ed ANO 2011 a \u010cSSD a podporuj\u00edc\u00ed KS\u010cM, ministra zdravotnictv\u00ed a zdravotn\u00ed poji\u0161\u0165ovny, abyste i nad\u00e1le zajistili ob\u010dan\u016fm \u010cesk\u00e9 republiky \u00fastavn\u011b garantovanou dostupnou zdravotn\u00ed p\u00e9\u010di zejm\u00e9na v\u00a0ot\u00e1zce poskytov\u00e1n\u00ed p\u0159\u00edsp\u011bvku na zdravotnickou pom\u016fcku<\/h3>\n<p>&nbsp;<\/p>\n<ul>\n<li>\n<h3><strong>br\u00fdlov\u00e9 obruby<\/strong><\/h3>\n<\/li>\n<li>\n<h3><strong>dioptrick\u00e9 skla<\/strong><\/h3>\n<\/li>\n<\/ul>\n<h3><strong>a to v\u00a0dvojn\u00e1sobn\u00e9 v\u00fd\u0161i, ne\u017e je nyn\u00ed. <\/strong><\/h3>\n<p>&nbsp;<\/p>\n<h3>Odm\u00edt\u00e1me diskrimina\u010dn\u00ed jedn\u00e1n\u00ed st\u00e1tu, kdy Ministerstvo zdravotnictv\u00ed ve v\u0161\u00ed tichosti nechalo schv\u00e1lit novelu z\u00e1kona tak, aby nikdo netu\u0161il, \u017ee t\u00edm bude moci ru\u0161it p\u0159\u00edsp\u011bvky za zdravotnick\u00e9 pom\u016fcky ob\u010dan\u016fm a poji\u0161t\u011bnc\u016fm zdravotn\u00edch poji\u0161\u0165oven.<\/h3>\n<p>&nbsp;<\/p>\n<h3>Argumentovat t\u00edm, \u017ee za 58 mili\u00f3n\u016f m\u016f\u017ee b\u00fdt hrazen\u00e1 jin\u00e1 p\u00e9\u010de je <strong><u>stupidn\u00ed zd\u016fvodn\u011bn\u00ed, <\/u><\/strong><u>kter\u00e9 se jev\u00ed, jako mafi\u00e1nstv\u00ed korup\u010dn\u00edk\u016f.<\/u> T\u00edm nav\u00edc doch\u00e1z\u00ed k\u00a0diskriminaci nemajetn\u00fdch a soci\u00e1ln\u011b a ekonomicky slab\u00fdch ob\u010dan\u016f, kte\u0159\u00ed \u010dasto \u017eij\u00ed ze st\u00e1tem garantovan\u00e9 minim\u00e1ln\u00ed mzdy \u2013 13.350 K\u010d!<\/h3>\n<p>&nbsp;<\/p>\n<h3>V\u0161ichni ob\u010dan\u00e9 maj\u00ed pr\u00e1vo na \u00fastavn\u00ed listinou garantovanou dostupnou zdravotn\u00ed p\u00e9\u010di, v\u010detn\u011b zdravotnick\u00fdch pom\u016fcek. I nejlevn\u011bj\u0161\u00ed br\u00fdle \u201ena poji\u0161\u0165ovnu\u201c jsou z\u00e1sadn\u00ed pom\u016fcka na zaji\u0161t\u011bn\u00ed samostatnosti mnoha ob\u010dan\u016f zejm\u00e9na v\u00a0d\u016fchodov\u00e9m v\u011bku nebo v\u00a0soci\u00e1ln\u011b t\u00ed\u017eiv\u00e9 situaci \u010dlov\u011bka.<\/h3>\n<p>&nbsp;<\/p>\n<h3>Jm\u00e9nem po\u0161kozen\u00fdch ob\u010dan\u016f a pacient\u016f v\u00e1s vyz\u00fdv\u00e1me, vra\u0165te ob\u010dan\u016fm p\u0159\u00edsp\u011bvky ze zdravotn\u00edho poji\u0161t\u011bn\u00ed na br\u00fdlov\u00e9 obruby, nyn\u00ed ale u\u017e min. ve v\u00fd\u0161i 300 K\u010d.<\/h3>\n<p>&nbsp;<\/p>\n<p>&nbsp;<\/p>\n<h3>Gr\u00e9mium Svazu pacient\u016f \u010cR<\/h3>\n<h3><strong>Lubo\u0161 Olej\u00e1r<\/strong><\/h3>\n<h3><strong>prezident<\/strong><\/h3>\n<p>&nbsp;<\/p>\n<p>&nbsp;<\/p>\n<p>&nbsp;<\/p>\n","protected":false},"excerpt":{"rendered":"<p>&nbsp; P\u0159edsedov\u00e9 rozhoduj\u00edc\u00edch politick\u00fdch stran \u0161ir\u0161\u00ed vl\u00e1dn\u00ed koalice ___________________________________________ &nbsp; CO:\u00a0\u00a0\u00a0 \u0158editele zdravotn\u00edch poji\u0161\u0165oven Ministr zdravotnictv\u00ed &nbsp; V\u00fdzva k\u00a0zaji\u0161t\u011bn\u00ed \u00fastavn\u00edho pr\u00e1va na dostupnou zdravotn\u00ed p\u00e9\u010di pro v\u0161echny ob\u010dany! &nbsp; &nbsp; Svaz pacient\u016f \u010cR t\u00edmto vyz\u00fdv\u00e1 v\u00e1s p\u0159edsedy vl\u00e1dn\u00edch koali\u010dn\u00edch stran hnut\u00ed ANO 2011 a \u010cSSD a podporuj\u00edc\u00ed KS\u010cM, ministra zdravotnictv\u00ed a zdravotn\u00ed poji\u0161\u0165ovny, abyste i [&hellip;]<\/p>\n","protected":false},"author":1,"featured_media":2106,"comment_status":"closed","ping_status":"open","sticky":false,"template":"","format":"standard","meta":{"footnotes":""},"categories":[14],"tags":[],"_links":{"self":[{"href":"https:\/\/www.pacienti.cz\/index.php?rest_route=\/wp\/v2\/posts\/2113"}],"collection":[{"href":"https:\/\/www.pacienti.cz\/index.php?rest_route=\/wp\/v2\/posts"}],"about":[{"href":"https:\/\/www.pacienti.cz\/index.php?rest_route=\/wp\/v2\/types\/post"}],"author":[{"embeddable":true,"href":"https:\/\/www.pacienti.cz\/index.php?rest_route=\/wp\/v2\/users\/1"}],"replies":[{"embeddable":true,"href":"https:\/\/www.pacienti.cz\/index.php?rest_route=%2Fwp%2Fv2%2Fcomments&post=2113"}],"version-history":[{"count":5,"href":"https:\/\/www.pacienti.cz\/index.php?rest_route=\/wp\/v2\/posts\/2113\/revisions"}],"predecessor-version":[{"id":2119,"href":"https:\/\/www.pacienti.cz\/index.php?rest_route=\/wp\/v2\/posts\/2113\/revisions\/2119"}],"wp:featuredmedia":[{"embeddable":true,"href":"https:\/\/www.pacienti.cz\/index.php?rest_route=\/wp\/v2\/media\/2106"}],"wp:attachment":[{"href":"https:\/\/www.pacienti.cz\/index.php?rest_route=%2Fwp%2Fv2%2Fmedia&parent=2113"}],"wp:term":[{"taxonomy":"category","embeddable":true,"href":"https:\/\/www.pacienti.cz\/index.php?rest_route=%2Fwp%2Fv2%2Fcategories&post=2113"},{"taxonomy":"post_tag","embeddable":true,"href":"https:\/\/www.pacienti.cz\/index.php?rest_route=%2Fwp%2Fv2%2Ftags&post=2113"}],"curies":[{"name":"wp","href":"https:\/\/api.w.org\/{rel}","templated":true}]}}