{"id":2124,"date":"2019-06-04T21:06:14","date_gmt":"2019-06-04T19:06:14","guid":{"rendered":"http:\/\/www.pacienti.cz\/?p=2124"},"modified":"2019-06-04T21:07:38","modified_gmt":"2019-06-04T19:07:38","slug":"podmineny-trest-pro-lekare-v-nemocnici-agel-prerov","status":"publish","type":"post","link":"https:\/\/www.pacienti.cz\/?p=2124","title":{"rendered":"Podm\u00edn\u011bn\u00fd trest pro l\u00e9ka\u0159e v nemocnici AGEL P\u0159erov"},"content":{"rendered":"<hr \/>\n<h1 class=\"shows_playlist-item-title\"><img loading=\"lazy\" decoding=\"async\" class=\"alignright wp-image-1248 size-thumbnail\" src=\"https:\/\/www.pacienti.cz\/wp-content\/uploads\/2017\/05\/universitatsklinikum-ulm-1366020__340-150x150.jpg\" alt=\"\" width=\"150\" height=\"150\" srcset=\"https:\/\/www.pacienti.cz\/wp-content\/uploads\/2017\/05\/universitatsklinikum-ulm-1366020__340-150x150.jpg 150w, https:\/\/www.pacienti.cz\/wp-content\/uploads\/2017\/05\/universitatsklinikum-ulm-1366020__340-144x144.jpg 144w\" sizes=\"(max-width: 150px) 100vw, 150px\" \/><\/h1>\n<h1><\/h1>\n<h1 class=\"shows_playlist-item-title\"><a href=\"https:\/\/www.ceskatelevize.cz\/porady\/10122978233-udalosti-v-regionech-ostrava\/419231100030604-udalosti-v-regionech\/video\/700659\" rel=\"nofollow\"><span style=\"color: #0000ff;\"><strong>Podm\u00edn\u011bn\u00fd trest pro 2 l\u00e9ka\u0159e v P\u0159erov\u011b<\/strong><\/span><\/a><\/h1>\n<p>&nbsp;<\/p>\n<p>&nbsp;<\/p>\n<h3><img loading=\"lazy\" decoding=\"async\" class=\"alignright wp-image-1578 size-thumbnail\" src=\"https:\/\/www.pacienti.cz\/wp-content\/uploads\/2018\/03\/Olej\u00e1r2-150x150.jpg\" alt=\"\" width=\"150\" height=\"150\" srcset=\"https:\/\/www.pacienti.cz\/wp-content\/uploads\/2018\/03\/Olej\u00e1r2-150x150.jpg 150w, https:\/\/www.pacienti.cz\/wp-content\/uploads\/2018\/03\/Olej\u00e1r2-144x144.jpg 144w\" sizes=\"(max-width: 150px) 100vw, 150px\" \/><\/h3>\n<h3><a href=\"https:\/\/www.ceskatelevize.cz\/porady\/10122978233-udalosti-v-regionech-ostrava\/419231100030604-udalosti-v-regionech\/video\/700660\"><strong><span style=\"color: #ff0000;\">Reakce prezidenta Svazu pacient\u016f \u010cR Lubo\u0161e Olej\u00e1re<\/span><\/strong><\/a><\/h3>\n<p>&nbsp;<\/p>\n<p>&nbsp;<\/p>\n<p>&nbsp;<\/p>\n","protected":false},"excerpt":{"rendered":"<p>Podm\u00edn\u011bn\u00fd trest pro 2 l\u00e9ka\u0159e v P\u0159erov\u011b &nbsp; &nbsp; Reakce prezidenta Svazu pacient\u016f \u010cR Lubo\u0161e Olej\u00e1re &nbsp; &nbsp; &nbsp;<\/p>\n","protected":false},"author":1,"featured_media":926,"comment_status":"closed","ping_status":"open","sticky":false,"template":"","format":"standard","meta":{"footnotes":""},"categories":[14],"tags":[],"_links":{"self":[{"href":"https:\/\/www.pacienti.cz\/index.php?rest_route=\/wp\/v2\/posts\/2124"}],"collection":[{"href":"https:\/\/www.pacienti.cz\/index.php?rest_route=\/wp\/v2\/posts"}],"about":[{"href":"https:\/\/www.pacienti.cz\/index.php?rest_route=\/wp\/v2\/types\/post"}],"author":[{"embeddable":true,"href":"https:\/\/www.pacienti.cz\/index.php?rest_route=\/wp\/v2\/users\/1"}],"replies":[{"embeddable":true,"href":"https:\/\/www.pacienti.cz\/index.php?rest_route=%2Fwp%2Fv2%2Fcomments&post=2124"}],"version-history":[{"count":1,"href":"https:\/\/www.pacienti.cz\/index.php?rest_route=\/wp\/v2\/posts\/2124\/revisions"}],"predecessor-version":[{"id":2125,"href":"https:\/\/www.pacienti.cz\/index.php?rest_route=\/wp\/v2\/posts\/2124\/revisions\/2125"}],"wp:featuredmedia":[{"embeddable":true,"href":"https:\/\/www.pacienti.cz\/index.php?rest_route=\/wp\/v2\/media\/926"}],"wp:attachment":[{"href":"https:\/\/www.pacienti.cz\/index.php?rest_route=%2Fwp%2Fv2%2Fmedia&parent=2124"}],"wp:term":[{"taxonomy":"category","embeddable":true,"href":"https:\/\/www.pacienti.cz\/index.php?rest_route=%2Fwp%2Fv2%2Fcategories&post=2124"},{"taxonomy":"post_tag","embeddable":true,"href":"https:\/\/www.pacienti.cz\/index.php?rest_route=%2Fwp%2Fv2%2Ftags&post=2124"}],"curies":[{"name":"wp","href":"https:\/\/api.w.org\/{rel}","templated":true}]}}