{"id":2130,"date":"2019-07-02T18:11:55","date_gmt":"2019-07-02T16:11:55","guid":{"rendered":"http:\/\/www.pacienti.cz\/?p=2130"},"modified":"2019-07-02T18:24:23","modified_gmt":"2019-07-02T16:24:23","slug":"tiskova-konferece-ke-krizi-ve-zdravotnictvi","status":"publish","type":"post","link":"https:\/\/www.pacienti.cz\/?p=2130","title":{"rendered":"Tiskov\u00e1 konferece ke krizi ve zdravotnictv\u00ed"},"content":{"rendered":"<hr \/>\n<p>&nbsp;<\/p>\n<h1><span style=\"color: #0000ff;\"><a style=\"color: #0000ff;\" href=\"http:\/\/www.zdravotnickeodbory.cz\/cz\/clanky\/27-6-2019-spolecna-tk-poskytovatelu-pece-a-odboru.aspx\"><strong>Spole\u010dn\u00e1 tiskov\u00e1 konference odbor\u016f a poskytovatel\u016f zdravotn\u00ed p\u00e9\u010de<\/strong><\/a><\/span><\/h1>\n<p><span style=\"color: #0000ff;\">\u00a0<\/span><\/p>\n<p>&nbsp;<\/p>\n<h3><span style=\"color: #0000ff;\"><a style=\"color: #0000ff;\" href=\"http:\/\/www.zdravotnickeodbory.cz\/cz\/clanky\/27-6-2019-spolecna-tk-poskytovatelu-pece-a-odboru.aspx\"><strong><img loading=\"lazy\" decoding=\"async\" class=\"alignleft wp-image-219 size-medium\" src=\"https:\/\/www.pacienti.cz\/wp-content\/uploads\/2015\/11\/\u017eitn\u00edkov\u00e1_1-266x300.bmp\" alt=\"\" width=\"266\" height=\"300\" srcset=\"https:\/\/www.pacienti.cz\/wp-content\/uploads\/2015\/11\/\u017eitn\u00edkov\u00e1_1-266x300.bmp 266w, https:\/\/www.pacienti.cz\/wp-content\/uploads\/2015\/11\/\u017eitn\u00edkov\u00e1_1.bmp 334w\" sizes=\"(max-width: 266px) 100vw, 266px\" \/><\/strong><\/a><\/span><strong>Spole\u010dn\u00e1 tiskov\u00e1 konference odbor\u016f a poskytovatel\u016f zdravotn\u00ed p\u00e9\u010de kv\u016fli situaci ve zdravotnictv\u00ed v roce 2020 se konala ve \u010dtvrtek 27. \u010dervna v Praze. <\/strong><\/h3>\n<p>&nbsp;<\/p>\n<h3><strong>Vystoupili na n\u00ed p\u0159edstavitel\u00e9: <\/strong><\/h3>\n<h3><\/h3>\n<h3><strong>&#8211; Asociace \u010desk\u00fdch a moravsk\u00fdch nemocnic, <\/strong><\/h3>\n<h3><strong>&#8211; Charity \u010cesk\u00e1 republika, <\/strong><\/h3>\n<h3><strong>&#8211; Diakonie \u010ceskobratrsk\u00e9 c\u00edrkve evangelick\u00e9, <\/strong><\/h3>\n<h3><strong>&#8211; Odborov\u00e9ho <\/strong><strong>svazu zdravotnictv\u00ed a soci\u00e1ln\u00ed p\u00e9\u010de \u010cesk\u00e9 republiky,<\/strong><\/h3>\n<h3><strong>&#8211; L\u00e9ka\u0159sk\u00e9ho odborov\u00e9ho klubu \u2013 Svazu \u010desk\u00fdch l\u00e9ka\u0159\u016f.<\/strong><\/h3>\n<p>&nbsp;<\/p>\n<p>&nbsp;<\/p>\n<h1><a href=\"http:\/\/www.zdravotnickeodbory.cz\/cz\/clanky\/27-6-2019-spolecna-tk-poskytovatelu-pece-a-odboru.aspx\"><span style=\"color: #0000ff;\"><strong><span style=\"color: #0000ff;\">Celou TK najdete ZDE<\/span><\/strong><\/span><\/a><\/h1>\n<p>&nbsp;<\/p>\n<hr \/>\n<p>&nbsp;<\/p>\n<h3>Foto:<\/h3>\n<h3>Tiskov\u00e1 konfetrence Krizov\u00e9ho \u0161t\u00e1bu pro zdravotn\u00ed p\u00e9\u010di &#8211; 27.6.2019<\/h3>\n<p>&nbsp;<\/p>\n<p><a href=\"https:\/\/www.pacienti.cz\/wp-content\/uploads\/2019\/07\/tk_krizovy_stab_27.6.2019.jpg\"><img loading=\"lazy\" decoding=\"async\" class=\"aligncenter wp-image-2134\" src=\"https:\/\/www.pacienti.cz\/wp-content\/uploads\/2019\/07\/tk_krizovy_stab_27.6.2019.jpg\" alt=\"\" width=\"300\" height=\"225\" \/><\/a><a href=\"https:\/\/www.pacienti.cz\/wp-content\/uploads\/2019\/07\/tk_krizovy_stab_.jpg\"><img loading=\"lazy\" decoding=\"async\" class=\"aligncenter wp-image-2135 size-full\" src=\"https:\/\/www.pacienti.cz\/wp-content\/uploads\/2019\/07\/tk_krizovy_stab_.jpg\" alt=\"\" width=\"700\" height=\"525\" srcset=\"https:\/\/www.pacienti.cz\/wp-content\/uploads\/2019\/07\/tk_krizovy_stab_.jpg 700w, https:\/\/www.pacienti.cz\/wp-content\/uploads\/2019\/07\/tk_krizovy_stab_-300x225.jpg 300w\" sizes=\"(max-width: 700px) 100vw, 700px\" \/><\/a><\/p>\n<p>&nbsp;<\/p>\n","protected":false},"excerpt":{"rendered":"<p>&nbsp; Spole\u010dn\u00e1 tiskov\u00e1 konference odbor\u016f a poskytovatel\u016f zdravotn\u00ed p\u00e9\u010de \u00a0 &nbsp; Spole\u010dn\u00e1 tiskov\u00e1 konference odbor\u016f a poskytovatel\u016f zdravotn\u00ed p\u00e9\u010de kv\u016fli situaci ve zdravotnictv\u00ed v roce 2020 se konala ve \u010dtvrtek 27. \u010dervna v Praze. &nbsp; Vystoupili na n\u00ed p\u0159edstavitel\u00e9: &#8211; Asociace \u010desk\u00fdch a moravsk\u00fdch nemocnic, &#8211; Charity \u010cesk\u00e1 republika, &#8211; Diakonie \u010ceskobratrsk\u00e9 c\u00edrkve evangelick\u00e9, &#8211; [&hellip;]<\/p>\n","protected":false},"author":1,"featured_media":1073,"comment_status":"closed","ping_status":"open","sticky":false,"template":"","format":"standard","meta":{"footnotes":""},"categories":[14],"tags":[],"_links":{"self":[{"href":"https:\/\/www.pacienti.cz\/index.php?rest_route=\/wp\/v2\/posts\/2130"}],"collection":[{"href":"https:\/\/www.pacienti.cz\/index.php?rest_route=\/wp\/v2\/posts"}],"about":[{"href":"https:\/\/www.pacienti.cz\/index.php?rest_route=\/wp\/v2\/types\/post"}],"author":[{"embeddable":true,"href":"https:\/\/www.pacienti.cz\/index.php?rest_route=\/wp\/v2\/users\/1"}],"replies":[{"embeddable":true,"href":"https:\/\/www.pacienti.cz\/index.php?rest_route=%2Fwp%2Fv2%2Fcomments&post=2130"}],"version-history":[{"count":7,"href":"https:\/\/www.pacienti.cz\/index.php?rest_route=\/wp\/v2\/posts\/2130\/revisions"}],"predecessor-version":[{"id":2139,"href":"https:\/\/www.pacienti.cz\/index.php?rest_route=\/wp\/v2\/posts\/2130\/revisions\/2139"}],"wp:featuredmedia":[{"embeddable":true,"href":"https:\/\/www.pacienti.cz\/index.php?rest_route=\/wp\/v2\/media\/1073"}],"wp:attachment":[{"href":"https:\/\/www.pacienti.cz\/index.php?rest_route=%2Fwp%2Fv2%2Fmedia&parent=2130"}],"wp:term":[{"taxonomy":"category","embeddable":true,"href":"https:\/\/www.pacienti.cz\/index.php?rest_route=%2Fwp%2Fv2%2Fcategories&post=2130"},{"taxonomy":"post_tag","embeddable":true,"href":"https:\/\/www.pacienti.cz\/index.php?rest_route=%2Fwp%2Fv2%2Ftags&post=2130"}],"curies":[{"name":"wp","href":"https:\/\/api.w.org\/{rel}","templated":true}]}}