{"id":2181,"date":"2019-08-18T23:05:34","date_gmt":"2019-08-18T21:05:34","guid":{"rendered":"http:\/\/www.pacienti.cz\/?p=2181"},"modified":"2019-08-18T23:22:35","modified_gmt":"2019-08-18T21:22:35","slug":"na-lekare-specialisty-se-ceka-mesice-i-kdyz-muze-jit-o-zivot","status":"publish","type":"post","link":"https:\/\/www.pacienti.cz\/?p=2181","title":{"rendered":"Na l\u00e9ka\u0159e specialisty se \u010dek\u00e1 m\u011bs\u00edce, i kdy\u017e m\u016f\u017ee j\u00edt o \u017eivot"},"content":{"rendered":"<hr \/>\n<p><img loading=\"lazy\" decoding=\"async\" class=\"alignright wp-image-1117 size-medium\" src=\"https:\/\/www.pacienti.cz\/wp-content\/uploads\/2016\/12\/doctor-1699656__340-277x300.jpg\" alt=\"\" width=\"277\" height=\"300\" srcset=\"https:\/\/www.pacienti.cz\/wp-content\/uploads\/2016\/12\/doctor-1699656__340-277x300.jpg 277w, https:\/\/www.pacienti.cz\/wp-content\/uploads\/2016\/12\/doctor-1699656__340.jpg 314w\" sizes=\"(max-width: 277px) 100vw, 277px\" \/><\/p>\n<p>&nbsp;<\/p>\n<h1 class=\"d_w d_x\"><span style=\"color: #0000ff;\"><a style=\"color: #0000ff;\" href=\"https:\/\/www.novinky.cz\/domaci\/clanek\/na-lekare-specialisty-se-ceka-mesice-i-kdyz-muze-jit-o-zivot-40293561\"><strong>Na l\u00e9ka\u0159e specialisty se \u010dek\u00e1 m\u011bs\u00edce, i\u00a0kdy\u017e m\u016f\u017ee j\u00edt o\u00a0\u017eivot<\/strong><\/a><\/span><\/h1>\n<p>&nbsp;<\/p>\n<p>Zdroj: novinky.cz<\/p>\n<p>&nbsp;<\/p>\n<h2 class=\"d_w d_y f_w\"><strong>\u0160pit\u00e1ly pln\u00e9 i o v\u00edkendech<\/strong><\/h2>\n<div class=\"f_cG\">\n<p class=\"d_cH\">Prezident Svazu pacient\u016f \u010cR Lubo\u0161 Olej\u00e1r Pr\u00e1vu \u0159ekl, \u017ee trend prodlu\u017euj\u00edc\u00edch se lh\u016ft sleduje u\u017e p\u0159es rok a st\u00e1le se zhor\u0161uje. \u201eLidi n\u00e1m dokonce u\u017e p\u00ed\u0161\u00ed, jestli jim m\u016f\u017eeme doporu\u010dit n\u011bjak\u00e1 za\u0159\u00edzen\u00ed, kde je vezmou. T\u00fdk\u00e1 se to zejm\u00e9na neurologie, ortopedie, vy\u0161et\u0159en\u00ed na sono a podobn\u011b. Pacienti chod\u00ed \u010dasto do nemocnic i o v\u00edkendech, kter\u00e9 jsou p\u0159epln\u011bn\u00e9,\u201c sd\u011blil Olej\u00e1r.<\/p>\n<\/div>\n<p><span style=\"color: #0000ff;\"><strong><a style=\"color: #0000ff;\" href=\"https:\/\/www.novinky.cz\/domaci\/clanek\/na-lekare-specialisty-se-ceka-mesice-i-kdyz-muze-jit-o-zivot-40293561\">Cel\u00e1 zpr\u00e1va &#8230;<\/a><\/strong><\/span><\/p>\n<p>&nbsp;<\/p>\n<p>&nbsp;<\/p>\n<p><a href=\"https:\/\/www.pacienti.cz\/wp-content\/uploads\/2015\/11\/olej\u00e1r_2.bmp\"><img loading=\"lazy\" decoding=\"async\" class=\"aligncenter wp-image-186 size-full\" src=\"https:\/\/www.pacienti.cz\/wp-content\/uploads\/2015\/11\/olej\u00e1r_2.bmp\" alt=\"\" width=\"939\" height=\"568\" srcset=\"https:\/\/www.pacienti.cz\/wp-content\/uploads\/2015\/11\/olej\u00e1r_2.bmp 939w, https:\/\/www.pacienti.cz\/wp-content\/uploads\/2015\/11\/olej\u00e1r_2-300x181.bmp 300w, https:\/\/www.pacienti.cz\/wp-content\/uploads\/2015\/11\/olej\u00e1r_2-200x120.bmp 200w\" sizes=\"(max-width: 939px) 100vw, 939px\" \/><\/a><\/p>\n<p>&nbsp;<\/p>\n<p>&nbsp;<\/p>\n<p>&nbsp;<\/p>\n","protected":false},"excerpt":{"rendered":"<p>&nbsp; Na l\u00e9ka\u0159e specialisty se \u010dek\u00e1 m\u011bs\u00edce, i\u00a0kdy\u017e m\u016f\u017ee j\u00edt o\u00a0\u017eivot &nbsp; Zdroj: novinky.cz &nbsp; \u0160pit\u00e1ly pln\u00e9 i o v\u00edkendech Prezident Svazu pacient\u016f \u010cR Lubo\u0161 Olej\u00e1r Pr\u00e1vu \u0159ekl, \u017ee trend prodlu\u017euj\u00edc\u00edch se lh\u016ft sleduje u\u017e p\u0159es rok a st\u00e1le se zhor\u0161uje. \u201eLidi n\u00e1m dokonce u\u017e p\u00ed\u0161\u00ed, jestli jim m\u016f\u017eeme doporu\u010dit n\u011bjak\u00e1 za\u0159\u00edzen\u00ed, kde je vezmou. [&hellip;]<\/p>\n","protected":false},"author":1,"featured_media":548,"comment_status":"closed","ping_status":"open","sticky":false,"template":"","format":"standard","meta":{"footnotes":""},"categories":[14],"tags":[],"_links":{"self":[{"href":"https:\/\/www.pacienti.cz\/index.php?rest_route=\/wp\/v2\/posts\/2181"}],"collection":[{"href":"https:\/\/www.pacienti.cz\/index.php?rest_route=\/wp\/v2\/posts"}],"about":[{"href":"https:\/\/www.pacienti.cz\/index.php?rest_route=\/wp\/v2\/types\/post"}],"author":[{"embeddable":true,"href":"https:\/\/www.pacienti.cz\/index.php?rest_route=\/wp\/v2\/users\/1"}],"replies":[{"embeddable":true,"href":"https:\/\/www.pacienti.cz\/index.php?rest_route=%2Fwp%2Fv2%2Fcomments&post=2181"}],"version-history":[{"count":5,"href":"https:\/\/www.pacienti.cz\/index.php?rest_route=\/wp\/v2\/posts\/2181\/revisions"}],"predecessor-version":[{"id":2186,"href":"https:\/\/www.pacienti.cz\/index.php?rest_route=\/wp\/v2\/posts\/2181\/revisions\/2186"}],"wp:featuredmedia":[{"embeddable":true,"href":"https:\/\/www.pacienti.cz\/index.php?rest_route=\/wp\/v2\/media\/548"}],"wp:attachment":[{"href":"https:\/\/www.pacienti.cz\/index.php?rest_route=%2Fwp%2Fv2%2Fmedia&parent=2181"}],"wp:term":[{"taxonomy":"category","embeddable":true,"href":"https:\/\/www.pacienti.cz\/index.php?rest_route=%2Fwp%2Fv2%2Fcategories&post=2181"},{"taxonomy":"post_tag","embeddable":true,"href":"https:\/\/www.pacienti.cz\/index.php?rest_route=%2Fwp%2Fv2%2Ftags&post=2181"}],"curies":[{"name":"wp","href":"https:\/\/api.w.org\/{rel}","templated":true}]}}