{"id":2250,"date":"2019-09-09T22:31:59","date_gmt":"2019-09-09T20:31:59","guid":{"rendered":"http:\/\/www.pacienti.cz\/?p=2250"},"modified":"2019-09-19T17:21:45","modified_gmt":"2019-09-19T15:21:45","slug":"zdravotnictvi-by-nakonec-mohlo-ziskat-z-fondu-pojistoven-jeste-miliardy-nad-ramec-uhradove-vyhlasky","status":"publish","type":"post","link":"https:\/\/www.pacienti.cz\/?p=2250","title":{"rendered":"Zdravotnictv\u00ed by mohlo z\u00edskat z fond\u016f poji\u0161\u0165oven je\u0161t\u011b miliardy nad r\u00e1mec \u00fahradov\u00e9 vyhl\u00e1\u0161ky"},"content":{"rendered":"<hr \/>\n<p><a href=\"http:\/\/www.9pkz.cz\/\"><img loading=\"lazy\" decoding=\"async\" class=\"alignright wp-image-2234 size-full\" src=\"https:\/\/www.pacienti.cz\/wp-content\/uploads\/2019\/08\/logo-KS-9pkz.jpg\" alt=\"\" width=\"296\" height=\"75\" \/><\/a><\/p>\n<h1 class=\"heading article-title view-main\"><span style=\"color: #0000ff;\"><strong><a style=\"color: #0000ff;\" href=\"https:\/\/ct24.ceskatelevize.cz\/domaci\/2919179-ministerstvo-zdravotnictvi-se-dohodlo-na-prerozdeleni-penez-odborarum-vojtech\">Zdravotnictv\u00ed by mohlo z\u00edskat z fond\u016f poji\u0161\u0165oven je\u0161t\u011b miliardy nad r\u00e1mec \u00fahradov\u00e9 vyhl\u00e1\u0161ky<\/a><\/strong><\/span><\/h1>\n<p>&nbsp;<\/p>\n<p>Koali\u010dn\u00ed politick\u00e1 rada ANO &#8211; \u010cSSD mus\u00ed rozhodnout o vyu\u017eit\u00ed dal\u0161\u00edch mili\u00e1rd nasyslenych na \u00fa\u010dtech zdravotn\u00edch poji\u0161\u0165oven. Miliardy pat\u0159\u00ed ob\u010dan\u016fm &#8211; pacient\u016fm, ne poji\u0161\u0165ovn\u00e1m nebo ministrovi!<\/p>\n<p>&nbsp;<\/p>\n<h3>1. <span style=\"color: #ff0000;\"><strong><a style=\"color: #ff0000;\" href=\"https:\/\/www.ceskatelevize.cz\/porady\/1097181328-udalosti\/219411000100909\/video\/718028,718029,718030,718031\">Financov\u00e1n\u00ed zdravotnictv\u00ed &#8211; CT24\u00a0<\/a><\/strong><\/span><\/h3>\n<h3>2. <a href=\"https:\/\/prima.iprima.cz\/zpravodajstvi\/9-9-2019-velke-zpravy-uhradova-vyhlaska-pro-rok-2020-je-dokoncena\"><strong>TV Prima:\u00a0\u00a0\u00daHRADOV\u00c1 VYHL\u00c1\u0160KA PRO ROK 2020 JE DOKON\u010cENA<\/strong><\/a><\/h3>\n<p>&nbsp;<\/p>\n<p>&nbsp;<\/p>\n","protected":false},"excerpt":{"rendered":"<p>Zdravotnictv\u00ed by mohlo z\u00edskat z fond\u016f poji\u0161\u0165oven je\u0161t\u011b miliardy nad r\u00e1mec \u00fahradov\u00e9 vyhl\u00e1\u0161ky &nbsp; Koali\u010dn\u00ed politick\u00e1 rada ANO &#8211; \u010cSSD mus\u00ed rozhodnout o vyu\u017eit\u00ed dal\u0161\u00edch mili\u00e1rd nasyslenych na \u00fa\u010dtech zdravotn\u00edch poji\u0161\u0165oven. Miliardy pat\u0159\u00ed ob\u010dan\u016fm &#8211; pacient\u016fm, ne poji\u0161\u0165ovn\u00e1m nebo ministrovi! &nbsp; 1. Financov\u00e1n\u00ed zdravotnictv\u00ed &#8211; CT24\u00a0 2. TV Prima:\u00a0\u00a0\u00daHRADOV\u00c1 VYHL\u00c1\u0160KA PRO ROK 2020 JE DOKON\u010cENA [&hellip;]<\/p>\n","protected":false},"author":1,"featured_media":2244,"comment_status":"closed","ping_status":"open","sticky":false,"template":"","format":"standard","meta":{"footnotes":""},"categories":[14],"tags":[],"_links":{"self":[{"href":"https:\/\/www.pacienti.cz\/index.php?rest_route=\/wp\/v2\/posts\/2250"}],"collection":[{"href":"https:\/\/www.pacienti.cz\/index.php?rest_route=\/wp\/v2\/posts"}],"about":[{"href":"https:\/\/www.pacienti.cz\/index.php?rest_route=\/wp\/v2\/types\/post"}],"author":[{"embeddable":true,"href":"https:\/\/www.pacienti.cz\/index.php?rest_route=\/wp\/v2\/users\/1"}],"replies":[{"embeddable":true,"href":"https:\/\/www.pacienti.cz\/index.php?rest_route=%2Fwp%2Fv2%2Fcomments&post=2250"}],"version-history":[{"count":5,"href":"https:\/\/www.pacienti.cz\/index.php?rest_route=\/wp\/v2\/posts\/2250\/revisions"}],"predecessor-version":[{"id":2255,"href":"https:\/\/www.pacienti.cz\/index.php?rest_route=\/wp\/v2\/posts\/2250\/revisions\/2255"}],"wp:featuredmedia":[{"embeddable":true,"href":"https:\/\/www.pacienti.cz\/index.php?rest_route=\/wp\/v2\/media\/2244"}],"wp:attachment":[{"href":"https:\/\/www.pacienti.cz\/index.php?rest_route=%2Fwp%2Fv2%2Fmedia&parent=2250"}],"wp:term":[{"taxonomy":"category","embeddable":true,"href":"https:\/\/www.pacienti.cz\/index.php?rest_route=%2Fwp%2Fv2%2Fcategories&post=2250"},{"taxonomy":"post_tag","embeddable":true,"href":"https:\/\/www.pacienti.cz\/index.php?rest_route=%2Fwp%2Fv2%2Ftags&post=2250"}],"curies":[{"name":"wp","href":"https:\/\/api.w.org\/{rel}","templated":true}]}}