{"id":2256,"date":"2019-09-10T21:02:28","date_gmt":"2019-09-10T19:02:28","guid":{"rendered":"http:\/\/www.pacienti.cz\/?p=2256"},"modified":"2019-09-19T17:20:01","modified_gmt":"2019-09-19T15:20:01","slug":"hamacek-je-nucen-vytvorit-stinoveho-ministr-zdravotnictvi","status":"publish","type":"post","link":"https:\/\/www.pacienti.cz\/?p=2256","title":{"rendered":"Ham\u00e1\u010dek je nucen vytvo\u0159it st\u00ednov\u00e9ho ministra zdravotnictv\u00ed"},"content":{"rendered":"<hr \/>\n<p>&nbsp;<\/p>\n<h1><span style=\"color: #ff0000;\"><strong>Ministr zdravotnictv\u00ed Adam Vojt\u011bch <a href=\"https:\/\/youtu.be\/wC5aKx8bVwQ?t=11\"><img loading=\"lazy\" decoding=\"async\" class=\"alignright wp-image-2234 size-full\" src=\"https:\/\/www.pacienti.cz\/wp-content\/uploads\/2019\/08\/logo-KS-9pkz.jpg\" alt=\"\" width=\"296\" height=\"75\" \/><\/a>nos\u00ed r\u016f\u017eov\u00e9 br\u00fdle&#8230;<\/strong><\/span><\/h1>\n<p>&nbsp;<\/p>\n<p>&nbsp;<\/p>\n<h1><span style=\"color: #0000ff;\"><strong>P\u0159edseda \u010cSSD Ham\u00e1\u010dek je nucen vytvo\u0159it st\u00ednov\u00e9ho ministra <a href=\"https:\/\/www.pacienti.cz\/wp-content\/uploads\/2019\/08\/9PKZ_TZ_10.9.2019.docx\"><img loading=\"lazy\" decoding=\"async\" class=\"alignright wp-image-2259 size-medium\" src=\"https:\/\/www.pacienti.cz\/wp-content\/uploads\/2019\/09\/foto_prohlaseni_5.9.19-300x222.jpg\" alt=\"\" width=\"300\" height=\"222\" srcset=\"https:\/\/www.pacienti.cz\/wp-content\/uploads\/2019\/09\/foto_prohlaseni_5.9.19-300x222.jpg 300w, https:\/\/www.pacienti.cz\/wp-content\/uploads\/2019\/09\/foto_prohlaseni_5.9.19-768x569.jpg 768w, https:\/\/www.pacienti.cz\/wp-content\/uploads\/2019\/09\/foto_prohlaseni_5.9.19-900x666.jpg 900w, https:\/\/www.pacienti.cz\/wp-content\/uploads\/2019\/09\/foto_prohlaseni_5.9.19.jpg 975w\" sizes=\"(max-width: 300px) 100vw, 300px\" \/><\/a>zdravotnictv\u00ed<\/strong><\/span><\/h1>\n<p>&nbsp;<\/p>\n<p>&nbsp;<\/p>\n<h1><strong>TV Prima:<\/strong> \u00a0\u00a0 <strong><a href=\"https:\/\/prima.iprima.cz\/zpravodajstvi\/10092019-1\"><span style=\"color: #ff0000;\">Zpr\u00e1vy &#8211; video 20 min. 20 sek.<\/span><\/a><\/strong><\/h1>\n<p>&nbsp;<\/p>\n<p>&nbsp;<\/p>\n<p>&nbsp;<\/p>\n<p>&nbsp;<\/p>\n<h1 class=\"title style-scope ytd-video-primary-info-renderer\"><span style=\"color: #0000ff;\"><strong><a style=\"color: #0000ff;\" href=\"https:\/\/www.youtube.com\/watch?v=5MT6qlDy_C4\">Krizov\u00fd \u0161t\u00e1b proti kolapsu zdravotnictv\u00ed<\/a><\/strong><\/span><\/h1>\n<p>&nbsp;<\/p>\n<hr \/>\n<p>&nbsp;<\/p>\n<p><a href=\"https:\/\/www.pacienti.cz\/wp-content\/uploads\/2019\/09\/1.-jednani-u-hamacka_20190911.jpg\"><img loading=\"lazy\" decoding=\"async\" class=\"alignnone size-full wp-image-2272\" src=\"https:\/\/www.pacienti.cz\/wp-content\/uploads\/2019\/09\/1.-jednani-u-hamacka_20190911.jpg\" alt=\"\" width=\"1984\" height=\"1488\" srcset=\"https:\/\/www.pacienti.cz\/wp-content\/uploads\/2019\/09\/1.-jednani-u-hamacka_20190911.jpg 1984w, https:\/\/www.pacienti.cz\/wp-content\/uploads\/2019\/09\/1.-jednani-u-hamacka_20190911-300x225.jpg 300w, https:\/\/www.pacienti.cz\/wp-content\/uploads\/2019\/09\/1.-jednani-u-hamacka_20190911-768x576.jpg 768w, https:\/\/www.pacienti.cz\/wp-content\/uploads\/2019\/09\/1.-jednani-u-hamacka_20190911-1024x768.jpg 1024w, https:\/\/www.pacienti.cz\/wp-content\/uploads\/2019\/09\/1.-jednani-u-hamacka_20190911-900x675.jpg 900w\" sizes=\"(max-width: 1984px) 100vw, 1984px\" \/><\/a> <a href=\"https:\/\/www.pacienti.cz\/wp-content\/uploads\/2019\/09\/2.jednani-u-hamacka_20190911.jpg\"><img loading=\"lazy\" decoding=\"async\" class=\"alignnone size-full wp-image-2273\" src=\"https:\/\/www.pacienti.cz\/wp-content\/uploads\/2019\/09\/2.jednani-u-hamacka_20190911.jpg\" alt=\"\" width=\"1984\" height=\"1488\" srcset=\"https:\/\/www.pacienti.cz\/wp-content\/uploads\/2019\/09\/2.jednani-u-hamacka_20190911.jpg 1984w, https:\/\/www.pacienti.cz\/wp-content\/uploads\/2019\/09\/2.jednani-u-hamacka_20190911-300x225.jpg 300w, https:\/\/www.pacienti.cz\/wp-content\/uploads\/2019\/09\/2.jednani-u-hamacka_20190911-768x576.jpg 768w, https:\/\/www.pacienti.cz\/wp-content\/uploads\/2019\/09\/2.jednani-u-hamacka_20190911-1024x768.jpg 1024w, https:\/\/www.pacienti.cz\/wp-content\/uploads\/2019\/09\/2.jednani-u-hamacka_20190911-900x675.jpg 900w\" sizes=\"(max-width: 1984px) 100vw, 1984px\" \/><\/a> <a href=\"https:\/\/www.pacienti.cz\/wp-content\/uploads\/2019\/09\/3.-jednani-u-hamacka_20190911.jpg\"><img loading=\"lazy\" decoding=\"async\" class=\"alignnone size-full wp-image-2274\" src=\"https:\/\/www.pacienti.cz\/wp-content\/uploads\/2019\/09\/3.-jednani-u-hamacka_20190911.jpg\" alt=\"\" width=\"1984\" height=\"1488\" srcset=\"https:\/\/www.pacienti.cz\/wp-content\/uploads\/2019\/09\/3.-jednani-u-hamacka_20190911.jpg 1984w, https:\/\/www.pacienti.cz\/wp-content\/uploads\/2019\/09\/3.-jednani-u-hamacka_20190911-300x225.jpg 300w, https:\/\/www.pacienti.cz\/wp-content\/uploads\/2019\/09\/3.-jednani-u-hamacka_20190911-768x576.jpg 768w, https:\/\/www.pacienti.cz\/wp-content\/uploads\/2019\/09\/3.-jednani-u-hamacka_20190911-1024x768.jpg 1024w, https:\/\/www.pacienti.cz\/wp-content\/uploads\/2019\/09\/3.-jednani-u-hamacka_20190911-900x675.jpg 900w\" sizes=\"(max-width: 1984px) 100vw, 1984px\" \/><\/a> <a href=\"https:\/\/www.pacienti.cz\/wp-content\/uploads\/2019\/09\/4.-jednani-u-hamacka_20190911.jpg\"><img loading=\"lazy\" decoding=\"async\" class=\"alignnone size-full wp-image-2275\" src=\"https:\/\/www.pacienti.cz\/wp-content\/uploads\/2019\/09\/4.-jednani-u-hamacka_20190911.jpg\" alt=\"\" width=\"1984\" height=\"1488\" srcset=\"https:\/\/www.pacienti.cz\/wp-content\/uploads\/2019\/09\/4.-jednani-u-hamacka_20190911.jpg 1984w, https:\/\/www.pacienti.cz\/wp-content\/uploads\/2019\/09\/4.-jednani-u-hamacka_20190911-300x225.jpg 300w, https:\/\/www.pacienti.cz\/wp-content\/uploads\/2019\/09\/4.-jednani-u-hamacka_20190911-768x576.jpg 768w, https:\/\/www.pacienti.cz\/wp-content\/uploads\/2019\/09\/4.-jednani-u-hamacka_20190911-1024x768.jpg 1024w, https:\/\/www.pacienti.cz\/wp-content\/uploads\/2019\/09\/4.-jednani-u-hamacka_20190911-900x675.jpg 900w\" sizes=\"(max-width: 1984px) 100vw, 1984px\" \/><\/a> <a href=\"https:\/\/www.pacienti.cz\/wp-content\/uploads\/2019\/09\/5.-jednani-u-hamacka_20190911.jpg\"><img loading=\"lazy\" decoding=\"async\" class=\"alignnone size-full wp-image-2276\" src=\"https:\/\/www.pacienti.cz\/wp-content\/uploads\/2019\/09\/5.-jednani-u-hamacka_20190911.jpg\" alt=\"\" width=\"1984\" height=\"1488\" srcset=\"https:\/\/www.pacienti.cz\/wp-content\/uploads\/2019\/09\/5.-jednani-u-hamacka_20190911.jpg 1984w, https:\/\/www.pacienti.cz\/wp-content\/uploads\/2019\/09\/5.-jednani-u-hamacka_20190911-300x225.jpg 300w, https:\/\/www.pacienti.cz\/wp-content\/uploads\/2019\/09\/5.-jednani-u-hamacka_20190911-768x576.jpg 768w, https:\/\/www.pacienti.cz\/wp-content\/uploads\/2019\/09\/5.-jednani-u-hamacka_20190911-1024x768.jpg 1024w, https:\/\/www.pacienti.cz\/wp-content\/uploads\/2019\/09\/5.-jednani-u-hamacka_20190911-900x675.jpg 900w\" sizes=\"(max-width: 1984px) 100vw, 1984px\" \/><\/a> <a href=\"https:\/\/www.pacienti.cz\/wp-content\/uploads\/2019\/09\/6.-po-jednani-u-hamacka_20190911.jpg\"><img loading=\"lazy\" decoding=\"async\" class=\"alignnone size-full wp-image-2277\" src=\"https:\/\/www.pacienti.cz\/wp-content\/uploads\/2019\/09\/6.-po-jednani-u-hamacka_20190911.jpg\" alt=\"\" width=\"1488\" height=\"1984\" srcset=\"https:\/\/www.pacienti.cz\/wp-content\/uploads\/2019\/09\/6.-po-jednani-u-hamacka_20190911.jpg 1488w, https:\/\/www.pacienti.cz\/wp-content\/uploads\/2019\/09\/6.-po-jednani-u-hamacka_20190911-225x300.jpg 225w, https:\/\/www.pacienti.cz\/wp-content\/uploads\/2019\/09\/6.-po-jednani-u-hamacka_20190911-768x1024.jpg 768w, https:\/\/www.pacienti.cz\/wp-content\/uploads\/2019\/09\/6.-po-jednani-u-hamacka_20190911-900x1200.jpg 900w\" sizes=\"(max-width: 1488px) 100vw, 1488px\" \/><\/a> <a href=\"https:\/\/www.pacienti.cz\/wp-content\/uploads\/2019\/09\/7.-po-jednani-u-hamacka_20190911.jpg\"><img loading=\"lazy\" decoding=\"async\" class=\"alignnone size-full wp-image-2278\" src=\"https:\/\/www.pacienti.cz\/wp-content\/uploads\/2019\/09\/7.-po-jednani-u-hamacka_20190911.jpg\" alt=\"\" width=\"1488\" height=\"1984\" srcset=\"https:\/\/www.pacienti.cz\/wp-content\/uploads\/2019\/09\/7.-po-jednani-u-hamacka_20190911.jpg 1488w, https:\/\/www.pacienti.cz\/wp-content\/uploads\/2019\/09\/7.-po-jednani-u-hamacka_20190911-225x300.jpg 225w, https:\/\/www.pacienti.cz\/wp-content\/uploads\/2019\/09\/7.-po-jednani-u-hamacka_20190911-768x1024.jpg 768w, https:\/\/www.pacienti.cz\/wp-content\/uploads\/2019\/09\/7.-po-jednani-u-hamacka_20190911-900x1200.jpg 900w\" sizes=\"(max-width: 1488px) 100vw, 1488px\" \/><\/a><\/p>\n<p>&nbsp;<\/p>\n<p>&nbsp;<\/p>\n<p>&nbsp;<\/p>\n<p>&nbsp;<\/p>\n<p>&nbsp;<\/p>\n<p>&nbsp;<\/p>\n","protected":false},"excerpt":{"rendered":"<p>&nbsp; Ministr zdravotnictv\u00ed Adam Vojt\u011bch nos\u00ed r\u016f\u017eov\u00e9 br\u00fdle&#8230; &nbsp; &nbsp; P\u0159edseda \u010cSSD Ham\u00e1\u010dek je nucen vytvo\u0159it st\u00ednov\u00e9ho ministra zdravotnictv\u00ed &nbsp; &nbsp; TV Prima: \u00a0\u00a0 Zpr\u00e1vy &#8211; video 20 min. 20 sek. &nbsp; &nbsp; &nbsp; &nbsp; Krizov\u00fd \u0161t\u00e1b proti kolapsu zdravotnictv\u00ed &nbsp; &nbsp; &nbsp; &nbsp; &nbsp; &nbsp; &nbsp; &nbsp;<\/p>\n","protected":false},"author":1,"featured_media":2234,"comment_status":"closed","ping_status":"open","sticky":false,"template":"","format":"standard","meta":{"footnotes":""},"categories":[14],"tags":[],"_links":{"self":[{"href":"https:\/\/www.pacienti.cz\/index.php?rest_route=\/wp\/v2\/posts\/2256"}],"collection":[{"href":"https:\/\/www.pacienti.cz\/index.php?rest_route=\/wp\/v2\/posts"}],"about":[{"href":"https:\/\/www.pacienti.cz\/index.php?rest_route=\/wp\/v2\/types\/post"}],"author":[{"embeddable":true,"href":"https:\/\/www.pacienti.cz\/index.php?rest_route=\/wp\/v2\/users\/1"}],"replies":[{"embeddable":true,"href":"https:\/\/www.pacienti.cz\/index.php?rest_route=%2Fwp%2Fv2%2Fcomments&post=2256"}],"version-history":[{"count":16,"href":"https:\/\/www.pacienti.cz\/index.php?rest_route=\/wp\/v2\/posts\/2256\/revisions"}],"predecessor-version":[{"id":2283,"href":"https:\/\/www.pacienti.cz\/index.php?rest_route=\/wp\/v2\/posts\/2256\/revisions\/2283"}],"wp:featuredmedia":[{"embeddable":true,"href":"https:\/\/www.pacienti.cz\/index.php?rest_route=\/wp\/v2\/media\/2234"}],"wp:attachment":[{"href":"https:\/\/www.pacienti.cz\/index.php?rest_route=%2Fwp%2Fv2%2Fmedia&parent=2256"}],"wp:term":[{"taxonomy":"category","embeddable":true,"href":"https:\/\/www.pacienti.cz\/index.php?rest_route=%2Fwp%2Fv2%2Fcategories&post=2256"},{"taxonomy":"post_tag","embeddable":true,"href":"https:\/\/www.pacienti.cz\/index.php?rest_route=%2Fwp%2Fv2%2Ftags&post=2256"}],"curies":[{"name":"wp","href":"https:\/\/api.w.org\/{rel}","templated":true}]}}