{"id":2284,"date":"2019-09-11T14:35:36","date_gmt":"2019-09-11T12:35:36","guid":{"rendered":"http:\/\/www.pacienti.cz\/?p=2284"},"modified":"2019-09-19T17:19:53","modified_gmt":"2019-09-19T15:19:53","slug":"krizovy-stab-zdravotnictvi-dnes-v-1630-jedna-s-premierem-babisem","status":"publish","type":"post","link":"https:\/\/www.pacienti.cz\/?p=2284","title":{"rendered":"Krizov\u00fd \u0161t\u00e1b zdravotnictv\u00ed jednal s premi\u00e9rem Babi\u0161em"},"content":{"rendered":"<hr \/>\n<p>&nbsp;<\/p>\n<h1><strong>Krizov\u00fd \u0161t\u00e1b proti kolapsu zdravotnictv\u00ed <a href=\"https:\/\/www.pacienti.cz\/?attachment_id=2289\"><img loading=\"lazy\" decoding=\"async\" class=\"alignright wp-image-2289 size-medium\" src=\"https:\/\/www.pacienti.cz\/wp-content\/uploads\/2019\/09\/9403D644-C741-4CA5-8672-5EE220982F79-300x225.jpeg\" alt=\"\" width=\"300\" height=\"225\" srcset=\"https:\/\/www.pacienti.cz\/wp-content\/uploads\/2019\/09\/9403D644-C741-4CA5-8672-5EE220982F79-300x225.jpeg 300w, https:\/\/www.pacienti.cz\/wp-content\/uploads\/2019\/09\/9403D644-C741-4CA5-8672-5EE220982F79-768x576.jpeg 768w, https:\/\/www.pacienti.cz\/wp-content\/uploads\/2019\/09\/9403D644-C741-4CA5-8672-5EE220982F79-1024x768.jpeg 1024w, https:\/\/www.pacienti.cz\/wp-content\/uploads\/2019\/09\/9403D644-C741-4CA5-8672-5EE220982F79-900x675.jpeg 900w, https:\/\/www.pacienti.cz\/wp-content\/uploads\/2019\/09\/9403D644-C741-4CA5-8672-5EE220982F79.jpeg 1600w\" sizes=\"(max-width: 300px) 100vw, 300px\" \/><\/a><\/strong><\/h1>\n<h1><strong>jednal na \u00da\u0159adu vl\u00e1dy <\/strong><\/h1>\n<h1><strong>s premi\u00e9rem Andrejem Babi\u0161em<\/strong><\/h1>\n<h1><\/h1>\n<h1><strong>o sv\u00fdch po\u017eadavc\u00edch<\/strong><\/h1>\n<h1><strong>na uvoln\u011bn\u00ed dal\u0161\u00edch 19 mili\u00e1rd <\/strong><\/h1>\n<h1><strong>nad ji\u017e dohodnut\u00fdch 26 mili\u00e1rd<\/strong>.<\/h1>\n<p>&nbsp;<\/p>\n<p>Pen\u00edze na Z\u00e1kladn\u00edch \u00fa\u010dtech zdravotn\u00edch poji\u0161\u0165oven jsou ur\u010deny<\/p>\n<p>k proplacen\u00ed poskytnut\u00e9 zdravotn\u00ed p\u00e9\u010de,<\/p>\n<p>nikoliv, aby je Spr\u00e1vn\u00ed rady ZP a ministerstvo zdravotnictv\u00ed<\/p>\n<p>nedali pacient\u00fam na p\u00e9\u010di.<\/p>\n<p>&nbsp;<\/p>\n<p><a href=\"https:\/\/www.pacienti.cz\/wp-content\/uploads\/2019\/09\/BA3C620F-63DE-4513-8F9F-CAE1A978BA31.jpeg\"><img loading=\"lazy\" decoding=\"async\" class=\"alignnone wp-image-2290 size-large\" src=\"https:\/\/www.pacienti.cz\/wp-content\/uploads\/2019\/09\/BA3C620F-63DE-4513-8F9F-CAE1A978BA31-1024x768.jpeg\" alt=\"\" width=\"794\" height=\"596\" srcset=\"https:\/\/www.pacienti.cz\/wp-content\/uploads\/2019\/09\/BA3C620F-63DE-4513-8F9F-CAE1A978BA31-1024x768.jpeg 1024w, https:\/\/www.pacienti.cz\/wp-content\/uploads\/2019\/09\/BA3C620F-63DE-4513-8F9F-CAE1A978BA31-300x225.jpeg 300w, https:\/\/www.pacienti.cz\/wp-content\/uploads\/2019\/09\/BA3C620F-63DE-4513-8F9F-CAE1A978BA31-768x576.jpeg 768w, https:\/\/www.pacienti.cz\/wp-content\/uploads\/2019\/09\/BA3C620F-63DE-4513-8F9F-CAE1A978BA31-900x675.jpeg 900w, https:\/\/www.pacienti.cz\/wp-content\/uploads\/2019\/09\/BA3C620F-63DE-4513-8F9F-CAE1A978BA31.jpeg 1600w\" sizes=\"(max-width: 794px) 100vw, 794px\" \/><\/a><\/p>\n<p>&nbsp;<\/p>\n<p><a href=\"https:\/\/www.pacienti.cz\/wp-content\/uploads\/2019\/09\/40CACFA3-1F1F-4F85-81C6-9CB996BE2394.jpeg\"><img loading=\"lazy\" decoding=\"async\" class=\"alignnone size-full wp-image-2292\" src=\"https:\/\/www.pacienti.cz\/wp-content\/uploads\/2019\/09\/40CACFA3-1F1F-4F85-81C6-9CB996BE2394.jpeg\" alt=\"\" width=\"1600\" height=\"1200\" srcset=\"https:\/\/www.pacienti.cz\/wp-content\/uploads\/2019\/09\/40CACFA3-1F1F-4F85-81C6-9CB996BE2394.jpeg 1600w, https:\/\/www.pacienti.cz\/wp-content\/uploads\/2019\/09\/40CACFA3-1F1F-4F85-81C6-9CB996BE2394-300x225.jpeg 300w, https:\/\/www.pacienti.cz\/wp-content\/uploads\/2019\/09\/40CACFA3-1F1F-4F85-81C6-9CB996BE2394-768x576.jpeg 768w, https:\/\/www.pacienti.cz\/wp-content\/uploads\/2019\/09\/40CACFA3-1F1F-4F85-81C6-9CB996BE2394-1024x768.jpeg 1024w, https:\/\/www.pacienti.cz\/wp-content\/uploads\/2019\/09\/40CACFA3-1F1F-4F85-81C6-9CB996BE2394-900x675.jpeg 900w\" sizes=\"(max-width: 1600px) 100vw, 1600px\" \/><\/a><\/p>\n<p>&nbsp;<\/p>\n<h3><b>Odm\u00edt\u00e1me prodlu\u017eov\u00e1n\u00ed \u010dekac\u00edch dob a\u017e na 3 m\u011bs\u00edce jen proto, \u017ee poskytovatele p\u00e9\u010de nemaj\u00ed pot\u0159ebn\u00e9 finan\u010dn\u00ed prost\u0159edky!<\/b><\/h3>\n<p>&nbsp;<\/p>\n<p><strong>Proto po\u017eadujeme:<\/strong><\/p>\n<ol>\n<li><strong>do r. 2021 &#8211; zajistit 9 % HDP pro zdravotnictv\u00ed<\/strong><\/li>\n<li>Zv\u00fd\u0161it \u00fahrady nemocnic\u00edm minim\u00e1ln\u011b o 12 % a region\u00e1ln\u00edm nemocnic\u00edm nav\u00edc zv\u00fd\u0161it minim\u00e1ln\u00ed z\u00e1kladn\u00ed sazbu o 2\u00a0000 K\u010d.<\/li>\n<li>Zv\u00fd\u0161it \u00fahrady za n\u00e1slednou p\u00e9\u010di o 1000 K\u010d na l\u016f\u017eko a den.<\/li>\n<li>Zv\u00fd\u0161it \u00fahrady za dom\u00e1c\u00ed p\u00e9\u010di o 40 %.<\/li>\n<li>Zv\u00fd\u0161it \u00fahrady za zdravotn\u00ed p\u00e9\u010di poskytovanou v\u00a0soci\u00e1ln\u00edch slu\u017eb\u00e1ch o 40 %.<\/li>\n<li>Zv\u00fd\u0161it \u00fahrady za zdravotn\u00ed p\u00e9\u010di poskytovanou v\u00a0dal\u0161\u00edch segmentech 10 %.<\/li>\n<\/ol>\n<p>&nbsp;<\/p>\n<p><strong><u>9 % HDP pro zdravotnictv\u00ed v\u00a0\u010cR umo\u017en\u00ed:<\/u><\/strong><\/p>\n<ol>\n<li>Zachovat sou\u010dasnou s\u00ed\u0165 nemocnic, obnovit provoz uzav\u0159en\u00fdch odd\u011blen\u00ed, omezit p\u0159et\u011b\u017eov\u00e1n\u00ed person\u00e1lu, v nemocnic\u00edch zlep\u0161ovat pracovn\u00ed podm\u00ednky, pracovn\u00ed prost\u0159ed\u00ed a vybaven\u00ed.<\/li>\n<li>Zabr\u00e1nit finan\u010dn\u00edmu a person\u00e1ln\u00edmu kolapsu dom\u00e1c\u00ed p\u00e9\u010de o pacienty, zajistit jej\u00ed rozvoj.<\/li>\n<li>Poskytovat pot\u0159ebnou zdravotn\u00ed p\u00e9\u010di klient\u016fm soci\u00e1ln\u00edch slu\u017eeb v\u00a0m\u00edst\u011b jejich pobytu, m\u00edsto aby se pl\u00fdtvalo vyu\u017e\u00edv\u00e1n\u00edm z\u00e1chranky a nemocnic kv\u016fli banalit\u00e1m.<\/li>\n<li>Zv\u00fd\u0161it platy a mzdy zam\u011bstnanc\u016fm, z\u00edsk\u00e1vat je zp\u011bt do zdravotnictv\u00ed a zv\u00fd\u0161it jejich po\u010det.<\/li>\n<li>Omezit mno\u017estv\u00ed p\u0159es\u010dasov\u00e9 pr\u00e1ce a poru\u0161ov\u00e1n\u00ed z\u00e1kon\u00edku pr\u00e1ce v nemocnic\u00edch.<\/li>\n<li>Zlep\u0161it postgradu\u00e1ln\u00ed vzd\u011bl\u00e1v\u00e1n\u00ed l\u00e9ka\u0159\u016f, a t\u00edm i atraktivitu zam\u011bstn\u00e1n\u00ed v\u00a0\u010cR.<\/li>\n<li>Zlep\u0161ovat kvalitu p\u00e9\u010de, p\u0159estat z\u00a0nemocnic propou\u0161t\u011bt nedol\u00e9\u010den\u00e9 pacienty.<\/li>\n<li>V\u00a0p\u0159\u00edpad\u011b pot\u0159eby rychl\u00e9 pomoci m\u00edt k\u00a0dispozici z\u00e1chranku i pot\u0159ebn\u00e9 l\u016f\u017eko v\u00a0nemocnici.<\/li>\n<li>B\u011b\u017enou zdravotn\u00ed p\u00e9\u010di zajistit v\u00a0bl\u00edzk\u00e9 nemocnici a zachovat kontakt s\u00a0rodinou motivuj\u00edc\u00ed k\u00a0uzdraven\u00ed.<\/li>\n<\/ol>\n<p>Praha 11.9.2019<\/p>\n<p>&nbsp;<\/p>\n<hr \/>\n<p>&nbsp;<\/p>\n<p>Tiskov\u00e9 zpr\u00e1vy<\/p>\n<p>&nbsp;<\/p>\n<ul>\n<li>\n<h1><span style=\"color: #0000ff;\"><a style=\"color: #0000ff;\" href=\"https:\/\/www.lidovky.cz\/byznys\/statni-pokladna\/z-rezerv-pojistoven-bude-nutne-cerpat-uz-pristi-rok-vojtech-oznacil-pristup-stabu-za-natlak-a-lobbin.A190911_190957_statni-pokladna_ele\">Z rezerv poji\u0161\u0165oven bude nutn\u00e9 \u010derpat u\u017e p\u0159\u00ed\u0161t\u00ed rok.<\/a><\/span><\/h1>\n<\/li>\n<li>\n<h1><strong><a href=\"https:\/\/m.facebook.com\/story.php?story_fbid=108653730522338&amp;id=101997004521344\">Zpr\u00e1va po jedn\u00e1n\u00ed s premi\u00e9rem Babi\u0161em 11.9.2019<\/a><\/strong><\/h1>\n<\/li>\n<\/ul>\n<p>&nbsp;<\/p>\n<p>&nbsp;<\/p>\n","protected":false},"excerpt":{"rendered":"<p>&nbsp; Krizov\u00fd \u0161t\u00e1b proti kolapsu zdravotnictv\u00ed jednal na \u00da\u0159adu vl\u00e1dy s premi\u00e9rem Andrejem Babi\u0161em o sv\u00fdch po\u017eadavc\u00edch na uvoln\u011bn\u00ed dal\u0161\u00edch 19 mili\u00e1rd nad ji\u017e dohodnut\u00fdch 26 mili\u00e1rd. &nbsp; Pen\u00edze na Z\u00e1kladn\u00edch \u00fa\u010dtech zdravotn\u00edch poji\u0161\u0165oven jsou ur\u010deny k proplacen\u00ed poskytnut\u00e9 zdravotn\u00ed p\u00e9\u010de, nikoliv, aby je Spr\u00e1vn\u00ed rady ZP a ministerstvo zdravotnictv\u00ed nedali pacient\u00fam na p\u00e9\u010di. &nbsp; [&hellip;]<\/p>\n","protected":false},"author":1,"featured_media":2290,"comment_status":"closed","ping_status":"open","sticky":false,"template":"","format":"standard","meta":{"footnotes":""},"categories":[14],"tags":[],"_links":{"self":[{"href":"https:\/\/www.pacienti.cz\/index.php?rest_route=\/wp\/v2\/posts\/2284"}],"collection":[{"href":"https:\/\/www.pacienti.cz\/index.php?rest_route=\/wp\/v2\/posts"}],"about":[{"href":"https:\/\/www.pacienti.cz\/index.php?rest_route=\/wp\/v2\/types\/post"}],"author":[{"embeddable":true,"href":"https:\/\/www.pacienti.cz\/index.php?rest_route=\/wp\/v2\/users\/1"}],"replies":[{"embeddable":true,"href":"https:\/\/www.pacienti.cz\/index.php?rest_route=%2Fwp%2Fv2%2Fcomments&post=2284"}],"version-history":[{"count":5,"href":"https:\/\/www.pacienti.cz\/index.php?rest_route=\/wp\/v2\/posts\/2284\/revisions"}],"predecessor-version":[{"id":2293,"href":"https:\/\/www.pacienti.cz\/index.php?rest_route=\/wp\/v2\/posts\/2284\/revisions\/2293"}],"wp:featuredmedia":[{"embeddable":true,"href":"https:\/\/www.pacienti.cz\/index.php?rest_route=\/wp\/v2\/media\/2290"}],"wp:attachment":[{"href":"https:\/\/www.pacienti.cz\/index.php?rest_route=%2Fwp%2Fv2%2Fmedia&parent=2284"}],"wp:term":[{"taxonomy":"category","embeddable":true,"href":"https:\/\/www.pacienti.cz\/index.php?rest_route=%2Fwp%2Fv2%2Fcategories&post=2284"},{"taxonomy":"post_tag","embeddable":true,"href":"https:\/\/www.pacienti.cz\/index.php?rest_route=%2Fwp%2Fv2%2Ftags&post=2284"}],"curies":[{"name":"wp","href":"https:\/\/api.w.org\/{rel}","templated":true}]}}