{"id":2346,"date":"2019-09-24T17:51:13","date_gmt":"2019-09-24T15:51:13","guid":{"rendered":"http:\/\/www.pacienti.cz\/?p=2346"},"modified":"2019-09-25T19:00:50","modified_gmt":"2019-09-25T17:00:50","slug":"krizovy-stab-proti-kolapsu-zdravotnictvi","status":"publish","type":"post","link":"https:\/\/www.pacienti.cz\/?p=2346","title":{"rendered":"Krizov\u00fd \u0161t\u00e1b proti kolapsu zdravotnictv\u00ed ve Zl\u00edn\u011b"},"content":{"rendered":"<hr \/>\n<hr \/>\n<p>&nbsp;<\/p>\n<h1><span style=\"color: #0000ff;\"><strong><a style=\"color: #0000ff;\" href=\"https:\/\/www.9pkz.cz\/\">Krizov\u00fd \u0161t\u00e1b proti kolapsu zdravotnictv\u00ed ve Zl\u00edn\u011b<\/a><\/strong><\/span><\/h1>\n<p>&nbsp;<\/p>\n<h2>Zl\u00edn &#8211; Krizov\u00fd \u0161t\u00e1b nav\u0161t\u00edvil 23.9.2019 nemocnici ve Zl\u00edn\u011b, kde se setkal se zam\u011bstnanci nemocnice a hejtmanem kraje \u010cunkem, aby prezentovali po\u017eadavky p\u0159elo\u017een\u00e9 ministru zdravotnictv\u00ed a premi\u00e9rovi Babi\u0161ovi&#8230;<\/h2>\n<p>&nbsp;<\/p>\n<p>&nbsp;<\/p>\n<p><a href=\"https:\/\/www.pacienti.cz\/wp-content\/uploads\/2019\/09\/krizovy_stab_zlin_23.9.19.jpg\"><img loading=\"lazy\" decoding=\"async\" class=\"alignnone size-full wp-image-2351\" src=\"https:\/\/www.pacienti.cz\/wp-content\/uploads\/2019\/09\/krizovy_stab_zlin_23.9.19.jpg\" alt=\"\" width=\"1106\" height=\"734\" srcset=\"https:\/\/www.pacienti.cz\/wp-content\/uploads\/2019\/09\/krizovy_stab_zlin_23.9.19.jpg 1106w, https:\/\/www.pacienti.cz\/wp-content\/uploads\/2019\/09\/krizovy_stab_zlin_23.9.19-300x199.jpg 300w, https:\/\/www.pacienti.cz\/wp-content\/uploads\/2019\/09\/krizovy_stab_zlin_23.9.19-768x510.jpg 768w, https:\/\/www.pacienti.cz\/wp-content\/uploads\/2019\/09\/krizovy_stab_zlin_23.9.19-1024x680.jpg 1024w, https:\/\/www.pacienti.cz\/wp-content\/uploads\/2019\/09\/krizovy_stab_zlin_23.9.19-900x597.jpg 900w\" sizes=\"(max-width: 1106px) 100vw, 1106px\" \/><\/a><\/p>\n<p>&nbsp;<\/p>\n<p><a href=\"https:\/\/www.pacienti.cz\/wp-content\/uploads\/2019\/09\/krizovy_stab_v_nemocnici_T_Bati_ve_Zline_23.9.19.jpg\"><img loading=\"lazy\" decoding=\"async\" class=\"alignnone size-full wp-image-2348\" src=\"https:\/\/www.pacienti.cz\/wp-content\/uploads\/2019\/09\/krizovy_stab_v_nemocnici_T_Bati_ve_Zline_23.9.19.jpg\" alt=\"\" width=\"2016\" height=\"1512\" srcset=\"https:\/\/www.pacienti.cz\/wp-content\/uploads\/2019\/09\/krizovy_stab_v_nemocnici_T_Bati_ve_Zline_23.9.19.jpg 2016w, https:\/\/www.pacienti.cz\/wp-content\/uploads\/2019\/09\/krizovy_stab_v_nemocnici_T_Bati_ve_Zline_23.9.19-300x225.jpg 300w, https:\/\/www.pacienti.cz\/wp-content\/uploads\/2019\/09\/krizovy_stab_v_nemocnici_T_Bati_ve_Zline_23.9.19-768x576.jpg 768w, https:\/\/www.pacienti.cz\/wp-content\/uploads\/2019\/09\/krizovy_stab_v_nemocnici_T_Bati_ve_Zline_23.9.19-1024x768.jpg 1024w, https:\/\/www.pacienti.cz\/wp-content\/uploads\/2019\/09\/krizovy_stab_v_nemocnici_T_Bati_ve_Zline_23.9.19-900x675.jpg 900w\" sizes=\"(max-width: 2016px) 100vw, 2016px\" \/><\/a><\/p>\n<p>&nbsp;<\/p>\n<p>&nbsp;<\/p>\n","protected":false},"excerpt":{"rendered":"<p>&nbsp; Krizov\u00fd \u0161t\u00e1b proti kolapsu zdravotnictv\u00ed ve Zl\u00edn\u011b &nbsp; Zl\u00edn &#8211; Krizov\u00fd \u0161t\u00e1b nav\u0161t\u00edvil 23.9.2019 nemocnici ve Zl\u00edn\u011b, kde se setkal se zam\u011bstnanci nemocnice a hejtmanem kraje \u010cunkem, aby prezentovali po\u017eadavky p\u0159elo\u017een\u00e9 ministru zdravotnictv\u00ed a premi\u00e9rovi Babi\u0161ovi&#8230; &nbsp; &nbsp; &nbsp; &nbsp; &nbsp;<\/p>\n","protected":false},"author":1,"featured_media":2351,"comment_status":"closed","ping_status":"open","sticky":false,"template":"","format":"standard","meta":{"footnotes":""},"categories":[14],"tags":[],"_links":{"self":[{"href":"https:\/\/www.pacienti.cz\/index.php?rest_route=\/wp\/v2\/posts\/2346"}],"collection":[{"href":"https:\/\/www.pacienti.cz\/index.php?rest_route=\/wp\/v2\/posts"}],"about":[{"href":"https:\/\/www.pacienti.cz\/index.php?rest_route=\/wp\/v2\/types\/post"}],"author":[{"embeddable":true,"href":"https:\/\/www.pacienti.cz\/index.php?rest_route=\/wp\/v2\/users\/1"}],"replies":[{"embeddable":true,"href":"https:\/\/www.pacienti.cz\/index.php?rest_route=%2Fwp%2Fv2%2Fcomments&post=2346"}],"version-history":[{"count":10,"href":"https:\/\/www.pacienti.cz\/index.php?rest_route=\/wp\/v2\/posts\/2346\/revisions"}],"predecessor-version":[{"id":2359,"href":"https:\/\/www.pacienti.cz\/index.php?rest_route=\/wp\/v2\/posts\/2346\/revisions\/2359"}],"wp:featuredmedia":[{"embeddable":true,"href":"https:\/\/www.pacienti.cz\/index.php?rest_route=\/wp\/v2\/media\/2351"}],"wp:attachment":[{"href":"https:\/\/www.pacienti.cz\/index.php?rest_route=%2Fwp%2Fv2%2Fmedia&parent=2346"}],"wp:term":[{"taxonomy":"category","embeddable":true,"href":"https:\/\/www.pacienti.cz\/index.php?rest_route=%2Fwp%2Fv2%2Fcategories&post=2346"},{"taxonomy":"post_tag","embeddable":true,"href":"https:\/\/www.pacienti.cz\/index.php?rest_route=%2Fwp%2Fv2%2Ftags&post=2346"}],"curies":[{"name":"wp","href":"https:\/\/api.w.org\/{rel}","templated":true}]}}