{"id":2490,"date":"2020-02-16T23:40:23","date_gmt":"2020-02-16T22:40:23","guid":{"rendered":"http:\/\/www.pacienti.cz\/?p=2490"},"modified":"2020-02-16T23:44:05","modified_gmt":"2020-02-16T22:44:05","slug":"viceprezidentka-svazu-pacientu-cr-mgr-libuse-peslova-podporila-pacienty-v-charitativni-akci-sebevedomi-pro-kazdy-den","status":"publish","type":"post","link":"https:\/\/www.pacienti.cz\/?p=2490","title":{"rendered":"V\u00edceprezidentka Svazu pacient\u016f \u010cR, Mgr. Libu\u0161e Pe\u0161lov\u00e1,\u00a0podpo\u0159ila pacienty v charitativn\u00ed akci \u201eSebev\u011bdom\u00ed pro ka\u017ed\u00fd den\u201c"},"content":{"rendered":"<hr \/>\n<p><a href=\"https:\/\/www.pacienti.cz\/wp-content\/uploads\/2020\/02\/mzcr_05.jpg\"><img loading=\"lazy\" decoding=\"async\" class=\"alignright wp-image-2491 size-medium\" src=\"https:\/\/www.pacienti.cz\/wp-content\/uploads\/2020\/02\/mzcr_05-300x169.jpg\" alt=\"\" width=\"300\" height=\"169\" srcset=\"https:\/\/www.pacienti.cz\/wp-content\/uploads\/2020\/02\/mzcr_05-300x169.jpg 300w, https:\/\/www.pacienti.cz\/wp-content\/uploads\/2020\/02\/mzcr_05-768x432.jpg 768w, https:\/\/www.pacienti.cz\/wp-content\/uploads\/2020\/02\/mzcr_05-900x506.jpg 900w, https:\/\/www.pacienti.cz\/wp-content\/uploads\/2020\/02\/mzcr_05.jpg 1000w\" sizes=\"(max-width: 300px) 100vw, 300px\" \/><\/a><\/p>\n<p>&nbsp;<\/p>\n<h1><strong>V\u00edceprezidentka Svazu pacient\u016f \u010cR <\/strong><\/h1>\n<h1><strong>Mgr. Libu\u0161e Pe\u0161lov\u00e1<\/strong><\/h1>\n<p>&nbsp;<\/p>\n<h1><strong>podpo\u0159ila pacienty v charitativn\u00ed akci <\/strong><\/h1>\n<h1><span style=\"color: #0000ff;\"><strong>\u201eSebev\u011bdom\u00ed pro ka\u017ed\u00fd den\u201c<\/strong><\/span><\/h1>\n<p>&nbsp;<\/p>\n<p>&nbsp;<\/p>\n<p>&nbsp;<\/p>\n<p><strong> <a href=\"https:\/\/www.pacienti.cz\/wp-content\/uploads\/2020\/02\/mzcr_01.jpg\"><img loading=\"lazy\" decoding=\"async\" class=\"alignnone size-full wp-image-2492\" src=\"https:\/\/www.pacienti.cz\/wp-content\/uploads\/2020\/02\/mzcr_01.jpg\" alt=\"\" width=\"978\" height=\"662\" srcset=\"https:\/\/www.pacienti.cz\/wp-content\/uploads\/2020\/02\/mzcr_01.jpg 978w, https:\/\/www.pacienti.cz\/wp-content\/uploads\/2020\/02\/mzcr_01-300x203.jpg 300w, https:\/\/www.pacienti.cz\/wp-content\/uploads\/2020\/02\/mzcr_01-768x520.jpg 768w, https:\/\/www.pacienti.cz\/wp-content\/uploads\/2020\/02\/mzcr_01-900x609.jpg 900w\" sizes=\"(max-width: 978px) 100vw, 978px\" \/><\/a><\/strong><\/p>\n<p>&nbsp;<\/p>\n<p>V\u00a0N\u00e1rodn\u00edm muzeu se 22. ledna 2020 uskute\u010dnil 26.\u00a0benefi\u010dn\u00ed ve\u010der <strong>\u201eSebev\u011bdom\u00ed pro ka\u017ed\u00fd den<\/strong>\u201c, kter\u00fd uspo\u0159\u00e1dal nada\u010dn\u00ed fond <strong>\u201eOnkologie pro 21.\u00a0stolet\u00ed\u201c. Se\u0161li se <\/strong><strong>p\u0159edn\u00ed odborn\u00edci, l\u00e9ka\u0159i-onkologov\u00e9 a tak\u00e9 mecen\u00e1\u0161i nada\u010dn\u00edho fondu, aby na m\u00f3dn\u00edm molu podpo\u0159ili b\u00fdval\u00e9 pacienty a pacientky s\u00a0onkologickou diagn\u00f3zou rakovinu prsu a prostaty. \u017deny i mu\u017ei r\u016fzn\u00e9ho v\u011bku \u010di profese, kter\u00e9 spojuje onkologick\u00e1 diagn\u00f3za, se pro ten ve\u010der stanou modely a modelkami.<\/strong><\/p>\n<p>Host\u00e9, p\u0159iv\u00edtala zakladatelka nada\u010dn\u00edho fondu \u201eOnkologie pro 21 stolet\u00ed\u201c a p\u0159edn\u00ed \u010desk\u00e1 onkolo\u017eka pan\u00ed <strong>profesorka, MUDr. Jitka Abrah\u00e1mov\u00e1, DrSc<\/strong>, a to nap\u0159. ministra zdravotnictv\u00ed Mgr. et Mgr. Adama Vojt\u011bcha, n\u00e1m\u011bstkyni ministra zdravotnictv\u00ed MUDr. Alenu \u0160teflovou nebo man\u017eelku premi\u00e9ra, Moniku Babi\u0161ovou a dal\u0161\u00ed v\u00fdznamn\u00e9 hosty.<\/p>\n<p>&nbsp;<\/p>\n<p><strong>Pan\u00ed profesorka <\/strong>se\u00a0specializuje na\u00a0rakovinu prsu a\u00a0mu\u017esk\u00fdch pohlavn\u00edch <a href=\"https:\/\/www.pacienti.cz\/wp-content\/uploads\/2020\/02\/mzcr_02.jpg\"><img loading=\"lazy\" decoding=\"async\" class=\"alignright wp-image-2493 size-medium\" src=\"https:\/\/www.pacienti.cz\/wp-content\/uploads\/2020\/02\/mzcr_02-300x184.jpg\" alt=\"\" width=\"300\" height=\"184\" srcset=\"https:\/\/www.pacienti.cz\/wp-content\/uploads\/2020\/02\/mzcr_02-300x184.jpg 300w, https:\/\/www.pacienti.cz\/wp-content\/uploads\/2020\/02\/mzcr_02-768x471.jpg 768w, https:\/\/www.pacienti.cz\/wp-content\/uploads\/2020\/02\/mzcr_02-900x552.jpg 900w, https:\/\/www.pacienti.cz\/wp-content\/uploads\/2020\/02\/mzcr_02.jpg 983w\" sizes=\"(max-width: 300px) 100vw, 300px\" \/><\/a>org\u00e1n\u016f. Je\u00a0zakladatelkou i\u00a0onkologick\u00e9ho odd\u011blen\u00ed Thomayerovy nemocnice v\u00a0Praze. I\u00a0d\u00edky n\u00ed je\u00a0dnes u\u00a0n\u00e1s diagn\u00f3za a\u00a0l\u00e9\u010dba rakoviny prsu na\u00a0sv\u011btov\u00e9 \u00farovni.<\/p>\n<p>&nbsp;<\/p>\n<p>Za z\u00edskan\u00e9 finan\u010dn\u00ed prost\u0159edky nakoupili pro\u00a0onkologick\u00e9 odd\u011blen\u00ed Thomayerov\u011b nemocnice \u0159adu velmi n\u00e1kladn\u00fdch p\u0159\u00edstroj\u016f slou\u017e\u00edc\u00edch k\u00a0diagnostikov\u00e1n\u00ed a\u00a0l\u00e9\u010db\u011b n\u00e1dorov\u00fdch onemocn\u011bn\u00ed (mamograf, sonograf, poj\u00edzdn\u00fd rentgen, monitory pro JIOP). Nada\u010dn\u00ed fond se\u00a0tak\u00e9 pod\u00edl\u00ed na\u00a0zlep\u0161ov\u00e1n\u00ed prost\u0159ed\u00ed pro pacienty (televizory, n\u00e1bytek, kv\u011btinov\u00e1 a\u00a0v\u00fdzdoba atd.).<\/p>\n<p>&nbsp;<\/p>\n<p>D\u00e1le p\u0159edstavila \u010dinnost odbornou. Vyd\u00e1v\u00e1 \u0159adu odborn\u00fdch a\u00a0v\u011bdeck\u00fdch publikac\u00ed. Na\u00a0poli zdravotn\u00ed v\u00fdchovy se\u00a0pod\u00edl\u00ed zejm\u00e9na produkc\u00ed bro\u017eur pro nej\u0161ir\u0161\u00ed ve\u0159ejnost a\u00a0s\u00e9ri\u00ed videopo\u0159ad\u016f s\u00a0n\u00e1zvem Videofilmy, kter\u00e9 se t\u00fdkaj\u00ed karcinomu prsu, kolorekt\u00e1ln\u00edho karcinomu, testikul\u00e1rn\u00edch n\u00e1dor\u016f a\u00a0melanoblastomu. Opakovan\u011b fond spolupracoval na po\u0159adech \u010cesk\u00e9 televize \u201eDiagn\u00f3za\u201c.<\/p>\n<p>&nbsp;<\/p>\n<p><a href=\"https:\/\/www.pacienti.cz\/wp-content\/uploads\/2020\/02\/mzcr_vojtech-narodni-muzeum-sebevedomi-onkologie-v0.jpg\"><img loading=\"lazy\" decoding=\"async\" class=\"alignleft wp-image-2494 size-medium\" src=\"https:\/\/www.pacienti.cz\/wp-content\/uploads\/2020\/02\/mzcr_vojtech-narodni-muzeum-sebevedomi-onkologie-v0-300x159.jpg\" alt=\"\" width=\"300\" height=\"159\" srcset=\"https:\/\/www.pacienti.cz\/wp-content\/uploads\/2020\/02\/mzcr_vojtech-narodni-muzeum-sebevedomi-onkologie-v0-300x159.jpg 300w, https:\/\/www.pacienti.cz\/wp-content\/uploads\/2020\/02\/mzcr_vojtech-narodni-muzeum-sebevedomi-onkologie-v0.jpg 690w\" sizes=\"(max-width: 300px) 100vw, 300px\" \/><\/a>Pravideln\u011b po\u0159\u00e1d\u00e1 odborn\u00e1 onkologicko-urologick\u00e1 a\u00a0mammologick\u00e1 sympozia pro l\u00e9ka\u0159e z\u00a0cel\u00e9 \u010cesk\u00e9 republiky. Nada\u010dn\u00ed fond tak\u00e9 organizuje pro pacienty spole\u010densk\u00e9 ve\u010dery \u00a0m\u00f3dn\u00ed p\u0159ehl\u00eddkou \u017een po\u00a0amputaci prsu, koncerty a\u00a0um\u011bleck\u00e1 p\u0159edstaven\u00ed, a\u00a0to d\u00edky mnohalet\u00fdm p\u0159\u00e1telstv\u00edm s\u00a0\u0159adou \u0161pi\u010dkov\u00fdch v\u00fdkonn\u00fdch um\u011blc\u016f.<\/p>\n<p>&nbsp;<\/p>\n<p>Manek\u00fdnkami byly, jako v\u017edy pacientky Onkologick\u00e9 kliniky Thomayerovy nemocnice, v\u011bt\u0161inou pacientky prof. Abrah\u00e1mov\u00e9. Mezi manek\u00fdnkami byla t\u00e9\u017e zn\u00e1m\u00e1 here\u010dka pan\u00ed Hana Maciuchov\u00e1. K dobr\u00e9 n\u00e1lad\u011b p\u0159isp\u011bla opern\u00ed p\u011bvkyn\u011b a s\u00f3listka N\u00e1rodn\u00edho divadla Eva Urbanov\u00e1, s\u00f3lista N\u00e1rodn\u00edho divadla Lud\u011bk Vele, klarinetista prof. Ji\u0159\u00ed Hlav\u00e1\u010d.<\/p>\n<p>&nbsp;<\/p>\n<p>Nejv\u011bt\u0161\u00edmi hrdinkami byly modelky-pacientky, kter\u00e9 prod\u011blaly karcinom prsu. T\u00edm, \u017ee vystoupily z anonymity, p\u0159inesly v\u0161em poselstv\u00ed odvahy, pokory a state\u010dnosti, nebo\u0165 n\u00e1m v\u0161em uk\u00e1zaly, \u017ee i s t\u00edmto onemocn\u011bn\u00edm lze \u017e\u00edt a b\u00fdt p\u016fvabn\u00e1 a elegantn\u00ed. Sv\u00fdm vystoupen\u00edm p\u0159inesly neoby\u010dejn\u00fd p\u0159\u00edsp\u011bvek ke zdravotn\u00ed v\u00fdchov\u011b obyvatelstva.<\/p>\n<p>&nbsp;<\/p>\n<p><a href=\"https:\/\/www.pacienti.cz\/wp-content\/uploads\/2020\/02\/mzcr_03.jpg\"><img loading=\"lazy\" decoding=\"async\" class=\"aligncenter wp-image-2496 size-full\" src=\"https:\/\/www.pacienti.cz\/wp-content\/uploads\/2020\/02\/mzcr_03.jpg\" alt=\"\" width=\"1007\" height=\"553\" srcset=\"https:\/\/www.pacienti.cz\/wp-content\/uploads\/2020\/02\/mzcr_03.jpg 1007w, https:\/\/www.pacienti.cz\/wp-content\/uploads\/2020\/02\/mzcr_03-300x165.jpg 300w, https:\/\/www.pacienti.cz\/wp-content\/uploads\/2020\/02\/mzcr_03-768x422.jpg 768w, https:\/\/www.pacienti.cz\/wp-content\/uploads\/2020\/02\/mzcr_03-900x494.jpg 900w\" sizes=\"(max-width: 1007px) 100vw, 1007px\" \/><\/a><\/p>\n<p>Psychick\u00e1 pohoda a sebev\u011bdom\u00ed hraj\u00ed nespornou roli v l\u00e9\u010db\u011b ka\u017ed\u00e9ho onkologick\u00e9ho onemocn\u011bn\u00ed. Tento benefi\u010dn\u00ed ve\u010der mimo jin\u00e9 pom\u00e1h\u00e1 \u017een\u00e1m p\u0159i n\u00e1vratu do b\u011b\u017en\u00e9ho \u017eivota i spole\u010dnosti a nakonec i v kr\u00e1sn\u00e9 atmosf\u00e9\u0159e N\u00e1rodn\u00edho muzea.<\/p>\n<p>&nbsp;<\/p>\n<p>Tiskov\u00e1 sekce<\/p>\n<p>Svaz pacient\u016f \u010cR<\/p>\n<p>&nbsp;<\/p>\n<p>&nbsp;<\/p>\n<p>&nbsp;<\/p>\n","protected":false},"excerpt":{"rendered":"<p>&nbsp; V\u00edceprezidentka Svazu pacient\u016f \u010cR Mgr. Libu\u0161e Pe\u0161lov\u00e1 &nbsp; podpo\u0159ila pacienty v charitativn\u00ed akci \u201eSebev\u011bdom\u00ed pro ka\u017ed\u00fd den\u201c &nbsp; &nbsp; &nbsp; &nbsp; V\u00a0N\u00e1rodn\u00edm muzeu se 22. ledna 2020 uskute\u010dnil 26.\u00a0benefi\u010dn\u00ed ve\u010der \u201eSebev\u011bdom\u00ed pro ka\u017ed\u00fd den\u201c, kter\u00fd uspo\u0159\u00e1dal nada\u010dn\u00ed fond \u201eOnkologie pro 21.\u00a0stolet\u00ed\u201c. Se\u0161li se p\u0159edn\u00ed odborn\u00edci, l\u00e9ka\u0159i-onkologov\u00e9 a tak\u00e9 mecen\u00e1\u0161i nada\u010dn\u00edho fondu, aby na m\u00f3dn\u00edm [&hellip;]<\/p>\n","protected":false},"author":1,"featured_media":2495,"comment_status":"closed","ping_status":"open","sticky":false,"template":"","format":"standard","meta":{"footnotes":""},"categories":[14],"tags":[],"_links":{"self":[{"href":"https:\/\/www.pacienti.cz\/index.php?rest_route=\/wp\/v2\/posts\/2490"}],"collection":[{"href":"https:\/\/www.pacienti.cz\/index.php?rest_route=\/wp\/v2\/posts"}],"about":[{"href":"https:\/\/www.pacienti.cz\/index.php?rest_route=\/wp\/v2\/types\/post"}],"author":[{"embeddable":true,"href":"https:\/\/www.pacienti.cz\/index.php?rest_route=\/wp\/v2\/users\/1"}],"replies":[{"embeddable":true,"href":"https:\/\/www.pacienti.cz\/index.php?rest_route=%2Fwp%2Fv2%2Fcomments&post=2490"}],"version-history":[{"count":3,"href":"https:\/\/www.pacienti.cz\/index.php?rest_route=\/wp\/v2\/posts\/2490\/revisions"}],"predecessor-version":[{"id":2499,"href":"https:\/\/www.pacienti.cz\/index.php?rest_route=\/wp\/v2\/posts\/2490\/revisions\/2499"}],"wp:featuredmedia":[{"embeddable":true,"href":"https:\/\/www.pacienti.cz\/index.php?rest_route=\/wp\/v2\/media\/2495"}],"wp:attachment":[{"href":"https:\/\/www.pacienti.cz\/index.php?rest_route=%2Fwp%2Fv2%2Fmedia&parent=2490"}],"wp:term":[{"taxonomy":"category","embeddable":true,"href":"https:\/\/www.pacienti.cz\/index.php?rest_route=%2Fwp%2Fv2%2Fcategories&post=2490"},{"taxonomy":"post_tag","embeddable":true,"href":"https:\/\/www.pacienti.cz\/index.php?rest_route=%2Fwp%2Fv2%2Ftags&post=2490"}],"curies":[{"name":"wp","href":"https:\/\/api.w.org\/{rel}","templated":true}]}}