{"id":2561,"date":"2020-03-23T00:51:54","date_gmt":"2020-03-22T23:51:54","guid":{"rendered":"http:\/\/www.pacienti.cz\/?p=2561"},"modified":"2020-04-20T22:46:20","modified_gmt":"2020-04-20T20:46:20","slug":"po-navratu-domu-z-obchodu-se-musi-vse-vydezinfikovat-varuje-epidemiolog-roman-prymula","status":"publish","type":"post","link":"https:\/\/www.pacienti.cz\/?p=2561","title":{"rendered":"Po n\u00e1vratu dom\u016f z obchodu se mus\u00ed v\u0161e vydezinfikovat, varuje epidemiolog Roman Prymula"},"content":{"rendered":"<hr \/>\n<p>&nbsp;<\/p>\n<p>&nbsp;<\/p>\n<h1><span style=\"color: #0000ff;\"><strong><a style=\"color: #0000ff;\" href=\"https:\/\/www.extra.cz\/po-navratu-domu-z-obchodu-se-musi-vse-vydezinfikovat-varuje-epidemiolog-roman-prymula?utm_source=www.seznam.cz&amp;utm_medium=sbrowser\">Po n\u00e1vratu dom\u016f z\u00a0obchodu se mus\u00ed v\u0161e <\/a><img loading=\"lazy\" decoding=\"async\" class=\"wp-image-2546 size-medium alignright\" src=\"https:\/\/www.pacienti.cz\/wp-content\/uploads\/2020\/03\/gel-818254__480-300x196.jpg\" alt=\"\" width=\"300\" height=\"196\" srcset=\"https:\/\/www.pacienti.cz\/wp-content\/uploads\/2020\/03\/gel-818254__480-300x196.jpg 300w, https:\/\/www.pacienti.cz\/wp-content\/uploads\/2020\/03\/gel-818254__480.jpg 735w\" sizes=\"(max-width: 300px) 100vw, 300px\" \/><a style=\"color: #0000ff;\" href=\"https:\/\/www.extra.cz\/po-navratu-domu-z-obchodu-se-musi-vse-vydezinfikovat-varuje-epidemiolog-roman-prymula?utm_source=www.seznam.cz&amp;utm_medium=sbrowser\">vydezinfikovat, varuje epidemiolog Roman Prymula<\/a><a href=\"https:\/\/www.pacienti.cz\/wp-content\/uploads\/2020\/03\/covid-19_.jpg\"><img loading=\"lazy\" decoding=\"async\" class=\"alignnone size-full wp-image-2552\" src=\"https:\/\/www.pacienti.cz\/wp-content\/uploads\/2020\/03\/covid-19_.jpg\" alt=\"\" width=\"640\" height=\"480\" srcset=\"https:\/\/www.pacienti.cz\/wp-content\/uploads\/2020\/03\/covid-19_.jpg 640w, https:\/\/www.pacienti.cz\/wp-content\/uploads\/2020\/03\/covid-19_-300x225.jpg 300w\" sizes=\"(max-width: 640px) 100vw, 640px\" \/><\/a><\/strong><\/span><\/h1>\n<p>&nbsp;<\/p>\n<p>&nbsp;<\/p>\n<p>&nbsp;<\/p>\n","protected":false},"excerpt":{"rendered":"<p>&nbsp; &nbsp; Po n\u00e1vratu dom\u016f z\u00a0obchodu se mus\u00ed v\u0161e vydezinfikovat, varuje epidemiolog Roman Prymula &nbsp; &nbsp; &nbsp;<\/p>\n","protected":false},"author":1,"featured_media":2514,"comment_status":"closed","ping_status":"open","sticky":false,"template":"","format":"standard","meta":{"footnotes":""},"categories":[14],"tags":[],"_links":{"self":[{"href":"https:\/\/www.pacienti.cz\/index.php?rest_route=\/wp\/v2\/posts\/2561"}],"collection":[{"href":"https:\/\/www.pacienti.cz\/index.php?rest_route=\/wp\/v2\/posts"}],"about":[{"href":"https:\/\/www.pacienti.cz\/index.php?rest_route=\/wp\/v2\/types\/post"}],"author":[{"embeddable":true,"href":"https:\/\/www.pacienti.cz\/index.php?rest_route=\/wp\/v2\/users\/1"}],"replies":[{"embeddable":true,"href":"https:\/\/www.pacienti.cz\/index.php?rest_route=%2Fwp%2Fv2%2Fcomments&post=2561"}],"version-history":[{"count":4,"href":"https:\/\/www.pacienti.cz\/index.php?rest_route=\/wp\/v2\/posts\/2561\/revisions"}],"predecessor-version":[{"id":2565,"href":"https:\/\/www.pacienti.cz\/index.php?rest_route=\/wp\/v2\/posts\/2561\/revisions\/2565"}],"wp:featuredmedia":[{"embeddable":true,"href":"https:\/\/www.pacienti.cz\/index.php?rest_route=\/wp\/v2\/media\/2514"}],"wp:attachment":[{"href":"https:\/\/www.pacienti.cz\/index.php?rest_route=%2Fwp%2Fv2%2Fmedia&parent=2561"}],"wp:term":[{"taxonomy":"category","embeddable":true,"href":"https:\/\/www.pacienti.cz\/index.php?rest_route=%2Fwp%2Fv2%2Fcategories&post=2561"},{"taxonomy":"post_tag","embeddable":true,"href":"https:\/\/www.pacienti.cz\/index.php?rest_route=%2Fwp%2Fv2%2Ftags&post=2561"}],"curies":[{"name":"wp","href":"https:\/\/api.w.org\/{rel}","templated":true}]}}