{"id":2732,"date":"2020-08-25T18:45:23","date_gmt":"2020-08-25T16:45:23","guid":{"rendered":"http:\/\/www.pacienti.cz\/?p=2732"},"modified":"2020-08-25T18:53:29","modified_gmt":"2020-08-25T16:53:29","slug":"lekari-varuji-pred-necekanymi-priznaky-nemoci-covid-19-u-senioru","status":"publish","type":"post","link":"https:\/\/www.pacienti.cz\/?p=2732","title":{"rendered":"L\u00e9ka\u0159i varuj\u00ed p\u0159ed ne\u010dekan\u00fdmi p\u0159\u00edznaky nemoci Covid-19 u senior\u016f"},"content":{"rendered":"<hr \/>\n<p><img loading=\"lazy\" decoding=\"async\" class=\"alignright wp-image-1191 size-medium\" src=\"https:\/\/www.pacienti.cz\/wp-content\/uploads\/2017\/02\/dependent-441405__340-300x225.jpg\" alt=\"\" width=\"300\" height=\"225\" srcset=\"https:\/\/www.pacienti.cz\/wp-content\/uploads\/2017\/02\/dependent-441405__340-300x225.jpg 300w, https:\/\/www.pacienti.cz\/wp-content\/uploads\/2017\/02\/dependent-441405__340.jpg 453w\" sizes=\"(max-width: 300px) 100vw, 300px\" \/><\/p>\n<h1 class=\"entry-title\"><strong><a href=\"https:\/\/www.mix24.cz\/lekari-varuji-pred-necekanymi-priznaky-nemoci-covid-19-u-senioru\/?utm_source=www.seznam.cz&amp;utm_medium=sbrowser\">L\u00e9ka\u0159i varuj\u00ed p\u0159ed ne\u010dekan\u00fdmi p\u0159\u00edznaky nemoci Covid-19 u senior\u016f<\/a><\/strong><\/h1>\n<p>&nbsp;<\/p>\n<p>&nbsp;<\/p>\n<p>&nbsp;<\/p>\n<p>&nbsp;<\/p>\n<p>&nbsp;<\/p>\n<p><img loading=\"lazy\" decoding=\"async\" class=\"aligncenter wp-image-2672 size-full\" src=\"https:\/\/www.pacienti.cz\/wp-content\/uploads\/2020\/04\/9F650482-6BE8-47AE-9CD8-23318D8E276A.jpeg\" alt=\"\" width=\"720\" height=\"480\" srcset=\"https:\/\/www.pacienti.cz\/wp-content\/uploads\/2020\/04\/9F650482-6BE8-47AE-9CD8-23318D8E276A.jpeg 720w, https:\/\/www.pacienti.cz\/wp-content\/uploads\/2020\/04\/9F650482-6BE8-47AE-9CD8-23318D8E276A-300x200.jpeg 300w\" sizes=\"(max-width: 720px) 100vw, 720px\" \/><\/p>\n","protected":false},"excerpt":{"rendered":"<p>L\u00e9ka\u0159i varuj\u00ed p\u0159ed ne\u010dekan\u00fdmi p\u0159\u00edznaky nemoci Covid-19 u senior\u016f &nbsp; &nbsp; &nbsp; &nbsp; &nbsp;<\/p>\n","protected":false},"author":1,"featured_media":2597,"comment_status":"closed","ping_status":"open","sticky":false,"template":"","format":"standard","meta":{"footnotes":""},"categories":[14],"tags":[],"_links":{"self":[{"href":"https:\/\/www.pacienti.cz\/index.php?rest_route=\/wp\/v2\/posts\/2732"}],"collection":[{"href":"https:\/\/www.pacienti.cz\/index.php?rest_route=\/wp\/v2\/posts"}],"about":[{"href":"https:\/\/www.pacienti.cz\/index.php?rest_route=\/wp\/v2\/types\/post"}],"author":[{"embeddable":true,"href":"https:\/\/www.pacienti.cz\/index.php?rest_route=\/wp\/v2\/users\/1"}],"replies":[{"embeddable":true,"href":"https:\/\/www.pacienti.cz\/index.php?rest_route=%2Fwp%2Fv2%2Fcomments&post=2732"}],"version-history":[{"count":5,"href":"https:\/\/www.pacienti.cz\/index.php?rest_route=\/wp\/v2\/posts\/2732\/revisions"}],"predecessor-version":[{"id":2737,"href":"https:\/\/www.pacienti.cz\/index.php?rest_route=\/wp\/v2\/posts\/2732\/revisions\/2737"}],"wp:featuredmedia":[{"embeddable":true,"href":"https:\/\/www.pacienti.cz\/index.php?rest_route=\/wp\/v2\/media\/2597"}],"wp:attachment":[{"href":"https:\/\/www.pacienti.cz\/index.php?rest_route=%2Fwp%2Fv2%2Fmedia&parent=2732"}],"wp:term":[{"taxonomy":"category","embeddable":true,"href":"https:\/\/www.pacienti.cz\/index.php?rest_route=%2Fwp%2Fv2%2Fcategories&post=2732"},{"taxonomy":"post_tag","embeddable":true,"href":"https:\/\/www.pacienti.cz\/index.php?rest_route=%2Fwp%2Fv2%2Ftags&post=2732"}],"curies":[{"name":"wp","href":"https:\/\/api.w.org\/{rel}","templated":true}]}}