{"id":2754,"date":"2021-01-06T21:06:40","date_gmt":"2021-01-06T20:06:40","guid":{"rendered":"http:\/\/www.pacienti.cz\/?p=2754"},"modified":"2021-01-06T21:19:49","modified_gmt":"2021-01-06T20:19:49","slug":"evropska-komise-schvalila-vakcinu-moderny-v-cr-muze-byt-koncem-ledna","status":"publish","type":"post","link":"https:\/\/www.pacienti.cz\/?p=2754","title":{"rendered":"Evropsk\u00e1 komise schv\u00e1lila vakc\u00ednu Moderny, v \u010cR m\u016f\u017ee b\u00fdt koncem ledna"},"content":{"rendered":"<hr \/>\n<p><img loading=\"lazy\" decoding=\"async\" class=\"alignright wp-image-2757 size-thumbnail\" src=\"https:\/\/www.pacienti.cz\/wp-content\/uploads\/2021\/01\/vakc\u00edna2-150x150.jpg\" alt=\"\" width=\"150\" height=\"150\" srcset=\"https:\/\/www.pacienti.cz\/wp-content\/uploads\/2021\/01\/vakc\u00edna2-150x150.jpg 150w, https:\/\/www.pacienti.cz\/wp-content\/uploads\/2021\/01\/vakc\u00edna2-144x144.jpg 144w\" sizes=\"(max-width: 150px) 100vw, 150px\" \/><\/p>\n<h1><span style=\"color: #0000ff;\"><a style=\"color: #0000ff;\" href=\"https:\/\/www.idnes.cz\/zpravy\/zahranicni\/moderna-eu-evropska-agentura-pro-lecive-pripravky-vakcina.A210106_132737_zahranicni_jhr?utm_campaign=&amp;utm_medium=z-boxiku&amp;utm_source=www.seznam.cz\"><strong>Evropsk\u00e1 komise schv\u00e1lila vakc\u00ednu Moderny, v \u010cR <\/strong><strong>m\u016f\u017ee b\u00fdt koncem ledna<\/strong><\/a><\/span><\/h1>\n<p>&nbsp;<\/p>\n<p>&nbsp;<\/p>\n<p>&nbsp;<\/p>\n<p><img loading=\"lazy\" decoding=\"async\" class=\"aligncenter wp-image-2756 size-full\" src=\"https:\/\/www.pacienti.cz\/wp-content\/uploads\/2021\/01\/vakc\u00edna1.jpg\" alt=\"\" width=\"679\" height=\"480\" srcset=\"https:\/\/www.pacienti.cz\/wp-content\/uploads\/2021\/01\/vakc\u00edna1.jpg 679w, https:\/\/www.pacienti.cz\/wp-content\/uploads\/2021\/01\/vakc\u00edna1-300x212.jpg 300w\" sizes=\"(max-width: 679px) 100vw, 679px\" \/><\/p>\n","protected":false},"excerpt":{"rendered":"<p>Evropsk\u00e1 komise schv\u00e1lila vakc\u00ednu Moderny, v \u010cR m\u016f\u017ee b\u00fdt koncem ledna &nbsp; &nbsp; &nbsp;<\/p>\n","protected":false},"author":1,"featured_media":2760,"comment_status":"closed","ping_status":"open","sticky":false,"template":"","format":"standard","meta":{"footnotes":""},"categories":[14],"tags":[],"_links":{"self":[{"href":"https:\/\/www.pacienti.cz\/index.php?rest_route=\/wp\/v2\/posts\/2754"}],"collection":[{"href":"https:\/\/www.pacienti.cz\/index.php?rest_route=\/wp\/v2\/posts"}],"about":[{"href":"https:\/\/www.pacienti.cz\/index.php?rest_route=\/wp\/v2\/types\/post"}],"author":[{"embeddable":true,"href":"https:\/\/www.pacienti.cz\/index.php?rest_route=\/wp\/v2\/users\/1"}],"replies":[{"embeddable":true,"href":"https:\/\/www.pacienti.cz\/index.php?rest_route=%2Fwp%2Fv2%2Fcomments&post=2754"}],"version-history":[{"count":3,"href":"https:\/\/www.pacienti.cz\/index.php?rest_route=\/wp\/v2\/posts\/2754\/revisions"}],"predecessor-version":[{"id":2762,"href":"https:\/\/www.pacienti.cz\/index.php?rest_route=\/wp\/v2\/posts\/2754\/revisions\/2762"}],"wp:featuredmedia":[{"embeddable":true,"href":"https:\/\/www.pacienti.cz\/index.php?rest_route=\/wp\/v2\/media\/2760"}],"wp:attachment":[{"href":"https:\/\/www.pacienti.cz\/index.php?rest_route=%2Fwp%2Fv2%2Fmedia&parent=2754"}],"wp:term":[{"taxonomy":"category","embeddable":true,"href":"https:\/\/www.pacienti.cz\/index.php?rest_route=%2Fwp%2Fv2%2Fcategories&post=2754"},{"taxonomy":"post_tag","embeddable":true,"href":"https:\/\/www.pacienti.cz\/index.php?rest_route=%2Fwp%2Fv2%2Ftags&post=2754"}],"curies":[{"name":"wp","href":"https:\/\/api.w.org\/{rel}","templated":true}]}}