{"id":2770,"date":"2021-01-21T19:26:06","date_gmt":"2021-01-21T18:26:06","guid":{"rendered":"http:\/\/www.pacienti.cz\/?p=2770"},"modified":"2021-01-21T19:34:49","modified_gmt":"2021-01-21T18:34:49","slug":"vyzva-ministru-zdravotnictvi-nechte-odvolat-gen-reditele-vzp-zdenka-kabatka","status":"publish","type":"post","link":"https:\/\/www.pacienti.cz\/?p=2770","title":{"rendered":"V\u00fdzva ministru zdravotnictv\u00ed:  Nechte odvolat gen. \u0159editele VZP Zde\u0148ka Kab\u00e1tka"},"content":{"rendered":"<hr \/>\n<p>&nbsp;<\/p>\n<p><img loading=\"lazy\" decoding=\"async\" class=\"aligncenter wp-image-2757 size-medium\" src=\"https:\/\/www.pacienti.cz\/wp-content\/uploads\/2021\/01\/vakc\u00edna2-300x246.jpg\" alt=\"\" width=\"300\" height=\"246\" srcset=\"https:\/\/www.pacienti.cz\/wp-content\/uploads\/2021\/01\/vakc\u00edna2-300x246.jpg 300w, https:\/\/www.pacienti.cz\/wp-content\/uploads\/2021\/01\/vakc\u00edna2.jpg 585w\" sizes=\"(max-width: 300px) 100vw, 300px\" \/><\/p>\n<p>&nbsp;<\/p>\n<h1><strong>V\u00fdzva ministru zdravotnictv\u00ed:<img loading=\"lazy\" decoding=\"async\" class=\"alignleft wp-image-1067 size-full\" src=\"https:\/\/www.pacienti.cz\/wp-content\/uploads\/2016\/10\/kabatek.jpg\" alt=\"\" width=\"113\" height=\"146\" \/><\/strong><\/h1>\n<h1 style=\"padding-left: 40px;\"><span style=\"color: #ff0000;\"><strong>Nechte odvolat gen. \u0159editele VZP Zde\u0148ka Kab\u00e1tka <\/strong><\/span><\/h1>\n<h1><span style=\"color: #ff0000;\"><strong>z\u00a0funkce gen. \u0159editele VZP!<\/strong><\/span><\/h1>\n<p>&nbsp;<\/p>\n<p>&nbsp;<\/p>\n<p><img loading=\"lazy\" decoding=\"async\" class=\"wp-image-217 size-full alignleft\" src=\"https:\/\/www.pacienti.cz\/wp-content\/uploads\/2015\/11\/VZP.jpg\" alt=\"\" width=\"72\" height=\"72\" \/><\/p>\n<p>&nbsp;<\/p>\n<p>&nbsp;<\/p>\n<p>&nbsp;<\/p>\n<h2><strong>V\u00e1\u017een\u00fd pane minist\u0159e,<\/strong><\/h2>\n<p>&nbsp;<\/p>\n<h3>Svaz pacient\u016f \u010cR <strong>vyjad\u0159uje velk\u00e9 znepokojen\u00ed k\u00a0postupu papal\u00e1\u0161e gen. \u0159editele VZP Zde\u0148ka Kab\u00e1tka, b\u00fdval\u00e9ho zam\u011bstnance Ministerstva zdravotnictv\u00ed v\u00a0dob\u00e1ch ministra T.Jul\u00ednka a n\u00e1m\u011bstka M.\u0160najdra (za ODS), kter\u00fd se nechal o\u010dkovat v\u00a0nemocnici vakc\u00ednou<\/strong> ur\u010denou zdravotn\u00edk\u016fm a senior\u016fm nad 80+ let.<\/h3>\n<p>&nbsp;<\/p>\n<h3>Jak\u00a0tomu m\u00e1me rozum\u011bt? \u0160lo o korupci nebo upl\u00e1cen\u00ed, aby se dostal k\u00a0vakc\u00edn\u011b?<\/h3>\n<p>&nbsp;<\/p>\n<h3>Jak tomu maj\u00ed rozum\u011bt t\u0159eba jen na\u0161i \u010dlenov\u00e9, kte\u0159\u00ed jsou tak\u00e9 poji\u0161t\u011bnci VZP v\u00a0kategorii 80+ let a je\u0161t\u011b maj\u00ed dal\u0161\u00ed onemocn\u011bn\u00ed, jako diabetes, srde\u010dn\u00ed obt\u00ed\u017ee apod.? Oni \u010dekaj\u00ed v\u00a0\u0159ad\u011b, a\u017e na n\u011b dojde po\u0159ad\u00ed podle nastaven\u00e9ho syst\u00e9mu ministerstvem a Vl\u00e1dou \u010cR.<\/h3>\n<p><img loading=\"lazy\" decoding=\"async\" class=\"aligncenter wp-image-2756 size-medium\" src=\"https:\/\/www.pacienti.cz\/wp-content\/uploads\/2021\/01\/vakc\u00edna1-300x212.jpg\" alt=\"\" width=\"300\" height=\"212\" srcset=\"https:\/\/www.pacienti.cz\/wp-content\/uploads\/2021\/01\/vakc\u00edna1-300x212.jpg 300w, https:\/\/www.pacienti.cz\/wp-content\/uploads\/2021\/01\/vakc\u00edna1.jpg 679w\" sizes=\"(max-width: 300px) 100vw, 300px\" \/><\/p>\n<h3>Dokonce i j\u00e1 osobn\u011b \u010dek\u00e1m v\u00a0po\u0159ad\u00ed, by\u0165 nejsem v\u00a0kategorii 80+, ale m\u00e1m dv\u011b chronick\u00e9 onemocn\u011bn\u00ed, kter\u00e1 by m\u011b m\u011bli up\u0159ednostnit. Nav\u00edc jsem poji\u0161t\u011bnec VZP a b\u00fdval\u00fd \u010dlen Dozor\u010d\u00ed rady VZP.<\/h3>\n<p>&nbsp;<\/p>\n<h3><strong>K\u00a0tomu bych mohl pou\u017e\u00edt argument, \u017ee se setk\u00e1v\u00e1m v\u00a0Poradn\u011b s\u00a0pacienty, a m\u011bl bych se chr\u00e1nit! <\/strong><\/h3>\n<p>&nbsp;<\/p>\n<h3>Mohl bych vyu\u017e\u00edt sv\u00fdch kontakt\u016f ve zdravotnictv\u00ed, a nechat se nao\u010dkovat vakc\u00ednou proti Covid-19 \u00a0mimo stanoven\u00fd syst\u00e9m ministerstvem.<\/h3>\n<p>&nbsp;<\/p>\n<h3>C\u00edt\u00edme se oklam\u00e1n\u00ed, c\u00edt\u00edme to jak hrub\u00fd faul ze strany \u010dlov\u011bka, kter\u00fd m\u00e1 b\u00fdt p\u0159\u00edkladem a vzorem. Zd\u00e1 se, \u017ee protekce a korupce jede i nejvy\u0161\u0161\u00edm pat\u0159e VZP.<\/h3>\n<h3>A v\u00a0t\u00e9to dob\u011b takto jednat je nejv\u011bt\u0161\u00ed amor\u00e1lnost sv\u00e9ho druhu. Vz\u00edt vakc\u00ednu pot\u0159ebn\u00fdm pro sv\u016fj sobeck\u00fd z\u00e1jem, NEM\u00c1ME NA TO OMLUVU.<\/h3>\n<p>&nbsp;<\/p>\n<h3>Nem\u00e1me jin\u00e9 \u0159e\u0161en\u00ed pro p. Kab\u00e1tka, kter\u00fd zradil spoluob\u010dany, dokonce i poji\u0161t\u011bnce VZP, kte\u0159\u00ed jej plat\u00ed ze sv\u00fdch zdravotn\u00edch dan\u00ed, NE\u017d jej odvolat z\u00a0funkce gen. \u0159editele.<\/h3>\n<p>&nbsp;<\/p>\n<h3><strong>\u010clenov\u00e9 Spr\u00e1vn\u00ed rady VZP za st\u00e1t by m\u011bli dostat jasn\u00fd <u>pokyn na odvol\u00e1n\u00ed Zde\u0148ka Kab\u00e1tka<\/u> z\u00a0funkce gen. \u0159editele VZP!<\/strong><\/h3>\n<p>&nbsp;<\/p>\n<h3>D\u011bkujeme.<\/h3>\n<p>&nbsp;<\/p>\n<h3><strong>Lubo\u0161 Olej\u00e1r<\/strong><\/h3>\n<h3><strong>prezident<\/strong><\/h3>\n<p>&nbsp;<\/p>\n<p>&nbsp;<\/p>\n<hr \/>\n<p>&nbsp;<\/p>\n<p><img loading=\"lazy\" decoding=\"async\" class=\"aligncenter wp-image-2760 size-medium\" src=\"https:\/\/www.pacienti.cz\/wp-content\/uploads\/2021\/01\/vakc\u00edna5-300x300.jpg\" alt=\"\" width=\"300\" height=\"300\" srcset=\"https:\/\/www.pacienti.cz\/wp-content\/uploads\/2021\/01\/vakc\u00edna5-300x300.jpg 300w, https:\/\/www.pacienti.cz\/wp-content\/uploads\/2021\/01\/vakc\u00edna5-150x150.jpg 150w, https:\/\/www.pacienti.cz\/wp-content\/uploads\/2021\/01\/vakc\u00edna5-144x144.jpg 144w, https:\/\/www.pacienti.cz\/wp-content\/uploads\/2021\/01\/vakc\u00edna5.jpg 480w\" sizes=\"(max-width: 300px) 100vw, 300px\" \/><\/p>\n","protected":false},"excerpt":{"rendered":"<p>&nbsp; &nbsp; V\u00fdzva ministru zdravotnictv\u00ed: Nechte odvolat gen. \u0159editele VZP Zde\u0148ka Kab\u00e1tka z\u00a0funkce gen. \u0159editele VZP! &nbsp; &nbsp; &nbsp; &nbsp; &nbsp; V\u00e1\u017een\u00fd pane minist\u0159e, &nbsp; Svaz pacient\u016f \u010cR vyjad\u0159uje velk\u00e9 znepokojen\u00ed k\u00a0postupu papal\u00e1\u0161e gen. \u0159editele VZP Zde\u0148ka Kab\u00e1tka, b\u00fdval\u00e9ho zam\u011bstnance Ministerstva zdravotnictv\u00ed v\u00a0dob\u00e1ch ministra T.Jul\u00ednka a n\u00e1m\u011bstka M.\u0160najdra (za ODS), kter\u00fd se nechal o\u010dkovat v\u00a0nemocnici [&hellip;]<\/p>\n","protected":false},"author":1,"featured_media":1067,"comment_status":"closed","ping_status":"open","sticky":false,"template":"","format":"standard","meta":{"footnotes":""},"categories":[14],"tags":[],"_links":{"self":[{"href":"https:\/\/www.pacienti.cz\/index.php?rest_route=\/wp\/v2\/posts\/2770"}],"collection":[{"href":"https:\/\/www.pacienti.cz\/index.php?rest_route=\/wp\/v2\/posts"}],"about":[{"href":"https:\/\/www.pacienti.cz\/index.php?rest_route=\/wp\/v2\/types\/post"}],"author":[{"embeddable":true,"href":"https:\/\/www.pacienti.cz\/index.php?rest_route=\/wp\/v2\/users\/1"}],"replies":[{"embeddable":true,"href":"https:\/\/www.pacienti.cz\/index.php?rest_route=%2Fwp%2Fv2%2Fcomments&post=2770"}],"version-history":[{"count":10,"href":"https:\/\/www.pacienti.cz\/index.php?rest_route=\/wp\/v2\/posts\/2770\/revisions"}],"predecessor-version":[{"id":2780,"href":"https:\/\/www.pacienti.cz\/index.php?rest_route=\/wp\/v2\/posts\/2770\/revisions\/2780"}],"wp:featuredmedia":[{"embeddable":true,"href":"https:\/\/www.pacienti.cz\/index.php?rest_route=\/wp\/v2\/media\/1067"}],"wp:attachment":[{"href":"https:\/\/www.pacienti.cz\/index.php?rest_route=%2Fwp%2Fv2%2Fmedia&parent=2770"}],"wp:term":[{"taxonomy":"category","embeddable":true,"href":"https:\/\/www.pacienti.cz\/index.php?rest_route=%2Fwp%2Fv2%2Fcategories&post=2770"},{"taxonomy":"post_tag","embeddable":true,"href":"https:\/\/www.pacienti.cz\/index.php?rest_route=%2Fwp%2Fv2%2Ftags&post=2770"}],"curies":[{"name":"wp","href":"https:\/\/api.w.org\/{rel}","templated":true}]}}