{"id":2807,"date":"2021-02-07T23:58:49","date_gmt":"2021-02-07T22:58:49","guid":{"rendered":"http:\/\/www.pacienti.cz\/?p=2807"},"modified":"2021-02-08T00:09:03","modified_gmt":"2021-02-07T23:09:03","slug":"operace-kloubu-se-odkladaji-pacienti-musi-na-jip-a-tam-hrozi-nakaza","status":"publish","type":"post","link":"https:\/\/www.pacienti.cz\/?p=2807","title":{"rendered":"Operace kloub\u016f se odkl\u00e1daj\u00ed. Pacienti mus\u00ed na JIP a tam hroz\u00ed n\u00e1kaza"},"content":{"rendered":"<hr \/>\n<p>&nbsp;<\/p>\n<h1 class=\"e_J e_y\"><a href=\"https:\/\/www.seznamzpravy.cz\/clanek\/operace-kloubu-se-odkladaji-pacienti-musi-na-jip-a-tam-hrozi-nakaza-140802#utm_content=freshnews&amp;utm_term=svaz%20pacient%C5%AF%20neeviduje%20st%C3%AD%C5%BEnosti%20na&amp;utm_medium=hint&amp;utm_source=search.seznam.cz\"><span style=\"color: #ff0000;\"><strong>Operace kloub\u016f se odkl\u00e1daj\u00ed. Pacienti mus\u00ed na JIP a tam hroz\u00ed n\u00e1kaza<img loading=\"lazy\" decoding=\"async\" class=\"alignright wp-image-2810 size-medium\" src=\"https:\/\/www.pacienti.cz\/wp-content\/uploads\/2021\/02\/kloub2-225x300.jpg\" alt=\"\" width=\"225\" height=\"300\" srcset=\"https:\/\/www.pacienti.cz\/wp-content\/uploads\/2021\/02\/kloub2-225x300.jpg 225w, https:\/\/www.pacienti.cz\/wp-content\/uploads\/2021\/02\/kloub2.jpg 360w\" sizes=\"(max-width: 225px) 100vw, 225px\" \/><\/strong><\/span><\/a><\/h1>\n<p>&nbsp;<\/p>\n<p>Svaz pacient\u016f \u010cR projednal v posledn\u00edch dnech p\u00e1r podn\u011bt\u016f od pacient\u016f na odlo\u017een\u00ed operac\u00ed kloub\u016f, a p\u0159ijal n\u00e1vrh na v\u00fdzvu MZ,<\/p>\n<p><strong>aby stanovilo 2 nemocnice na \u00fazem\u00ed CZ k prov\u00e1d\u011bn\u00ed necovidov\u00e9 p\u00e9\u010de.<\/strong><\/p>\n<p>Jin\u00e9 praktick\u00e9 \u0159e\u0161en\u00ed nevid\u00edme v dob\u011b infek\u010dn\u00ed celosv\u011btov\u00e9 pandemie.<\/p>\n<p><em>-Redakce-<\/em><\/p>\n<p>&nbsp;<\/p>\n<p>&nbsp;<\/p>\n","protected":false},"excerpt":{"rendered":"<p>&nbsp; Operace kloub\u016f se odkl\u00e1daj\u00ed. Pacienti mus\u00ed na JIP a tam hroz\u00ed n\u00e1kaza &nbsp; Svaz pacient\u016f \u010cR projednal v posledn\u00edch dnech p\u00e1r podn\u011bt\u016f od pacient\u016f na odlo\u017een\u00ed operac\u00ed kloub\u016f, a p\u0159ijal n\u00e1vrh na v\u00fdzvu MZ, aby stanovilo 2 nemocnice na \u00fazem\u00ed CZ k prov\u00e1d\u011bn\u00ed necovidov\u00e9 p\u00e9\u010de. Jin\u00e9 praktick\u00e9 \u0159e\u0161en\u00ed nevid\u00edme v dob\u011b infek\u010dn\u00ed celosv\u011btov\u00e9 pandemie. [&hellip;]<\/p>\n","protected":false},"author":1,"featured_media":2808,"comment_status":"closed","ping_status":"open","sticky":false,"template":"","format":"standard","meta":{"footnotes":""},"categories":[14],"tags":[],"_links":{"self":[{"href":"https:\/\/www.pacienti.cz\/index.php?rest_route=\/wp\/v2\/posts\/2807"}],"collection":[{"href":"https:\/\/www.pacienti.cz\/index.php?rest_route=\/wp\/v2\/posts"}],"about":[{"href":"https:\/\/www.pacienti.cz\/index.php?rest_route=\/wp\/v2\/types\/post"}],"author":[{"embeddable":true,"href":"https:\/\/www.pacienti.cz\/index.php?rest_route=\/wp\/v2\/users\/1"}],"replies":[{"embeddable":true,"href":"https:\/\/www.pacienti.cz\/index.php?rest_route=%2Fwp%2Fv2%2Fcomments&post=2807"}],"version-history":[{"count":4,"href":"https:\/\/www.pacienti.cz\/index.php?rest_route=\/wp\/v2\/posts\/2807\/revisions"}],"predecessor-version":[{"id":2813,"href":"https:\/\/www.pacienti.cz\/index.php?rest_route=\/wp\/v2\/posts\/2807\/revisions\/2813"}],"wp:featuredmedia":[{"embeddable":true,"href":"https:\/\/www.pacienti.cz\/index.php?rest_route=\/wp\/v2\/media\/2808"}],"wp:attachment":[{"href":"https:\/\/www.pacienti.cz\/index.php?rest_route=%2Fwp%2Fv2%2Fmedia&parent=2807"}],"wp:term":[{"taxonomy":"category","embeddable":true,"href":"https:\/\/www.pacienti.cz\/index.php?rest_route=%2Fwp%2Fv2%2Fcategories&post=2807"},{"taxonomy":"post_tag","embeddable":true,"href":"https:\/\/www.pacienti.cz\/index.php?rest_route=%2Fwp%2Fv2%2Ftags&post=2807"}],"curies":[{"name":"wp","href":"https:\/\/api.w.org\/{rel}","templated":true}]}}