{"id":2835,"date":"2021-02-17T19:14:29","date_gmt":"2021-02-17T18:14:29","guid":{"rendered":"http:\/\/www.pacienti.cz\/?p=2835"},"modified":"2021-02-17T19:14:29","modified_gmt":"2021-02-17T18:14:29","slug":"umiraji-mladsi-lide-a-my-s-tim-nemuzeme-nic-delat-rika-sef-karim-o-covidu","status":"publish","type":"post","link":"https:\/\/www.pacienti.cz\/?p=2835","title":{"rendered":"Um\u00edraj\u00ed mlad\u0161\u00ed lid\u00e9 a my s t\u00edm nem\u016f\u017eeme nic d\u011blat, \u0159\u00edk\u00e1 \u0161\u00e9f KARIM o covidu"},"content":{"rendered":"<hr \/>\n<p>&nbsp;<\/p>\n<h1><a href=\"https:\/\/www.idnes.cz\/plzen\/zpravy\/covid-19-fakultni-nemocnice-plzen-pacient-lecba-koronavirus-aro.A201210_585014_plzen-zpravy_vb?zdroj=vybava_lidovky\"><span style=\"color: #0000ff;\"><strong>Um\u00edraj\u00ed mlad\u0161\u00ed lid\u00e9 a my s t\u00edm nem\u016f\u017eeme nic d\u011blat, \u0159\u00edk\u00e1 \u0161\u00e9f KARIM o covidu<\/strong><\/span><\/a><\/h1>\n<p>&nbsp;<\/p>\n<p><a href=\"https:\/\/www.pacienti.cz\/wp-content\/uploads\/2021\/01\/7C60D94E-688B-46F4-A558-D65F229E7E7D.jpeg\"><img loading=\"lazy\" decoding=\"async\" class=\"alignnone size-full wp-image-2799\" src=\"https:\/\/www.pacienti.cz\/wp-content\/uploads\/2021\/01\/7C60D94E-688B-46F4-A558-D65F229E7E7D.jpeg\" alt=\"\" width=\"1280\" height=\"720\" srcset=\"https:\/\/www.pacienti.cz\/wp-content\/uploads\/2021\/01\/7C60D94E-688B-46F4-A558-D65F229E7E7D.jpeg 1280w, https:\/\/www.pacienti.cz\/wp-content\/uploads\/2021\/01\/7C60D94E-688B-46F4-A558-D65F229E7E7D-300x169.jpeg 300w, https:\/\/www.pacienti.cz\/wp-content\/uploads\/2021\/01\/7C60D94E-688B-46F4-A558-D65F229E7E7D-1024x576.jpeg 1024w, https:\/\/www.pacienti.cz\/wp-content\/uploads\/2021\/01\/7C60D94E-688B-46F4-A558-D65F229E7E7D-768x432.jpeg 768w, https:\/\/www.pacienti.cz\/wp-content\/uploads\/2021\/01\/7C60D94E-688B-46F4-A558-D65F229E7E7D-900x506.jpeg 900w\" sizes=\"(max-width: 1280px) 100vw, 1280px\" \/><\/a><\/p>\n","protected":false},"excerpt":{"rendered":"<p>&nbsp; Um\u00edraj\u00ed mlad\u0161\u00ed lid\u00e9 a my s t\u00edm nem\u016f\u017eeme nic d\u011blat, \u0159\u00edk\u00e1 \u0161\u00e9f KARIM o covidu &nbsp;<\/p>\n","protected":false},"author":1,"featured_media":2799,"comment_status":"closed","ping_status":"open","sticky":false,"template":"","format":"standard","meta":{"footnotes":""},"categories":[14],"tags":[],"_links":{"self":[{"href":"https:\/\/www.pacienti.cz\/index.php?rest_route=\/wp\/v2\/posts\/2835"}],"collection":[{"href":"https:\/\/www.pacienti.cz\/index.php?rest_route=\/wp\/v2\/posts"}],"about":[{"href":"https:\/\/www.pacienti.cz\/index.php?rest_route=\/wp\/v2\/types\/post"}],"author":[{"embeddable":true,"href":"https:\/\/www.pacienti.cz\/index.php?rest_route=\/wp\/v2\/users\/1"}],"replies":[{"embeddable":true,"href":"https:\/\/www.pacienti.cz\/index.php?rest_route=%2Fwp%2Fv2%2Fcomments&post=2835"}],"version-history":[{"count":1,"href":"https:\/\/www.pacienti.cz\/index.php?rest_route=\/wp\/v2\/posts\/2835\/revisions"}],"predecessor-version":[{"id":2836,"href":"https:\/\/www.pacienti.cz\/index.php?rest_route=\/wp\/v2\/posts\/2835\/revisions\/2836"}],"wp:featuredmedia":[{"embeddable":true,"href":"https:\/\/www.pacienti.cz\/index.php?rest_route=\/wp\/v2\/media\/2799"}],"wp:attachment":[{"href":"https:\/\/www.pacienti.cz\/index.php?rest_route=%2Fwp%2Fv2%2Fmedia&parent=2835"}],"wp:term":[{"taxonomy":"category","embeddable":true,"href":"https:\/\/www.pacienti.cz\/index.php?rest_route=%2Fwp%2Fv2%2Fcategories&post=2835"},{"taxonomy":"post_tag","embeddable":true,"href":"https:\/\/www.pacienti.cz\/index.php?rest_route=%2Fwp%2Fv2%2Ftags&post=2835"}],"curies":[{"name":"wp","href":"https:\/\/api.w.org\/{rel}","templated":true}]}}