{"id":2839,"date":"2021-02-17T23:31:24","date_gmt":"2021-02-17T22:31:24","guid":{"rendered":"http:\/\/www.pacienti.cz\/?p=2839"},"modified":"2021-02-17T23:54:00","modified_gmt":"2021-02-17T22:54:00","slug":"nestrkejte-hlavu-do-pisku-ministre-zdravotnictvi-jane-blatny","status":"publish","type":"post","link":"https:\/\/www.pacienti.cz\/?p=2839","title":{"rendered":"Nestrkejte hlavu do p\u00edsku,  minist\u0159e zdravotnictv\u00ed Jane Blatn\u00fd!"},"content":{"rendered":"<hr \/>\n<p>&nbsp;<\/p>\n<p>&nbsp;<\/p>\n<h1><strong>Nestrkejte hlavu do p\u00edsku,<img loading=\"lazy\" decoding=\"async\" class=\"alignright wp-image-2841 size-medium\" src=\"https:\/\/www.pacienti.cz\/wp-content\/uploads\/2021\/02\/hlava-v-p\u00edsku-300x200.jpg\" alt=\"\" width=\"300\" height=\"200\" srcset=\"https:\/\/www.pacienti.cz\/wp-content\/uploads\/2021\/02\/hlava-v-p\u00edsku-300x200.jpg 300w, https:\/\/www.pacienti.cz\/wp-content\/uploads\/2021\/02\/hlava-v-p\u00edsku.jpg 721w\" sizes=\"(max-width: 300px) 100vw, 300px\" \/><\/strong><\/h1>\n<h1><strong>minist\u0159e zdravotnictv\u00ed Jane Blatn\u00fd!<\/strong><\/h1>\n<p>&nbsp;<\/p>\n<p>&nbsp;<\/p>\n<h4><span style=\"color: #ff0000;\"><strong><span style=\"color: #000000;\">Svaz pacient\u016f \u010cR<\/span> <\/strong><\/span><\/h4>\n<h4><span style=\"color: #ff0000;\"><strong><span style=\"color: #000080;\">je zd\u011b\u0161en\u00fd z Va\u0161ich v\u00fdrok\u016f, \u017ee v dob\u011b, kdy okres za okresem se dost\u00e1v\u00e1 do tot\u00e1ln\u00ed n\u00e1kazy infekc\u00ed Covid-19 a nemocnice kolabuj\u00ed jedna za druhou pod n\u00e1porem infikovan\u00fdch pacient\u016f,<\/span> tak chcete otev\u00edrat bez d\u016fsledn\u00e9 kontroly obchody a markety.<\/strong><\/span><\/h4>\n<p>&nbsp;<\/p>\n<h4><strong>Nemocn\u00ed a jejich p\u0159\u00edbuzn\u00ed n\u00e1m p\u00ed\u0161ou, jestli jste se nezbl\u00e1znil a s\u00a0V\u00e1mi i ministr obchodu Havl\u00ed\u010dek.<\/strong><\/h4>\n<p>&nbsp;<\/p>\n<h4>Otev\u00edrat obchody a markety v\u00a0t\u00e9to dob\u011b je \u0161\u00edlenstv\u00ed! Pod\u00edvejte se, jak se dodr\u017euj\u00ed anticovidov\u00e1 opat\u0159en\u00ed u\u017e dnes v\u00a0n\u011bkter\u00fdch prodejn\u00e1ch potravin a drobn\u00e9ho zbo\u017e\u00ed. Nikdo u\u017e nehl\u00edd\u00e1 po\u010dty osob v\u00a0prodejn\u00e1ch, nikdo ne\u0159e\u010d\u00ed kontrolu pou\u017e\u00edv\u00e1n\u00ed dezinfekce u vstupu do prodejen. Lid\u00e9 se chovaj\u00ed nezodpov\u011bdn\u011b, jak je to u \u010d\u00e1sti lidstva zvykem, proto\u017ee jim v\u00a0rodin\u011b (nebo bl\u00edzk\u00e1 osoba) je\u0161t\u011b nikdo neum\u0159el na Covid-19! My ty zku\u0161enosti bohu\u017eel m\u00e1me.<\/h4>\n<p>&nbsp;<\/p>\n<h4>\u010cemu se div\u00edme, \u017ee m\u016f\u017ee b\u00fdt takov\u00fd cynik je nap\u0159\u00edklad Daniel Landa, kdy mu na covid-19 zem\u0159el jeho kamar\u00e1d Pavel K. ve 42 letech, tak nech\u00e1peme, pro\u010d se dom\u00e1h\u00e1 rozvol\u0148ov\u00e1n\u00ed, a t\u00edm dojde k \u0161\u00ed\u0159en\u00ed infekce v \u010cesk\u00e9 republice.<\/h4>\n<p>&nbsp;<\/p>\n<h4>Kdy\u017e nejsou na m\u00edst\u011b citeln\u00e9 pokuty za poru\u0161en\u00ed pravidel, pak se nedivte, \u017ee lid\u00e9 ka\u0161lou na opat\u0159en\u00ed. Situace je velmi podobn\u00e1 t\u00e9 v srpnu 2020, kdy bylo t\u0159eba nasadit rou\u0161ky, ale Vl\u00e1da to neud\u011blala a d\u016fsledek m\u00e1me a\u017e dote\u010f. Tak\u017ee po\u010dty naka\u017een\u00fdch covidem-19 stoupaj\u00ed, nemocnice u\u017e nemaj\u00ed voln\u00e1 l\u016f\u017eka, a Vy rozhodnete, a\u0165 si lid\u00e9 d\u011blaj\u00ed co cht\u011bj\u00ed?! No, to p\u016fjde p\u0159ed soud, pane minist\u0159e Blatn\u00fd!<\/h4>\n<p>&nbsp;<\/p>\n<h4>Pod\u00edvejte se do Velk\u00e9 Brit\u00e1nie jak\u00e9 drakonick\u00e9 pokuty nasadili proti lidem, pokud jen budou lh\u00e1t z\u00a0jak\u00e9 zem\u011b p\u0159ich\u00e1z\u00ed, aby se vyhnuli karant\u00e9n\u011b! Pod\u00edvejte se do N\u011bmecka, jak Vl\u00e1da rozehnala brusl\u00edc\u00ed rodi\u010de s\u00a0d\u011btmi z\u00a0jezera. Poslali tam vrtuln\u00edk, aby je vyhnali se srocov\u00e1n\u00ed na led\u011b, aby ne\u0161\u00ed\u0159ili infekci!<\/h4>\n<p>&nbsp;<\/p>\n<h4>Jste Vl\u00e1da \u010cesk\u00e9 republiky, tak \u010deho se boj\u00edte? Boj\u00edte se t\u011bch hloup\u00fdch kec\u016f politik\u016f z ODS, SPD, Pir\u00e1t\u016f, KDU, a STAN? Copak oni maj\u00ed odpov\u011bdnost rozhodovat o z\u00e1chran\u011b \u017eivota obyvatel \u010cesk\u00e9 republiky?!\u00a0 Uk\u00e1zali n\u00e1m to ve \u010dtvrtek 11. \u00fanora, kdy neschv\u00e1lili opat\u0159en\u00ed stav Nouze jen proto, \u017ee d\u011blaj\u00ed p\u0159edvolebn\u00ed kampa\u0148!<\/h4>\n<p>&nbsp;<\/p>\n<h4>Ty uboh\u00e9 \u0159e\u010di, \u017ee u\u017e je tady stav Nouze 130 nebo 200 dn\u016f jsou o \u010dem? O ni\u010dem! Jen tlachy, tlachy a tlachy. A lid\u00e9 um\u00edraj\u00ed na covid-19, u\u017e jich zem\u0159elo p\u0159es 18 tis\u00edc!<\/h4>\n<p>&nbsp;<\/p>\n<h4>Pokud \u00dastavn\u00ed soud \u010cR je odpov\u011bdn\u00fd, tak NIKDY nem\u016f\u017ee j\u00edt proti obyvatel\u016fm a nechat je \u0161\u00ed\u0159it infekci, nebo je um\u0159\u00edt na ulic\u00edch kv\u016fli rychle n\u00e1kaze mutacemi covid-19.<\/h4>\n<p>&nbsp;<\/p>\n<h4>A\u017e ka\u017ed\u00fd den bude v\u00a0m\u00e9di\u00edch uv\u00e1d\u011bn\u00e1 situace s\u00a0JIPek, ARO a nemocnic, jak l\u00e9ka\u0159i a sestry bojuj\u00ed za udr\u017een\u00ed \u010dlov\u011bka p\u0159ed smrt\u00ed zp\u016fsoben\u00e9 infekc\u00ed d\u00fdchac\u00edch cest Covidem-19, pak nebude m\u00edt opozice co \u0159\u00edct!!!<\/h4>\n<p>&nbsp;<\/p>\n<h2><span style=\"color: #ff0000;\"><strong>Vyz\u00fdv\u00e1me V\u00e1s, pane minist\u0159e zdravotnictv\u00ed, <\/strong><\/span><\/h2>\n<p>&nbsp;<\/p>\n<ul>\n<li>\n<h4><strong>nestrkejte hlavu do p\u00edsku a rozhodujte ve prosp\u011bch z\u00e1chrany \u017eivot\u016f obyvatel \u010cesk\u00e9 republiky!<\/strong><\/h4>\n<\/li>\n<li>\n<h4><strong>bu\u010fte odpov\u011bdn\u00fd a nedovolte otev\u00edr\u00e1n\u00ed obchod\u016f a marketu bez d\u016fsledn\u00e9 kontroly prov\u00e1d\u011bn\u00ed na\u0159\u00edzen\u00fdch opat\u0159en\u00ed v\u010detn\u011b okam\u017eit\u00e9ho uzav\u00edr\u00e1n\u00ed t\u011bch prodejen, kde nebudou hl\u00eddat pravidla!<\/strong><\/h4>\n<\/li>\n<li>\n<h4><strong>srovnejte ministra Havl\u00ed\u010dka, a\u0165 se V\u00e1m neplete do kompetenci a nevyk\u0159ikuje rozhodnut\u00ed d\u0159\u00edv, ne\u017e jsou schv\u00e1len\u00e1 vl\u00e1dou!<\/strong><\/h4>\n<\/li>\n<li>\n<h4><strong>a nakonec \u017e\u00e1d\u00e1me, pou\u017e\u00edvejte takov\u00fd respir\u00e1tor, kter\u00fd V\u00e1m nebude padat z\u00a0nosu a bude p\u0159il\u00e9hat ke tv\u00e1\u0159i! Bu\u010fte p\u0159\u00edkladem a vzorem pro n\u00e1s v\u0161echny!<\/strong><\/h4>\n<\/li>\n<\/ul>\n<p><strong>\u00a0<\/strong><\/p>\n<p>&nbsp;<\/p>\n<p>Svaz pacient\u016f \u010cR<\/p>\n<p>&nbsp;<\/p>\n<p>&nbsp;<\/p>\n<p>&nbsp;<\/p>\n","protected":false},"excerpt":{"rendered":"<p>&nbsp; &nbsp; Nestrkejte hlavu do p\u00edsku, minist\u0159e zdravotnictv\u00ed Jane Blatn\u00fd! &nbsp; &nbsp; Svaz pacient\u016f \u010cR je zd\u011b\u0161en\u00fd z Va\u0161ich v\u00fdrok\u016f, \u017ee v dob\u011b, kdy okres za okresem se dost\u00e1v\u00e1 do tot\u00e1ln\u00ed n\u00e1kazy infekc\u00ed Covid-19 a nemocnice kolabuj\u00ed jedna za druhou pod n\u00e1porem infikovan\u00fdch pacient\u016f, tak chcete otev\u00edrat bez d\u016fsledn\u00e9 kontroly obchody a markety. &nbsp; Nemocn\u00ed [&hellip;]<\/p>\n","protected":false},"author":1,"featured_media":2848,"comment_status":"closed","ping_status":"open","sticky":false,"template":"","format":"standard","meta":{"footnotes":""},"categories":[14],"tags":[],"_links":{"self":[{"href":"https:\/\/www.pacienti.cz\/index.php?rest_route=\/wp\/v2\/posts\/2839"}],"collection":[{"href":"https:\/\/www.pacienti.cz\/index.php?rest_route=\/wp\/v2\/posts"}],"about":[{"href":"https:\/\/www.pacienti.cz\/index.php?rest_route=\/wp\/v2\/types\/post"}],"author":[{"embeddable":true,"href":"https:\/\/www.pacienti.cz\/index.php?rest_route=\/wp\/v2\/users\/1"}],"replies":[{"embeddable":true,"href":"https:\/\/www.pacienti.cz\/index.php?rest_route=%2Fwp%2Fv2%2Fcomments&post=2839"}],"version-history":[{"count":6,"href":"https:\/\/www.pacienti.cz\/index.php?rest_route=\/wp\/v2\/posts\/2839\/revisions"}],"predecessor-version":[{"id":2847,"href":"https:\/\/www.pacienti.cz\/index.php?rest_route=\/wp\/v2\/posts\/2839\/revisions\/2847"}],"wp:featuredmedia":[{"embeddable":true,"href":"https:\/\/www.pacienti.cz\/index.php?rest_route=\/wp\/v2\/media\/2848"}],"wp:attachment":[{"href":"https:\/\/www.pacienti.cz\/index.php?rest_route=%2Fwp%2Fv2%2Fmedia&parent=2839"}],"wp:term":[{"taxonomy":"category","embeddable":true,"href":"https:\/\/www.pacienti.cz\/index.php?rest_route=%2Fwp%2Fv2%2Fcategories&post=2839"},{"taxonomy":"post_tag","embeddable":true,"href":"https:\/\/www.pacienti.cz\/index.php?rest_route=%2Fwp%2Fv2%2Ftags&post=2839"}],"curies":[{"name":"wp","href":"https:\/\/api.w.org\/{rel}","templated":true}]}}