{"id":2868,"date":"2021-02-27T08:54:36","date_gmt":"2021-02-27T07:54:36","guid":{"rendered":"http:\/\/www.pacienti.cz\/?p=2868"},"modified":"2021-03-03T20:49:01","modified_gmt":"2021-03-03T19:49:01","slug":"neschopnost-a-neodbornost-na-ministerstvu-zdravotnictvi-zabiji-lidi","status":"publish","type":"post","link":"https:\/\/www.pacienti.cz\/?p=2868","title":{"rendered":"Neschopnost a neodbornost na Ministerstvu zdravotnictv\u00ed zab\u00edj\u00ed lidi"},"content":{"rendered":"<hr \/>\n<p>&nbsp;<\/p>\n<p>&nbsp;<\/p>\n<p><img loading=\"lazy\" decoding=\"async\" class=\"alignright wp-image-2581 size-medium\" src=\"https:\/\/www.pacienti.cz\/wp-content\/uploads\/2020\/04\/574A218C-D7CC-4EB3-A034-B55C8B146355-300x300.png\" alt=\"\" width=\"300\" height=\"300\" srcset=\"https:\/\/www.pacienti.cz\/wp-content\/uploads\/2020\/04\/574A218C-D7CC-4EB3-A034-B55C8B146355-300x300.png 300w, https:\/\/www.pacienti.cz\/wp-content\/uploads\/2020\/04\/574A218C-D7CC-4EB3-A034-B55C8B146355-150x150.png 150w, https:\/\/www.pacienti.cz\/wp-content\/uploads\/2020\/04\/574A218C-D7CC-4EB3-A034-B55C8B146355-144x144.png 144w, https:\/\/www.pacienti.cz\/wp-content\/uploads\/2020\/04\/574A218C-D7CC-4EB3-A034-B55C8B146355.png 480w\" sizes=\"(max-width: 300px) 100vw, 300px\" \/><\/p>\n<h3 style=\"text-align: left;\">Co se to d\u011bje na Ministerstvu zdravotnictv\u00ed? \u010cesko vypad\u00e1 jako kdyby se sem vr\u00e1til tuh\u00fd komunismus. \u017d\u00e1dn\u00e1 aktivita sm\u011brem k inovativn\u00ed farmakologii. Zastaral\u00e9 vid\u011bn\u00ed l\u00e9\u010dby zejm\u00e9na v t\u00e9to krizov\u00e9 dob\u011b!<\/h3>\n<p>&nbsp;<\/p>\n<h3 style=\"text-align: left;\">M\u00edsto, aby odborn\u00edci z MZ p\u0159edkl\u00e1dali podn\u011bty k lep\u0161\u00ed l\u00e9\u010db\u011b, k vyu\u017e\u00edv\u00e1n\u00ed ustanoven\u00ed z\u00e1kona o pou\u017e\u00edv\u00e1n\u00ed i neschv\u00e1len\u00fdch l\u00e9k\u016f, anebo postup\u016f v kritick\u00e9 situaci, kdy denn\u011b um\u00edraj\u00ed stovky lid\u00ed na jedno infek\u010dn\u00ed onemocn\u011bn\u00ed,<\/h3>\n<p>&nbsp;<\/p>\n<h3 style=\"text-align: center;\"><strong>tak paradoxn\u011b br\u00e1n\u00ed takov\u00e9mu postupu, <\/strong><\/h3>\n<h3 style=\"text-align: center;\">tedy v rozporu se z\u00e1konem \u010d.48\/1997 Sb. a tak\u00e9 z\u00e1konem o zdravotnick\u00fdch slu\u017eb\u00e1ch.<\/h3>\n<p>&nbsp;<\/p>\n<h3 style=\"text-align: left;\">Kdy\u017e se pod\u00edv\u00e1me na odpov\u011bdn\u00e9 osoby, tak to ukazuje na ministra Blatn\u00e9ho, kter\u00fd mus\u00ed na\u0159izovat pod\u0159\u00edzen\u00fdm postupy bez odmlouv\u00e1n\u00ed. Jinak m\u00e1 vyhazovat neschopn\u00e9 a neodborn\u00e9 lid\u00ed. Kdy\u017e to ned\u011bl\u00e1, tak \u0161kod\u00ed obyvatel\u016fm \u010cesk\u00e9 republiky.<\/h3>\n<p>&nbsp;<\/p>\n<h3 style=\"text-align: left;\">Jestli jeho n\u00e1mestek prof. Vladim\u00edr \u010cern\u00fd je za tento stav odpovedn\u00fd, pak mus\u00ed b\u00fdt ihned vyhozen.<\/h3>\n<p>&nbsp;<\/p>\n<h3 style=\"text-align: left;\">Jestli hlavn\u00ed hygieni\u010dka \u010cR Jarmila R\u00e1\u017eov\u00e1 tvrdila p\u0159ed t\u00fddnem, \u017ee v\u011bt\u0161\u00ed lockdown u\u017e v CZ nen\u00ed mo\u017en\u00fd, pak je neschopn\u00e1 a l\u00edn\u00e1 i jen si takov\u00e9 \u0159e\u0161en\u00ed ov\u011b\u0159it v jin\u00fdch zem\u00edch. Ale ona se rad\u011bj\u00ed p\u0159edv\u00e1d\u00ed,\u00a0jak m\u00e1 lep\u0161\u00ed \u00fa\u010des nebo \u0161\u00e1tek u krku&#8230;<\/h3>\n<p>&nbsp;<\/p>\n<h3>Dal\u0161\u00ed podobnou neschopnou je \u0159editelka SUKLu Irena Storov\u00e1. Odjet na Kubu ve chv\u00edli vyhl\u00e1\u0161en\u00ed Nouzov\u00e9ho stavu v b\u0159eznu 2020 je neodpustiteln\u00e9 pochyben\u00ed! A te\u010f op\u011bt br\u00e1n\u00ed pou\u017e\u00edv\u00e1n\u00ed l\u00e9k\u016f, jinak v jin\u00fdch zem\u00edch sv\u011bta a alibistick\u00fd \u010dek\u00e1 na Evropskou medic\u00ednskou agenturu. Tak je zbyte\u010dn\u00e1 v tak d\u016fle\u017eit\u00e9m \u00fa\u0159ad\u011b v t\u00e9to krizov\u00e9 dob\u011b. Mus\u00ed z hru\u0161ky dolu!<\/h3>\n<p>&nbsp;<\/p>\n<h3><img loading=\"lazy\" decoding=\"async\" class=\"alignleft wp-image-2574 size-medium\" src=\"https:\/\/www.pacienti.cz\/wp-content\/uploads\/2020\/04\/565D04E4-2A4A-46D0-96E0-2CB24E39BC38-300x169.jpeg\" alt=\"\" width=\"300\" height=\"169\" srcset=\"https:\/\/www.pacienti.cz\/wp-content\/uploads\/2020\/04\/565D04E4-2A4A-46D0-96E0-2CB24E39BC38-300x169.jpeg 300w, https:\/\/www.pacienti.cz\/wp-content\/uploads\/2020\/04\/565D04E4-2A4A-46D0-96E0-2CB24E39BC38-768x432.jpeg 768w, https:\/\/www.pacienti.cz\/wp-content\/uploads\/2020\/04\/565D04E4-2A4A-46D0-96E0-2CB24E39BC38.jpeg 853w\" sizes=\"(max-width: 300px) 100vw, 300px\" \/>\u0160\u00ed\u0159en\u00ed infekce Covid-19 je stejn\u00e9 na cel\u00e9m sv\u011bt\u011b. To mus\u00ed politici, vlada nebo premi\u00e9r zji\u0161\u0165ovat si informace p\u0159es sv\u00e9 poradce, aby podobn\u00fdm neschop\u016fm uk\u00e1zali, \u017ee nemaj\u00ed pravdu?!<\/h3>\n<p>&nbsp;<\/p>\n<h3>Pak maj\u00ed b\u00fdt vyhozen\u00ed. Nechceme je platit z na\u0161\u00edch dan\u00ed!!!<\/h3>\n<p>&nbsp;<\/p>\n<h3 style=\"text-align: left;\">Tak\u017ee p\u0159edsedo vl\u00e1dy, je t\u0159eba ve v\u00e1lce s infekci Covid-19 zm\u011bnit osoby a obsazen\u00ed.<\/h3>\n<p>&nbsp;<\/p>\n<h3>Svaz pacient\u016f \u010cR<\/h3>\n<p>&nbsp;<\/p>\n<hr \/>\n<p>&nbsp;<\/p>\n<p>V\u00edce k t\u00e9matu tady:<\/p>\n<h1 class=\"d_r d_s\"><span style=\"color: #ff0000;\"><strong><a style=\"color: #ff0000;\" href=\"https:\/\/www.novinky.cz\/koronavirus\/clanek\/babis-kritizuje-blatneho-urad-podle-premiera-blokuje-zahranicni-leky-na-covid-40352408?utm_source=www.seznam.cz&amp;utm_medium=sbrowser\">Babi\u0161 kritizuje Blatn\u00e9ho \u00fa\u0159ad, podle premi\u00e9ra blokuje zahrani\u010dn\u00ed l\u00e9ky na covid<\/a><\/strong><\/span><\/h1>\n<p>&nbsp;<\/p>\n<p>&nbsp;<\/p>\n<p>&nbsp;<\/p>\n","protected":false},"excerpt":{"rendered":"<p>&nbsp; &nbsp; Co se to d\u011bje na Ministerstvu zdravotnictv\u00ed? \u010cesko vypad\u00e1 jako kdyby se sem vr\u00e1til tuh\u00fd komunismus. \u017d\u00e1dn\u00e1 aktivita sm\u011brem k inovativn\u00ed farmakologii. Zastaral\u00e9 vid\u011bn\u00ed l\u00e9\u010dby zejm\u00e9na v t\u00e9to krizov\u00e9 dob\u011b! &nbsp; M\u00edsto, aby odborn\u00edci z MZ p\u0159edkl\u00e1dali podn\u011bty k lep\u0161\u00ed l\u00e9\u010db\u011b, k vyu\u017e\u00edv\u00e1n\u00ed ustanoven\u00ed z\u00e1kona o pou\u017e\u00edv\u00e1n\u00ed i neschv\u00e1len\u00fdch l\u00e9k\u016f, anebo postup\u016f v [&hellip;]<\/p>\n","protected":false},"author":1,"featured_media":2750,"comment_status":"closed","ping_status":"open","sticky":false,"template":"","format":"standard","meta":{"footnotes":""},"categories":[14],"tags":[],"_links":{"self":[{"href":"https:\/\/www.pacienti.cz\/index.php?rest_route=\/wp\/v2\/posts\/2868"}],"collection":[{"href":"https:\/\/www.pacienti.cz\/index.php?rest_route=\/wp\/v2\/posts"}],"about":[{"href":"https:\/\/www.pacienti.cz\/index.php?rest_route=\/wp\/v2\/types\/post"}],"author":[{"embeddable":true,"href":"https:\/\/www.pacienti.cz\/index.php?rest_route=\/wp\/v2\/users\/1"}],"replies":[{"embeddable":true,"href":"https:\/\/www.pacienti.cz\/index.php?rest_route=%2Fwp%2Fv2%2Fcomments&post=2868"}],"version-history":[{"count":12,"href":"https:\/\/www.pacienti.cz\/index.php?rest_route=\/wp\/v2\/posts\/2868\/revisions"}],"predecessor-version":[{"id":2885,"href":"https:\/\/www.pacienti.cz\/index.php?rest_route=\/wp\/v2\/posts\/2868\/revisions\/2885"}],"wp:featuredmedia":[{"embeddable":true,"href":"https:\/\/www.pacienti.cz\/index.php?rest_route=\/wp\/v2\/media\/2750"}],"wp:attachment":[{"href":"https:\/\/www.pacienti.cz\/index.php?rest_route=%2Fwp%2Fv2%2Fmedia&parent=2868"}],"wp:term":[{"taxonomy":"category","embeddable":true,"href":"https:\/\/www.pacienti.cz\/index.php?rest_route=%2Fwp%2Fv2%2Fcategories&post=2868"},{"taxonomy":"post_tag","embeddable":true,"href":"https:\/\/www.pacienti.cz\/index.php?rest_route=%2Fwp%2Fv2%2Ftags&post=2868"}],"curies":[{"name":"wp","href":"https:\/\/api.w.org\/{rel}","templated":true}]}}