{"id":2908,"date":"2021-03-07T00:39:37","date_gmt":"2021-03-06T23:39:37","guid":{"rendered":"http:\/\/www.pacienti.cz\/?p=2908"},"modified":"2021-03-07T01:01:43","modified_gmt":"2021-03-07T00:01:43","slug":"je-to-na-vyhazov-martin-gebauer-ano-jel-do-keni-kde-radi-mutovany-covid-a-jeste-se-rodina-tim-chlubi","status":"publish","type":"post","link":"https:\/\/www.pacienti.cz\/?p=2908","title":{"rendered":"Je to na vyhazov: Martin Gebauer (ANO) jel do Keni, kde \u0159\u00e1d\u00ed mutovan\u00fd covid, a je\u0161t\u011b se rodina t\u00edm chlub\u00ed!"},"content":{"rendered":"<hr \/>\n<p>&nbsp;<\/p>\n<h1><span style=\"color: #3366ff;\"><strong><a style=\"color: #3366ff;\" href=\"https:\/\/denikn.cz\/571307\/potreboval-jsem-vypnout-vysvetluje-namestek-pro-zdravotnictvi-cestu-do-rizikove-keni\/?utm_source=www.seznam.cz&amp;utm_medium=sbrowser\">Radn\u00ed Martin Gebauer (ANO) jel do Keni, kde \u0159\u00e1d\u00ed mutovan\u00fd covid, a je\u0161t\u011b se rodina t\u00edm chlub\u00ed!<\/a><img loading=\"lazy\" decoding=\"async\" class=\"wp-image-2658 size-medium alignright\" src=\"https:\/\/www.pacienti.cz\/wp-content\/uploads\/2020\/04\/F5B1F12E-9DAA-41E7-812E-D618DB709BF1-300x225.jpeg\" alt=\"\" width=\"300\" height=\"225\" srcset=\"https:\/\/www.pacienti.cz\/wp-content\/uploads\/2020\/04\/F5B1F12E-9DAA-41E7-812E-D618DB709BF1-300x225.jpeg 300w, https:\/\/www.pacienti.cz\/wp-content\/uploads\/2020\/04\/F5B1F12E-9DAA-41E7-812E-D618DB709BF1.jpeg 640w\" sizes=\"(max-width: 300px) 100vw, 300px\" \/><\/strong><\/span><\/h1>\n<p>&nbsp;<\/p>\n<h3>No nenakopali byste takov\u00e9ho \u010dlov\u011bka, kdy\u017e m\u00edsto aby \u0159e\u0161il probl\u00e9my v nemocnici, odjede si do Afriky na 14 dn\u016f&#8230;<\/h3>\n<p>&nbsp;<\/p>\n<p>&nbsp;<\/p>\n","protected":false},"excerpt":{"rendered":"<p>&nbsp; Radn\u00ed Martin Gebauer (ANO) jel do Keni, kde \u0159\u00e1d\u00ed mutovan\u00fd covid, a je\u0161t\u011b se rodina t\u00edm chlub\u00ed! &nbsp; No nenakopali byste takov\u00e9ho \u010dlov\u011bka, kdy\u017e m\u00edsto aby \u0159e\u0161il probl\u00e9my v nemocnici, odjede si do Afriky na 14 dn\u016f&#8230; &nbsp; &nbsp;<\/p>\n","protected":false},"author":1,"featured_media":2915,"comment_status":"closed","ping_status":"open","sticky":false,"template":"","format":"standard","meta":{"footnotes":""},"categories":[14],"tags":[],"_links":{"self":[{"href":"https:\/\/www.pacienti.cz\/index.php?rest_route=\/wp\/v2\/posts\/2908"}],"collection":[{"href":"https:\/\/www.pacienti.cz\/index.php?rest_route=\/wp\/v2\/posts"}],"about":[{"href":"https:\/\/www.pacienti.cz\/index.php?rest_route=\/wp\/v2\/types\/post"}],"author":[{"embeddable":true,"href":"https:\/\/www.pacienti.cz\/index.php?rest_route=\/wp\/v2\/users\/1"}],"replies":[{"embeddable":true,"href":"https:\/\/www.pacienti.cz\/index.php?rest_route=%2Fwp%2Fv2%2Fcomments&post=2908"}],"version-history":[{"count":6,"href":"https:\/\/www.pacienti.cz\/index.php?rest_route=\/wp\/v2\/posts\/2908\/revisions"}],"predecessor-version":[{"id":2917,"href":"https:\/\/www.pacienti.cz\/index.php?rest_route=\/wp\/v2\/posts\/2908\/revisions\/2917"}],"wp:featuredmedia":[{"embeddable":true,"href":"https:\/\/www.pacienti.cz\/index.php?rest_route=\/wp\/v2\/media\/2915"}],"wp:attachment":[{"href":"https:\/\/www.pacienti.cz\/index.php?rest_route=%2Fwp%2Fv2%2Fmedia&parent=2908"}],"wp:term":[{"taxonomy":"category","embeddable":true,"href":"https:\/\/www.pacienti.cz\/index.php?rest_route=%2Fwp%2Fv2%2Fcategories&post=2908"},{"taxonomy":"post_tag","embeddable":true,"href":"https:\/\/www.pacienti.cz\/index.php?rest_route=%2Fwp%2Fv2%2Ftags&post=2908"}],"curies":[{"name":"wp","href":"https:\/\/api.w.org\/{rel}","templated":true}]}}