{"id":2974,"date":"2021-04-14T12:23:17","date_gmt":"2021-04-14T10:23:17","guid":{"rendered":"http:\/\/www.pacienti.cz\/?p=2974"},"modified":"2021-04-14T12:27:49","modified_gmt":"2021-04-14T10:27:49","slug":"polaci-doplaci-na-machrovani-v-lednu","status":"publish","type":"post","link":"https:\/\/www.pacienti.cz\/?p=2974","title":{"rendered":"Pol\u00e1ci dopl\u00e1c\u00ed na machrov\u00e1n\u00ed v lednu"},"content":{"rendered":"<hr \/>\n<p><img loading=\"lazy\" decoding=\"async\" class=\"alignright wp-image-2658 size-medium\" src=\"https:\/\/www.pacienti.cz\/wp-content\/uploads\/2020\/04\/F5B1F12E-9DAA-41E7-812E-D618DB709BF1-300x225.jpeg\" alt=\"\" width=\"300\" height=\"225\" srcset=\"https:\/\/www.pacienti.cz\/wp-content\/uploads\/2020\/04\/F5B1F12E-9DAA-41E7-812E-D618DB709BF1-300x225.jpeg 300w, https:\/\/www.pacienti.cz\/wp-content\/uploads\/2020\/04\/F5B1F12E-9DAA-41E7-812E-D618DB709BF1.jpeg 640w\" sizes=\"(max-width: 300px) 100vw, 300px\" \/><\/p>\n<p>&nbsp;<\/p>\n<h1 class=\"d_r d_s\"><span style=\"color: #0000ff;\"><a style=\"color: #0000ff;\" href=\"https:\/\/www.novinky.cz\/koronavirus\/clanek\/pandemie-kosi-polaky-jako-nikdy-predtim-40356921#seq_no=6&amp;dop_ab_variant=0&amp;dop_source_zone_name=novinky.web.nexttoart&amp;dop_req_id=YHlneudI7Ng-202104141013&amp;source=article-detail\"><strong>Pandemie kos\u00ed Pol\u00e1ky jako nikdy p\u0159edt\u00edm\u00a0 &#8211;\u00a0<\/strong><\/a><\/span><\/h1>\n<p>&nbsp;<\/p>\n<p>&nbsp;<\/p>\n<h3>Zatimco v \u010cesk\u00e9 republice vl\u00e1da zastavila provoz v\u0161ech ve\u0159ejn\u00fdch akc\u00ed, SKI are\u00e1l\u016f, obchodu, tr\u017enic a tak podobn\u011b, tak Pol\u00e1ci zvali na\u0161e rebely, aby ji\u00edm tam navezli Covid-19.<\/h3>\n<p>&nbsp;<\/p>\n<h3>Te\u010f maj\u00ed to co cht\u011bli. Jinak se to ned\u00e1 hodnotit!<\/h3>\n<p>&nbsp;<\/p>\n<h3>Lid\u00e9 nejezd\u011bte do Polska !!!\u00a0 Chra\u0148te se p\u0159ed \u00famt\u00edm, pokud je v\u00e1m \u017eivot mil\u00fd!<\/h3>\n<p>&nbsp;<\/p>\n<p>&nbsp;<\/p>\n<p>Svaz pacient\u016f \u010cR<\/p>\n<p>&nbsp;<\/p>\n<p>&nbsp;<\/p>\n<p><a href=\"https:\/\/www.pacienti.cz\/wp-content\/uploads\/2021\/02\/2E80F243-B8B4-46B6-9AC9-595484D9F282.jpeg\"><img loading=\"lazy\" decoding=\"async\" class=\"alignnone size-full wp-image-2893\" src=\"https:\/\/www.pacienti.cz\/wp-content\/uploads\/2021\/02\/2E80F243-B8B4-46B6-9AC9-595484D9F282.jpeg\" alt=\"\" width=\"480\" height=\"480\" srcset=\"https:\/\/www.pacienti.cz\/wp-content\/uploads\/2021\/02\/2E80F243-B8B4-46B6-9AC9-595484D9F282.jpeg 480w, https:\/\/www.pacienti.cz\/wp-content\/uploads\/2021\/02\/2E80F243-B8B4-46B6-9AC9-595484D9F282-300x300.jpeg 300w, https:\/\/www.pacienti.cz\/wp-content\/uploads\/2021\/02\/2E80F243-B8B4-46B6-9AC9-595484D9F282-150x150.jpeg 150w, https:\/\/www.pacienti.cz\/wp-content\/uploads\/2021\/02\/2E80F243-B8B4-46B6-9AC9-595484D9F282-144x144.jpeg 144w\" sizes=\"(max-width: 480px) 100vw, 480px\" \/><\/a><\/p>\n","protected":false},"excerpt":{"rendered":"<p>&nbsp; Pandemie kos\u00ed Pol\u00e1ky jako nikdy p\u0159edt\u00edm\u00a0 &#8211;\u00a0 &nbsp; &nbsp; Zatimco v \u010cesk\u00e9 republice vl\u00e1da zastavila provoz v\u0161ech ve\u0159ejn\u00fdch akc\u00ed, SKI are\u00e1l\u016f, obchodu, tr\u017enic a tak podobn\u011b, tak Pol\u00e1ci zvali na\u0161e rebely, aby ji\u00edm tam navezli Covid-19. &nbsp; Te\u010f maj\u00ed to co cht\u011bli. Jinak se to ned\u00e1 hodnotit! &nbsp; Lid\u00e9 nejezd\u011bte do Polska !!!\u00a0 Chra\u0148te [&hellip;]<\/p>\n","protected":false},"author":1,"featured_media":2658,"comment_status":"closed","ping_status":"open","sticky":false,"template":"","format":"standard","meta":{"footnotes":""},"categories":[14],"tags":[],"_links":{"self":[{"href":"https:\/\/www.pacienti.cz\/index.php?rest_route=\/wp\/v2\/posts\/2974"}],"collection":[{"href":"https:\/\/www.pacienti.cz\/index.php?rest_route=\/wp\/v2\/posts"}],"about":[{"href":"https:\/\/www.pacienti.cz\/index.php?rest_route=\/wp\/v2\/types\/post"}],"author":[{"embeddable":true,"href":"https:\/\/www.pacienti.cz\/index.php?rest_route=\/wp\/v2\/users\/1"}],"replies":[{"embeddable":true,"href":"https:\/\/www.pacienti.cz\/index.php?rest_route=%2Fwp%2Fv2%2Fcomments&post=2974"}],"version-history":[{"count":5,"href":"https:\/\/www.pacienti.cz\/index.php?rest_route=\/wp\/v2\/posts\/2974\/revisions"}],"predecessor-version":[{"id":2979,"href":"https:\/\/www.pacienti.cz\/index.php?rest_route=\/wp\/v2\/posts\/2974\/revisions\/2979"}],"wp:featuredmedia":[{"embeddable":true,"href":"https:\/\/www.pacienti.cz\/index.php?rest_route=\/wp\/v2\/media\/2658"}],"wp:attachment":[{"href":"https:\/\/www.pacienti.cz\/index.php?rest_route=%2Fwp%2Fv2%2Fmedia&parent=2974"}],"wp:term":[{"taxonomy":"category","embeddable":true,"href":"https:\/\/www.pacienti.cz\/index.php?rest_route=%2Fwp%2Fv2%2Fcategories&post=2974"},{"taxonomy":"post_tag","embeddable":true,"href":"https:\/\/www.pacienti.cz\/index.php?rest_route=%2Fwp%2Fv2%2Ftags&post=2974"}],"curies":[{"name":"wp","href":"https:\/\/api.w.org\/{rel}","templated":true}]}}