{"id":2995,"date":"2021-04-21T14:20:13","date_gmt":"2021-04-21T12:20:13","guid":{"rendered":"https:\/\/www.pacienti.cz\/?p=2995"},"modified":"2021-05-13T13:02:29","modified_gmt":"2021-05-13T11:02:29","slug":"reditelka-suklu-storova-musi-byt-odvolana","status":"publish","type":"post","link":"https:\/\/www.pacienti.cz\/?p=2995","title":{"rendered":"\u0158editelka SUKLu Storov\u00e1 mus\u00ed b\u00fdt odvol\u00e1na!"},"content":{"rendered":"<hr \/>\n<p>&nbsp;<\/p>\n<h1><strong><span style=\"color: #ff0000;\">Irena Storov\u00e1 si zahrala na cenzorku novin?!<\/span> <\/strong><\/h1>\n<p>&nbsp;<\/p>\n<h1><span style=\"color: #000080;\"><strong>Pro\u010d by pacienti m\u011bli trp\u011bt pod jej\u00edm \u0159\u00edzen\u00edm d\u016fle\u017eit\u00e9ho l\u00e9kov\u00e9ho \u00fa\u0159adu \u010cesk\u00e9 republiky!<\/strong><\/span><\/h1>\n<p>&nbsp;<\/p>\n<p><img loading=\"lazy\" decoding=\"async\" class=\"alignright wp-image-2826 size-medium\" src=\"https:\/\/www.pacienti.cz\/wp-content\/uploads\/2021\/02\/help-button-1365367__480-300x300.png\" alt=\"\" width=\"300\" height=\"300\" srcset=\"https:\/\/www.pacienti.cz\/wp-content\/uploads\/2021\/02\/help-button-1365367__480-300x300.png 300w, https:\/\/www.pacienti.cz\/wp-content\/uploads\/2021\/02\/help-button-1365367__480-150x150.png 150w, https:\/\/www.pacienti.cz\/wp-content\/uploads\/2021\/02\/help-button-1365367__480-144x144.png 144w, https:\/\/www.pacienti.cz\/wp-content\/uploads\/2021\/02\/help-button-1365367__480.png 480w\" sizes=\"(max-width: 300px) 100vw, 300px\" \/><\/p>\n<h3>Redakce &#8211; Tak, a po roce vid\u00edme op\u011bt v akci \u0159editelku Irenu Storovou v akci. \u0158editelku, kter\u00e1 v roce 2020 v dob\u011b vypuknut\u00ed celosv\u011btov\u00e9 infekce covid-19 si odjela na Kubu! \u017de by nebyla odpov\u011bdn\u00e1 u\u017e tehdy? Nebo \u0161la se poradit se soudruhy? I kdy\u017e by to bylo divn\u00e9, proto\u017ee jej\u00ed odborn\u00e9 p\u016fsoben\u00ed v Nemocnici na Homolce zejm\u00e9na pak <span style=\"color: #0000ff;\"><a style=\"color: #0000ff;\" href=\"https:\/\/cs.wikipedia.org\/wiki\/Irena_Storov%C3%A1\">v dob\u011b p\u016fsoben\u00ed<\/a><\/span> \u0159editele <span style=\"color: #ff0000;\"><a style=\"color: #ff0000;\" href=\"https:\/\/cs.wikipedia.org\/wiki\/Vladim%C3%ADr_Dbal%C3%BD\">Dbal\u00e9ho<\/a><\/span> nasv\u011bd\u010duje n\u011b\u010demu jin\u00e9mu&#8230;<\/h3>\n<p>&nbsp;<\/p>\n<h3>Pacienti vn\u00edmaj\u00ed SUKL pod jej\u00edm veden\u00edm, jako nep\u0159\u00e1telskou organizaci pacient\u016f, kter\u00e1 \u010dasto vyd\u00e1v\u00e1 zmate\u010dn\u00e1 stanoviska.<\/h3>\n<p>&nbsp;<\/p>\n<h3>Na jedn\u00e9 stran\u011b SUKL <span style=\"color: #0000ff;\"><strong><a style=\"color: #0000ff;\" href=\"https:\/\/www.mzcr.cz\/tiskove-centrum-mz\/ministerstvo-zdravotnictvi-umozni-zdravotnickym-zarizenim-podavat-lecivy-pripravek-s-latkou-ivermectin\/\">schv\u00e1l\u00ed l\u00e9k Ivermektin<\/a><\/strong><\/span> a druh\u00fdm dechem <span style=\"color: #ff0000;\"><strong><a style=\"color: #ff0000;\" href=\"https:\/\/www.novinky.cz\/domaci\/clanek\/sukl-hrozi-pravu-pokutou-az-pul-milionu-za-clanky-o-ivermektinu-40357705#dop_ab_variant=1&amp;dop_source_zone_name=novinky.sznhp.box&amp;dop_req_id=ZfPHeNTodH3-202104210727&amp;dop_id=40357705&amp;source=hp&amp;seq_no=3&amp;utm_campaign=&amp;utm_medium=z-boxiku&amp;utm_source=www.seznam.cz\">vyhro\u017euje m\u00e9di\u00edm<\/a><\/strong><\/span>, aby neinformovali pacienty o mo\u017enosti l\u00e9\u010dby timto bezpe\u010dn\u00fdm l\u00e9kem.<\/h3>\n<p>&nbsp;<\/p>\n<h3>\u010cist\u00e1 schizofrenie, anebo n\u011bco hor\u0161\u00edho? Anebo \u017ee by man\u00fdry z komunistick\u00e9 Kuby u\u017e dolehly a\u017e do \u010cesk\u00e9 republiky?!<\/h3>\n<p>&nbsp;<\/p>\n<h1><span style=\"color: #ff0000;\"><strong>Tady u\u017e neum\u00edme vid\u011bt jin\u00e9 \u0159e\u0161en\u00ed, <\/strong><\/span><\/h1>\n<h1><span style=\"color: #ff0000;\"><strong>pane minist\u0159e zdravotnictv\u00ed, <\/strong><\/span><\/h1>\n<h1><span style=\"color: #000080;\"><strong>ne\u017e odvol\u00e1n\u00ed \u0159editelky SUKL Ireny Storov\u00e9!<\/strong><\/span><\/h1>\n<p>&nbsp;<\/p>\n<p>&nbsp;<\/p>\n<h3>Svaz pacient\u016f \u010cR, z.s. d\u016frazn\u011b odm\u00edt\u00e1 bol\u0161evick\u00e9 zp\u016fsoby \u0159\u00edzen\u00ed st\u00e1tn\u00edho \u00fa\u0159adu!<\/h3>\n<p>&nbsp;<\/p>\n<p>SPCR<\/p>\n<p>&nbsp;<\/p>\n","protected":false},"excerpt":{"rendered":"<p>&nbsp; Irena Storov\u00e1 si zahrala na cenzorku novin?! &nbsp; Pro\u010d by pacienti m\u011bli trp\u011bt pod jej\u00edm \u0159\u00edzen\u00edm d\u016fle\u017eit\u00e9ho l\u00e9kov\u00e9ho \u00fa\u0159adu \u010cesk\u00e9 republiky! &nbsp; Redakce &#8211; Tak, a po roce vid\u00edme op\u011bt v akci \u0159editelku Irenu Storovou v akci. \u0158editelku, kter\u00e1 v roce 2020 v dob\u011b vypuknut\u00ed celosv\u011btov\u00e9 infekce covid-19 si odjela na Kubu! \u017de by [&hellip;]<\/p>\n","protected":false},"author":1,"featured_media":2897,"comment_status":"closed","ping_status":"open","sticky":false,"template":"","format":"standard","meta":{"footnotes":""},"categories":[14],"tags":[],"_links":{"self":[{"href":"https:\/\/www.pacienti.cz\/index.php?rest_route=\/wp\/v2\/posts\/2995"}],"collection":[{"href":"https:\/\/www.pacienti.cz\/index.php?rest_route=\/wp\/v2\/posts"}],"about":[{"href":"https:\/\/www.pacienti.cz\/index.php?rest_route=\/wp\/v2\/types\/post"}],"author":[{"embeddable":true,"href":"https:\/\/www.pacienti.cz\/index.php?rest_route=\/wp\/v2\/users\/1"}],"replies":[{"embeddable":true,"href":"https:\/\/www.pacienti.cz\/index.php?rest_route=%2Fwp%2Fv2%2Fcomments&post=2995"}],"version-history":[{"count":9,"href":"https:\/\/www.pacienti.cz\/index.php?rest_route=\/wp\/v2\/posts\/2995\/revisions"}],"predecessor-version":[{"id":3004,"href":"https:\/\/www.pacienti.cz\/index.php?rest_route=\/wp\/v2\/posts\/2995\/revisions\/3004"}],"wp:featuredmedia":[{"embeddable":true,"href":"https:\/\/www.pacienti.cz\/index.php?rest_route=\/wp\/v2\/media\/2897"}],"wp:attachment":[{"href":"https:\/\/www.pacienti.cz\/index.php?rest_route=%2Fwp%2Fv2%2Fmedia&parent=2995"}],"wp:term":[{"taxonomy":"category","embeddable":true,"href":"https:\/\/www.pacienti.cz\/index.php?rest_route=%2Fwp%2Fv2%2Fcategories&post=2995"},{"taxonomy":"post_tag","embeddable":true,"href":"https:\/\/www.pacienti.cz\/index.php?rest_route=%2Fwp%2Fv2%2Ftags&post=2995"}],"curies":[{"name":"wp","href":"https:\/\/api.w.org\/{rel}","templated":true}]}}