{"id":3209,"date":"2022-01-16T17:17:01","date_gmt":"2022-01-16T16:17:01","guid":{"rendered":"http:\/\/www.pacienti.cz\/?p=3209"},"modified":"2022-02-13T21:16:54","modified_gmt":"2022-02-13T20:16:54","slug":"kdyz-byl-premierem-paroubek-pacienti-meli-dobreho-zastance","status":"publish","type":"post","link":"https:\/\/www.pacienti.cz\/?p=3209","title":{"rendered":"Kdy\u017e byl premi\u00e9rem Paroubek, pacienti m\u011bli dobr\u00e9ho zast\u00e1nce"},"content":{"rendered":"<hr \/>\n<p>&nbsp;<\/p>\n<h2><strong>Kdy\u017e byl premi\u00e9rem Paroubek, pacienti m\u011bli dobr\u00e9ho zast\u00e1nce<img loading=\"lazy\" decoding=\"async\" class=\"alignright wp-image-3215 size-medium\" src=\"https:\/\/www.pacienti.cz\/wp-content\/uploads\/2022\/01\/38D3AD68-98B6-4C76-B915-86200560D8D4-300x111.jpeg\" alt=\"\" width=\"300\" height=\"111\" srcset=\"https:\/\/www.pacienti.cz\/wp-content\/uploads\/2022\/01\/38D3AD68-98B6-4C76-B915-86200560D8D4-300x111.jpeg 300w, https:\/\/www.pacienti.cz\/wp-content\/uploads\/2022\/01\/38D3AD68-98B6-4C76-B915-86200560D8D4-768x284.jpeg 768w, https:\/\/www.pacienti.cz\/wp-content\/uploads\/2022\/01\/38D3AD68-98B6-4C76-B915-86200560D8D4.jpeg 851w\" sizes=\"(max-width: 300px) 100vw, 300px\" \/><\/strong><\/h2>\n<p>&nbsp;<\/p>\n<h4>Praha &#8211; Kdy\u017e se zamysl\u00edme nad dobou, kdy Vl\u00e1du \u010cesk\u00e9 republiky kolem roku 2005 a\u017e 2007 vedl Ji\u0159\u00ed Paroubek, pacienti m\u011bli zast\u00e1n\u00ed p\u0159i tvorb\u011b z\u00e1kon\u016f. Bu\u010f to byla ministryn\u011b zdravotnictv\u00ed Milada Emmerov\u00e1, kter\u00e9 dokonce d\u011blal poradce n\u00e1\u0161 viceprezident Ing. Mr\u00e1zek, nebo pozd\u011bji ministr David Rath, kter\u00fd a\u017e na jeden spor o pen\u00edze pro nemocnice (po z\u00e1sahu premi\u00e9ra i to srovnalo), sly\u0161eli na podn\u011bty a n\u00e1vrhy Svazu pacient\u016f \u010cR. Pak p\u0159i\u0161lo oran\u017eov\u00e9 tsunami v kraj\u00edch\u2026<\/h4>\n<p>&nbsp;<\/p>\n<h4>Tehdy Ji\u0159\u00ed Paroubek p\u0159edv\u00e1d\u011bl obdivuhodn\u00e9 tane\u010dn\u00ed piruety, kdy si nach\u00e1zel \u010das i pro pravideln\u00e1 setk\u00e1ni se z\u00e1stupci spole\u010densk\u00fdch organizaci (min. 4x do roka), a t\u00edm m\u011bl i z t\u011bchto sch\u016fzek vynikaj\u00edc\u00ed p\u0159ehled o d\u011bn\u00ed mezi spoluob\u010dany.<\/h4>\n<p>&nbsp;<\/p>\n<h4>Lep\u0161\u00edho \u201c\u0161\u00e9fa politick\u00e9 strany\u201d od t\u00e9 doby nezn\u00e1me.<\/h4>\n<p>&nbsp;<\/p>\n<h4>I proto se n\u00e1m jev\u00ed my\u0161lenka jej op\u011bt anga\u017eovat pro spole\u010dnost jako zaj\u00edmav\u00e1\u2026<\/h4>\n<p>&nbsp;<\/p>\n<h4>* Prezident Svazu pacient\u016f \u010cR<\/h4>\n<p>&nbsp;<\/p>\n<p><img loading=\"lazy\" decoding=\"async\" class=\"aligncenter wp-image-684 size-thumbnail\" src=\"https:\/\/www.pacienti.cz\/wp-content\/uploads\/2015\/12\/balloons-25737_960_720-150x150.png\" alt=\"\" width=\"150\" height=\"150\" srcset=\"https:\/\/www.pacienti.cz\/wp-content\/uploads\/2015\/12\/balloons-25737_960_720-150x150.png 150w, https:\/\/www.pacienti.cz\/wp-content\/uploads\/2015\/12\/balloons-25737_960_720-144x144.png 144w\" sizes=\"(max-width: 150px) 100vw, 150px\" \/><\/p>\n<hr \/>\n<p>Dal\u0161\u00ed podobn\u00e9 \u010dl\u00e1nky:<\/p>\n<p>&nbsp;<\/p>\n<h2 class=\"e_S e_L d_gc\"><span style=\"color: #0000ff;\"><strong>Ud\u011blal jsem z\u00a0uboh\u00e9 herky bly\u0161tiv\u00fd mercedes, vzpom\u00edn\u00e1 Paroubek<\/strong><\/span><\/h2>\n<p>&nbsp;<\/p>\n<p>&nbsp;<\/p>\n","protected":false},"excerpt":{"rendered":"<p>&nbsp; Kdy\u017e byl premi\u00e9rem Paroubek, pacienti m\u011bli dobr\u00e9ho zast\u00e1nce &nbsp; Praha &#8211; Kdy\u017e se zamysl\u00edme nad dobou, kdy Vl\u00e1du \u010cesk\u00e9 republiky kolem roku 2005 a\u017e 2007 vedl Ji\u0159\u00ed Paroubek, pacienti m\u011bli zast\u00e1n\u00ed p\u0159i tvorb\u011b z\u00e1kon\u016f. Bu\u010f to byla ministryn\u011b zdravotnictv\u00ed Milada Emmerov\u00e1, kter\u00e9 dokonce d\u011blal poradce n\u00e1\u0161 viceprezident Ing. Mr\u00e1zek, nebo pozd\u011bji ministr David Rath, [&hellip;]<\/p>\n","protected":false},"author":1,"featured_media":3214,"comment_status":"closed","ping_status":"open","sticky":false,"template":"","format":"standard","meta":{"footnotes":""},"categories":[14],"tags":[],"_links":{"self":[{"href":"https:\/\/www.pacienti.cz\/index.php?rest_route=\/wp\/v2\/posts\/3209"}],"collection":[{"href":"https:\/\/www.pacienti.cz\/index.php?rest_route=\/wp\/v2\/posts"}],"about":[{"href":"https:\/\/www.pacienti.cz\/index.php?rest_route=\/wp\/v2\/types\/post"}],"author":[{"embeddable":true,"href":"https:\/\/www.pacienti.cz\/index.php?rest_route=\/wp\/v2\/users\/1"}],"replies":[{"embeddable":true,"href":"https:\/\/www.pacienti.cz\/index.php?rest_route=%2Fwp%2Fv2%2Fcomments&post=3209"}],"version-history":[{"count":18,"href":"https:\/\/www.pacienti.cz\/index.php?rest_route=\/wp\/v2\/posts\/3209\/revisions"}],"predecessor-version":[{"id":3232,"href":"https:\/\/www.pacienti.cz\/index.php?rest_route=\/wp\/v2\/posts\/3209\/revisions\/3232"}],"wp:featuredmedia":[{"embeddable":true,"href":"https:\/\/www.pacienti.cz\/index.php?rest_route=\/wp\/v2\/media\/3214"}],"wp:attachment":[{"href":"https:\/\/www.pacienti.cz\/index.php?rest_route=%2Fwp%2Fv2%2Fmedia&parent=3209"}],"wp:term":[{"taxonomy":"category","embeddable":true,"href":"https:\/\/www.pacienti.cz\/index.php?rest_route=%2Fwp%2Fv2%2Fcategories&post=3209"},{"taxonomy":"post_tag","embeddable":true,"href":"https:\/\/www.pacienti.cz\/index.php?rest_route=%2Fwp%2Fv2%2Ftags&post=3209"}],"curies":[{"name":"wp","href":"https:\/\/api.w.org\/{rel}","templated":true}]}}