{"id":3292,"date":"2022-03-06T22:16:34","date_gmt":"2022-03-06T21:16:34","guid":{"rendered":"http:\/\/www.pacienti.cz\/?p=3292"},"modified":"2022-03-06T22:16:34","modified_gmt":"2022-03-06T21:16:34","slug":"hobby-jak-rika-dr-rath-ktery-je-pacientskym-ombudsmanem","status":"publish","type":"post","link":"https:\/\/www.pacienti.cz\/?p=3292","title":{"rendered":"\u201eHobby\u201c, jak \u0159\u00edk\u00e1 Dr. Rath, kter\u00fd je pacientsk\u00fdm ombudsmanem&#8230;"},"content":{"rendered":"<hr \/>\n<p>&nbsp;<\/p>\n<h2><strong>\u201eHobby\u201c, jak \u0159\u00edk\u00e1 Dr. Rath, kter\u00fd je pacientsk\u00fdm <img loading=\"lazy\" decoding=\"async\" class=\"alignright wp-image-3087 size-medium\" src=\"https:\/\/www.pacienti.cz\/wp-content\/uploads\/2021\/07\/0D849CCD-94B9-4FF9-B810-20D29559575A-300x138.jpeg\" alt=\"\" width=\"300\" height=\"138\" srcset=\"https:\/\/www.pacienti.cz\/wp-content\/uploads\/2021\/07\/0D849CCD-94B9-4FF9-B810-20D29559575A-300x138.jpeg 300w, https:\/\/www.pacienti.cz\/wp-content\/uploads\/2021\/07\/0D849CCD-94B9-4FF9-B810-20D29559575A-768x354.jpeg 768w, https:\/\/www.pacienti.cz\/wp-content\/uploads\/2021\/07\/0D849CCD-94B9-4FF9-B810-20D29559575A.jpeg 774w\" sizes=\"(max-width: 300px) 100vw, 300px\" \/>ombudsmanem pro st\u0159edn\u00ed \u010cechy a Prahu, se rozj\u00ed\u017ed\u00ed.<\/strong><\/h2>\n<p>&nbsp;<\/p>\n<p>&nbsp;<\/p>\n<p>17. leden 2022, je den, kdy byl David Rath jmenov\u00e1n Svazem pacient\u016f \u010cR, do funkce ombudsmana, kter\u00fd m\u00e1 chr\u00e1nit pr\u00e1va pacient\u016f a plnit roli medi\u00e1tora.<\/p>\n<p>&nbsp;<\/p>\n<p>Dlouho neot\u00e1lel a za dva m\u011bs\u00edce se na n\u011bj obr\u00e1tila \u0159ada rodinn\u00fdch p\u0159\u00edslu\u0161n\u00edk\u016f pacient\u016f, ale i samotn\u00ed pacienti o radu a pomoc.<\/p>\n<p>&nbsp;<\/p>\n<p>Byli nejen z Prahy, St\u0159edo\u010desk\u00e9ho kraje, ale t\u0159eba i z \u010cesk\u00fdch Bud\u011bjovic a dal\u0161\u00edch m\u011bst.<\/p>\n<p>&nbsp;<\/p>\n<p>Dr. Rathovi (ombudsman) prec\u00edzn\u011b zpracov\u00e1va rady a doporu\u010den\u00ed pro t\u00e1zaj\u00edc\u00ed se.<\/p>\n<p>&nbsp;<\/p>\n<p>Mgr. Libu\u0161e Pe\u0161lov\u00e1<\/p>\n<p>v\u00edceprezidentka Svazu pacient\u016f \u010cR<\/p>\n<p>&nbsp;<\/p>\n","protected":false},"excerpt":{"rendered":"<p>&nbsp; \u201eHobby\u201c, jak \u0159\u00edk\u00e1 Dr. Rath, kter\u00fd je pacientsk\u00fdm ombudsmanem pro st\u0159edn\u00ed \u010cechy a Prahu, se rozj\u00ed\u017ed\u00ed. &nbsp; &nbsp; 17. leden 2022, je den, kdy byl David Rath jmenov\u00e1n Svazem pacient\u016f \u010cR, do funkce ombudsmana, kter\u00fd m\u00e1 chr\u00e1nit pr\u00e1va pacient\u016f a plnit roli medi\u00e1tora. &nbsp; Dlouho neot\u00e1lel a za dva m\u011bs\u00edce se na n\u011bj obr\u00e1tila [&hellip;]<\/p>\n","protected":false},"author":1,"featured_media":1117,"comment_status":"closed","ping_status":"open","sticky":false,"template":"","format":"standard","meta":{"footnotes":""},"categories":[14],"tags":[],"_links":{"self":[{"href":"https:\/\/www.pacienti.cz\/index.php?rest_route=\/wp\/v2\/posts\/3292"}],"collection":[{"href":"https:\/\/www.pacienti.cz\/index.php?rest_route=\/wp\/v2\/posts"}],"about":[{"href":"https:\/\/www.pacienti.cz\/index.php?rest_route=\/wp\/v2\/types\/post"}],"author":[{"embeddable":true,"href":"https:\/\/www.pacienti.cz\/index.php?rest_route=\/wp\/v2\/users\/1"}],"replies":[{"embeddable":true,"href":"https:\/\/www.pacienti.cz\/index.php?rest_route=%2Fwp%2Fv2%2Fcomments&post=3292"}],"version-history":[{"count":1,"href":"https:\/\/www.pacienti.cz\/index.php?rest_route=\/wp\/v2\/posts\/3292\/revisions"}],"predecessor-version":[{"id":3293,"href":"https:\/\/www.pacienti.cz\/index.php?rest_route=\/wp\/v2\/posts\/3292\/revisions\/3293"}],"wp:featuredmedia":[{"embeddable":true,"href":"https:\/\/www.pacienti.cz\/index.php?rest_route=\/wp\/v2\/media\/1117"}],"wp:attachment":[{"href":"https:\/\/www.pacienti.cz\/index.php?rest_route=%2Fwp%2Fv2%2Fmedia&parent=3292"}],"wp:term":[{"taxonomy":"category","embeddable":true,"href":"https:\/\/www.pacienti.cz\/index.php?rest_route=%2Fwp%2Fv2%2Fcategories&post=3292"},{"taxonomy":"post_tag","embeddable":true,"href":"https:\/\/www.pacienti.cz\/index.php?rest_route=%2Fwp%2Fv2%2Ftags&post=3292"}],"curies":[{"name":"wp","href":"https:\/\/api.w.org\/{rel}","templated":true}]}}