{"id":3411,"date":"2022-08-11T21:40:10","date_gmt":"2022-08-11T19:40:10","guid":{"rendered":"https:\/\/www.pacienti.cz\/?p=3411"},"modified":"2022-11-22T07:21:52","modified_gmt":"2022-11-22T06:21:52","slug":"vyzva-svazu-pacientu-cr-k-udrzeni-22c-v-luzkovych-zdravotnickych-zarizenich-v-ceske-republice","status":"publish","type":"post","link":"https:\/\/www.pacienti.cz\/?p=3411","title":{"rendered":"V\u00fdzva Svazu pacient\u016f \u010cR k\u00a0udr\u017een\u00ed 22*C v\u00a0l\u016f\u017ekov\u00fdch zdravotnick\u00fdch za\u0159\u00edzen\u00edch v\u00a0\u010cesk\u00e9 republice"},"content":{"rendered":"<hr \/>\n<p>&nbsp;<\/p>\n<p>&nbsp;<\/p>\n<p><strong>Titl:<img loading=\"lazy\" decoding=\"async\" class=\"alignright wp-image-2826 size-thumbnail\" src=\"https:\/\/www.pacienti.cz\/wp-content\/uploads\/2021\/02\/help-button-1365367__480-150x150.png\" alt=\"\" width=\"150\" height=\"150\" srcset=\"https:\/\/www.pacienti.cz\/wp-content\/uploads\/2021\/02\/help-button-1365367__480-150x150.png 150w, https:\/\/www.pacienti.cz\/wp-content\/uploads\/2021\/02\/help-button-1365367__480-300x300.png 300w, https:\/\/www.pacienti.cz\/wp-content\/uploads\/2021\/02\/help-button-1365367__480-144x144.png 144w, https:\/\/www.pacienti.cz\/wp-content\/uploads\/2021\/02\/help-button-1365367__480.png 480w\" sizes=\"(max-width: 150px) 100vw, 150px\" \/><\/strong><\/p>\n<p><strong>Ministerstvo zdravotnictv\u00ed \u010cR <\/strong><\/p>\n<p><strong>MUDr. Pavla Svr\u010dinov\u00e1, Ph.D. \u2013 hlavn\u00ed hygieni\u010dka \u010cR<\/strong><\/p>\n<p><strong>Palack\u00e9ho n\u00e1m. 4<\/strong><\/p>\n<p><strong>120 00 Praha 2<\/strong><\/p>\n<p>______________________________________________________________<\/p>\n<p>E: mzcr@mzcr.cz<\/p>\n<p>&nbsp;<\/p>\n<p>CO:\u00a0\u00a0\u00a0 <strong>prof. MUDr. Vlastimil V\u00e1lek, CSc., MBA, EBIR, ministr zdravotnictv\u00ed<\/strong><\/p>\n<p>&nbsp;<\/p>\n<p><strong>V\u00e1\u017een\u00e1 pan\u00ed hlavn\u00ed hygieni\u010dko \u010cesk\u00e9 republiky,<\/strong><\/p>\n<p><strong>V\u00e1\u017een\u00fd pane minist\u0159e zdravotnictv\u00ed,<\/strong><\/p>\n<p>&nbsp;<\/p>\n<p>V\u00a0souvislosti s\u00a0p\u0159\u00edpravou vyhl\u00e1\u0161ky Ministerstva pr\u016fmyslu a obchodu veden\u00e9ho ministrem Ing. Jozefem S\u00edkelou o sn\u00ed\u017een\u00ed teploty v\u00a0nemocnic\u00edch z\u00a022*C na 20*C<\/p>\n<p>&nbsp;<\/p>\n<p>d\u016frazn\u011b upozor\u0148ujeme, \u017ee je pro n\u00e1s pacienty nep\u0159ijateln\u00e9 b\u00fdt na pokoji, nebo na opera\u010dn\u00edm s\u00e1le v\u00a0chladu, kdy mnoho pacient\u016f se m\u016f\u017ee nachladit nebo dostat z\u00e1pal plic. Pak u\u017e nep\u016fjde o l\u00e9\u010den\u00ed, ale o pokusy na lidech, kdo p\u0159e\u017eije chlad!<\/p>\n<p>&nbsp;<\/p>\n<p>Mnoho \u017een po\u017eaduje nejen doma (a\u017e 24*C), ale i v\u00a0zam\u011bstnan\u00ed vy\u0161\u0161\u00ed teploty kv\u016fli sv\u00e9 termodynamice, a proto mnoho zam\u011bstnavatel\u016f nastavuje t\u0159eba u klimatizac\u00ed, kde je v\u00edce ne\u017e 1 zam\u011bstnanec min. teplotu na 24*C.<\/p>\n<p>&nbsp;<\/p>\n<p>Pokud by se m\u011bli l\u00e9\u010dit v\u00a0nemocnici v\u00a0pokojov\u00e9 teplot\u011b , nebo na opera\u010dn\u00edm s\u00e1le s\u00a020 *C, tak to m\u016f\u017ee zp\u016fsobit dal\u0161\u00ed z\u00e1va\u017en\u00e9 komplikace.<\/p>\n<p>&nbsp;<\/p>\n<h2 style=\"text-align: center;\"><strong>Proto vyz\u00fdv\u00e1me ministra zdravotnictv\u00ed a hlavn\u00ed hygieni\u010dku \u010cesk\u00e9 republiky,<\/strong><\/h2>\n<p>&nbsp;<\/p>\n<h2 style=\"text-align: center;\"><strong>nep\u0159ipus\u0165te sn\u00ed\u017een\u00ed vyt\u00e1p\u011bn\u00ed nemocnic pod 22*C !<\/strong><\/h2>\n<p>&nbsp;<\/p>\n<p>Jsme p\u0159esv\u011bd\u010den\u00ed, \u017ee hygienick\u00e9 podm\u00ednky ve zdravotnick\u00fdch za\u0159\u00edzen\u00edch kontroluje a m\u00e1 tedy i stanovovat Hygiena a Ministerstvo zdravotnictv\u00ed, kter\u00e9 m\u00e1 \u00fastavn\u00ed odpov\u011bdnost za l\u00e9\u010debn\u00e9 podm\u00ednky ve zdravotnick\u00fdch za\u0159\u00edzen\u00edch.<\/p>\n<p>Nikoliv jin\u00e9 ministerstvo.<\/p>\n<p><img loading=\"lazy\" decoding=\"async\" class=\"aligncenter wp-image-2713 size-full\" src=\"https:\/\/www.pacienti.cz\/wp-content\/uploads\/2020\/06\/C66A853A-5666-4FE7-8408-49163669CF23.jpeg\" alt=\"\" width=\"719\" height=\"480\" srcset=\"https:\/\/www.pacienti.cz\/wp-content\/uploads\/2020\/06\/C66A853A-5666-4FE7-8408-49163669CF23.jpeg 719w, https:\/\/www.pacienti.cz\/wp-content\/uploads\/2020\/06\/C66A853A-5666-4FE7-8408-49163669CF23-300x200.jpeg 300w\" sizes=\"(max-width: 719px) 100vw, 719px\" \/><\/p>\n<p><strong>Pacient\u016fm u\u017e nyn\u00ed doporu\u010dujeme, pokud by p\u0159i hospitalizaci v\u00a0nemocnici bylo V\u00e1m chladno, nebo zima, zm\u011b\u0159te, zaznamenejte tuto skute\u010dnost fotografii p\u0159i m\u011b\u0159en\u00ed teploty s\u00a0identifikaci pokoje (p\u0159\u00edpadn\u011b a\u0165 V\u00e1m pomohou p\u0159\u00edbuzn\u00ed a zn\u00e1m\u00ed) <\/strong><\/p>\n<p><strong>a dejte n\u00e1m podn\u011bt s\u00a0d\u016fkazem teploty v\u00a0pokoj\u00ed nebo na opera\u010dn\u00edm s\u00e1le. My pak p\u0159iprav\u00edme hromadnou \u017ealobu na danou nemocnici. <\/strong><\/p>\n<p><strong>E-mail: poradna@pacienti.cz<\/strong><\/p>\n<p>&nbsp;<\/p>\n<p>Sou\u010dasn\u011b \u017e\u00e1d\u00e1me advok\u00e1ty, poskytn\u011bte pacient\u016fm v\u00a0r\u016fzn\u00fdch okresech pr\u00e1vn\u00ed bezplatnou podporu pro p\u0159\u00edpadnou \u017ealobu.<\/p>\n<p>&nbsp;<\/p>\n<p>S\u00a0\u00factou<\/p>\n<p>&nbsp;<\/p>\n<p>Lubo\u0161 Olej\u00e1r, v.r.\u00a0\u00a0\u00a0 \u00a0\u00a0\u00a0\u00a0\u00a0\u00a0\u00a0\u00a0\u00a0\u00a0\u00a0\u00a0\u00a0\u00a0\u00a0\u00a0\u00a0\u00a0\u00a0\u00a0\u00a0\u00a0\u00a0\u00a0\u00a0\u00a0\u00a0\u00a0\u00a0\u00a0\u00a0\u00a0\u00a0\u00a0\u00a0\u00a0\u00a0\u00a0\u00a0\u00a0\u00a0\u00a0\u00a0\u00a0\u00a0\u00a0\u00a0\u00a0\u00a0\u00a0\u00a0\u00a0\u00a0\u00a0\u00a0\u00a0\u00a0\u00a0 Mgr. Libu\u0161e Pe\u0161lov\u00e1, v.r.<\/p>\n<p>prezident\u00a0\u00a0\u00a0\u00a0\u00a0\u00a0\u00a0\u00a0\u00a0\u00a0\u00a0\u00a0\u00a0\u00a0\u00a0\u00a0\u00a0\u00a0\u00a0\u00a0\u00a0\u00a0\u00a0\u00a0\u00a0 \u00a0\u00a0\u00a0\u00a0\u00a0\u00a0\u00a0\u00a0\u00a0\u00a0\u00a0\u00a0\u00a0\u00a0\u00a0\u00a0\u00a0\u00a0\u00a0\u00a0\u00a0\u00a0\u00a0\u00a0\u00a0\u00a0\u00a0\u00a0\u00a0\u00a0\u00a0\u00a0\u00a0\u00a0\u00a0\u00a0\u00a0\u00a0\u00a0\u00a0\u00a0\u00a0\u00a0\u00a0\u00a0\u00a0\u00a0\u00a0 viceprezidentka<\/p>\n<p>&nbsp;<\/p>\n<p>MUDr. Vladim\u00edr Dryml, v.r.<\/p>\n<p>P\u0159edseda Klubu senior\u016f Svazu pacient\u016f \u010cR<\/p>\n<p>&nbsp;<\/p>\n<hr \/>\n<p>&nbsp;<\/p>\n<h3>Tv Seznam: \u00a0<strong><a href=\"https:\/\/www.televizeseznam.cz\/tv?tf=1660255200&amp;dotId=4824825\">Teplota v nemocnic\u00edch\u00a0<\/a><\/strong><\/h3>\n<h3>\u010cT24: \u00a0<a href=\"https:\/\/www.ceskatelevize.cz\/porady\/1097181328-udalosti\/222411000110814\/\"><span style=\"color: #ff0000;\"><strong>Jak\u00e1 m\u00e1 b\u00fdt teplota v nemocnic\u00edch<\/strong><\/span><\/a><span style=\"font-family: Arimo, sans-serif; font-size: 15px;\">\u00a0 \/ 31:15 min.<\/span><\/h3>\n<p>&nbsp;<\/p>\n","protected":false},"excerpt":{"rendered":"<p>&nbsp; &nbsp; Titl: Ministerstvo zdravotnictv\u00ed \u010cR MUDr. Pavla Svr\u010dinov\u00e1, Ph.D. \u2013 hlavn\u00ed hygieni\u010dka \u010cR Palack\u00e9ho n\u00e1m. 4 120 00 Praha 2 ______________________________________________________________ E: mzcr@mzcr.cz &nbsp; CO:\u00a0\u00a0\u00a0 prof. MUDr. Vlastimil V\u00e1lek, CSc., MBA, EBIR, ministr zdravotnictv\u00ed &nbsp; V\u00e1\u017een\u00e1 pan\u00ed hlavn\u00ed hygieni\u010dko \u010cesk\u00e9 republiky, V\u00e1\u017een\u00fd pane minist\u0159e zdravotnictv\u00ed, &nbsp; V\u00a0souvislosti s\u00a0p\u0159\u00edpravou vyhl\u00e1\u0161ky Ministerstva pr\u016fmyslu a obchodu veden\u00e9ho [&hellip;]<\/p>\n","protected":false},"author":1,"featured_media":2802,"comment_status":"closed","ping_status":"open","sticky":false,"template":"","format":"standard","meta":{"footnotes":""},"categories":[14],"tags":[],"_links":{"self":[{"href":"https:\/\/www.pacienti.cz\/index.php?rest_route=\/wp\/v2\/posts\/3411"}],"collection":[{"href":"https:\/\/www.pacienti.cz\/index.php?rest_route=\/wp\/v2\/posts"}],"about":[{"href":"https:\/\/www.pacienti.cz\/index.php?rest_route=\/wp\/v2\/types\/post"}],"author":[{"embeddable":true,"href":"https:\/\/www.pacienti.cz\/index.php?rest_route=\/wp\/v2\/users\/1"}],"replies":[{"embeddable":true,"href":"https:\/\/www.pacienti.cz\/index.php?rest_route=%2Fwp%2Fv2%2Fcomments&post=3411"}],"version-history":[{"count":9,"href":"https:\/\/www.pacienti.cz\/index.php?rest_route=\/wp\/v2\/posts\/3411\/revisions"}],"predecessor-version":[{"id":3420,"href":"https:\/\/www.pacienti.cz\/index.php?rest_route=\/wp\/v2\/posts\/3411\/revisions\/3420"}],"wp:featuredmedia":[{"embeddable":true,"href":"https:\/\/www.pacienti.cz\/index.php?rest_route=\/wp\/v2\/media\/2802"}],"wp:attachment":[{"href":"https:\/\/www.pacienti.cz\/index.php?rest_route=%2Fwp%2Fv2%2Fmedia&parent=3411"}],"wp:term":[{"taxonomy":"category","embeddable":true,"href":"https:\/\/www.pacienti.cz\/index.php?rest_route=%2Fwp%2Fv2%2Fcategories&post=3411"},{"taxonomy":"post_tag","embeddable":true,"href":"https:\/\/www.pacienti.cz\/index.php?rest_route=%2Fwp%2Fv2%2Ftags&post=3411"}],"curies":[{"name":"wp","href":"https:\/\/api.w.org\/{rel}","templated":true}]}}