{"id":3462,"date":"2022-11-22T20:34:20","date_gmt":"2022-11-22T19:34:20","guid":{"rendered":"https:\/\/www.pacienti.cz\/?p=3462"},"modified":"2022-12-09T07:02:00","modified_gmt":"2022-12-09T06:02:00","slug":"svaz-pacientu-cr-nesouhlasi-s-navrhem-clk-na-zvyseni-pohotovostniho-poplatku-na-200-kc","status":"publish","type":"post","link":"https:\/\/www.pacienti.cz\/?p=3462","title":{"rendered":"Svaz pacient\u016f \u010cR nesouhlas\u00ed s\u00a0n\u00e1vrhem \u010cLK na zv\u00fd\u0161en\u00ed pohotovostn\u00edho poplatku na 200 K\u010d!"},"content":{"rendered":"<hr \/>\n<p>&nbsp;<\/p>\n<p>Tiskov\u00e1 zpr\u00e1va<img loading=\"lazy\" decoding=\"async\" class=\"alignright wp-image-2698 size-medium\" src=\"https:\/\/www.pacienti.cz\/wp-content\/uploads\/2020\/06\/4E088984-7165-457B-B466-857AC277AAF8-300x200.jpeg\" alt=\"\" width=\"300\" height=\"200\" srcset=\"https:\/\/www.pacienti.cz\/wp-content\/uploads\/2020\/06\/4E088984-7165-457B-B466-857AC277AAF8-300x200.jpeg 300w, https:\/\/www.pacienti.cz\/wp-content\/uploads\/2020\/06\/4E088984-7165-457B-B466-857AC277AAF8.jpeg 719w\" sizes=\"(max-width: 300px) 100vw, 300px\" \/><\/p>\n<p>&nbsp;<\/p>\n<p>&nbsp;<\/p>\n<h2>V\u011bc:\u00a0\u00a0\u00a0\u00a0<span style=\"color: #000080;\"> <strong>Svaz pacient\u016f \u010cesk\u00e9 republiky nesouhlas\u00ed s\u00a0n\u00e1vrhem p\u0159ijat\u00fdm sjezdem \u010cesk\u00e9 l\u00e9ka\u0159sk\u00e9 komory na nav\u00fd\u0161en\u00ed poplatku za L\u00e9ka\u0159sk\u00e9 slu\u017eby prvn\u00ed pomoci (LSPP) na 200K\u010d!<\/strong><\/span><\/h2>\n<p>&nbsp;<\/p>\n<h3><strong><span style=\"color: #ff0000;\">Tento n\u00e1vrh pova\u017eujeme za nepromy\u0161len\u00fd a ve sv\u00e9m d\u016fsledku \u0161kodliv\u00fd.<\/span> <\/strong><\/h3>\n<p>&nbsp;<\/p>\n<p><strong><u>L\u00e9ka\u0159sk\u00e1 slu\u017eba prvn\u00ed pomoci<\/u><\/strong> je ur\u010dena pro pacienty s\u00a0akutn\u00edmi zdravotn\u00edmi probl\u00e9my, kter\u00e9 vy\u017eaduj\u00ed posouzen\u00ed a z\u00e1sah l\u00e9ka\u0159e, ale nejedn\u00e1 se o bezprost\u0159edn\u00ed ohro\u017een\u00ed \u017eivota. Tyto p\u0159\u00edpady \u0159e\u0161\u00ed z\u00e1chrann\u00e1 slu\u017eba. Pacienti s\u00a0akutn\u00edmi zdravotn\u00edmi pot\u00ed\u017eemi i v\u00a0dob\u011b mimo ordina\u010dn\u00ed hodiny praktick\u00fdch l\u00e9ka\u0159\u016f, mus\u00ed m\u00edt dob\u0159e dostupnou l\u00e9ka\u0159skou pomoc i v\u00a0p\u0159\u00edpad\u011b, \u017ee jejich obt\u00ed\u017ee bezprost\u0159edn\u011b neohro\u017euj\u00ed jejich \u017eivot. Pacient je nav\u00edc laik, kter\u00fd nem\u00e1 mo\u017enost rozpoznat, zda jeho akutn\u011b vznikl\u00e9 obt\u00ed\u017ee (bolesti, hore\u010dky, zvracen\u00ed\u2026) vy\u017eaduj\u00ed okam\u017eitou l\u00e9\u010dbu nebo lze vy\u010dkat ordina\u010dn\u00edch hodin jejich l\u00e9ka\u0159e. Takov\u00e9 rozhodnut\u00ed n\u00e1le\u017e\u00ed jedin\u011b zku\u0161en\u00e9mu odborn\u00edkovi \u2013 l\u00e9ka\u0159i.<\/p>\n<p>&nbsp;<\/p>\n<p><strong><u>Zv\u00fd\u0161it vstupn\u00ed poplatek za n\u00e1v\u0161t\u011bvu LSPP na 200 K\u010d v\u00a0sou\u010dasn\u00e9 dob\u011b znamen\u00e1<\/u><\/strong>, \u017ee mnoho pacient\u016f na takovou slu\u017ebu nebude m\u00edt prost\u0159edky, zvl\u00e1\u0161\u0165 v\u00a0situaci, kdy se st\u00e1le v\u011bt\u0161\u00ed po\u010det lid\u00ed, d\u00edky rostouc\u00edm cen\u00e1m, dost\u00e1v\u00e1 do finan\u010dn\u00ed t\u00edsn\u011b. Tito lid\u00e9 budou st\u00e1t p\u0159ed volbou, \u017ee bu\u010f LSPP nevyhledaj\u00ed s\u00a0rizikem zanedb\u00e1n\u00ed p\u00e9\u010de \u2013 ohro\u017een\u00ed \u017eivota, nebo se rovnou obr\u00e1t\u00ed na bezplatnou z\u00e1chrannou slu\u017ebu t\u0159eba i za cenu, \u017ee sv\u00e9 zdravotn\u00ed pot\u00ed\u017ee zveli\u010d\u00ed. Ob\u011b mo\u017enosti jsou \u0161patn\u011b jak z\u00a0pohledu zdrav\u00ed konkr\u00e9tn\u00edho pacienta, tak z\u00a0d\u016fvodu ochrany zdrav\u00ed ostatn\u00edch lid\u00ed, proto\u017ee p\u0159et\u011b\u017eov\u00e1n\u00ed z\u00e1chrann\u00e9 slu\u017eby neindikovan\u00fdmi p\u0159\u00edpady vede k\u00a0jej\u00ed zhor\u0161en\u00e9 dostupnosti pro lidi, pro kter\u00e9 znamen\u00e1 skute\u010dnou \u0161anci na z\u00e1chranu \u017eivota. Tento fakt si \u010cLK zjevn\u011b neuv\u011bdomila.<\/p>\n<p>&nbsp;<\/p>\n<p><strong><u>M\u00edsto debat o \u0161kodliv\u00e9m navy\u0161ov\u00e1n\u00ed<\/u>\u00a0<\/strong> poplatku za <strong>LSPP Svaz pacient\u016f \u017e\u00e1d\u00e1 ministra zdravotnictv\u00ed prof. V\u00e1lka, aby prost\u0159ednictv\u00edm z\u00e1kona ulo\u017eil v\u0161em nemocnic\u00edm poskytovat LSPP v\u00a0r\u00e1mci sv\u00fdch ambulantn\u00edch slu\u017eeb, a to jak LSPP v\u00a0oboru v\u0161eobecn\u00e9ho l\u00e9ka\u0159stv\u00ed, tak i v\u00a0oboru stomatologie.<\/strong> Neexistence zubn\u00ed LSPP v\u00a0mnoha okresech republiky je neakceptovateln\u00fdm selh\u00e1n\u00edm st\u00e1tu jako garanta z\u00e1kladn\u00ed l\u00e9ka\u0159sk\u00e9 p\u00e9\u010de.<\/p>\n<p>&nbsp;<\/p>\n<p>&nbsp;<\/p>\n<p><strong>Lubo\u0161 Olej\u00e1r, v.r.<\/strong><\/p>\n<p>prezident<\/p>\n<p>&nbsp;<\/p>\n<p><strong>MUDr. David Rath, v.r.<\/strong><\/p>\n<p>pacientsk\u00fd ombudsman pro Prahu<\/p>\n<p>a St\u0159edo\u010desk\u00fd kraj<\/p>\n<p>&nbsp;<\/p>\n<p>&nbsp;<\/p>\n<hr \/>\n<p>&nbsp;<\/p>\n<p><a href=\"https:\/\/www.pacienti.cz\/wp-content\/uploads\/2017\/05\/hospital-night-view-767852__340.jpg\"><img loading=\"lazy\" decoding=\"async\" class=\"aligncenter wp-image-1251 size-full\" src=\"https:\/\/www.pacienti.cz\/wp-content\/uploads\/2017\/05\/hospital-night-view-767852__340.jpg\" alt=\"\" width=\"510\" height=\"340\" srcset=\"https:\/\/www.pacienti.cz\/wp-content\/uploads\/2017\/05\/hospital-night-view-767852__340.jpg 510w, https:\/\/www.pacienti.cz\/wp-content\/uploads\/2017\/05\/hospital-night-view-767852__340-300x200.jpg 300w\" sizes=\"(max-width: 510px) 100vw, 510px\" \/><\/a><\/p>\n<p>&nbsp;<\/p>\n<p>&nbsp;<\/p>\n","protected":false},"excerpt":{"rendered":"<p>&nbsp; Tiskov\u00e1 zpr\u00e1va &nbsp; &nbsp; V\u011bc:\u00a0\u00a0\u00a0\u00a0 Svaz pacient\u016f \u010cesk\u00e9 republiky nesouhlas\u00ed s\u00a0n\u00e1vrhem p\u0159ijat\u00fdm sjezdem \u010cesk\u00e9 l\u00e9ka\u0159sk\u00e9 komory na nav\u00fd\u0161en\u00ed poplatku za L\u00e9ka\u0159sk\u00e9 slu\u017eby prvn\u00ed pomoci (LSPP) na 200K\u010d! &nbsp; Tento n\u00e1vrh pova\u017eujeme za nepromy\u0161len\u00fd a ve sv\u00e9m d\u016fsledku \u0161kodliv\u00fd. &nbsp; L\u00e9ka\u0159sk\u00e1 slu\u017eba prvn\u00ed pomoci je ur\u010dena pro pacienty s\u00a0akutn\u00edmi zdravotn\u00edmi probl\u00e9my, kter\u00e9 vy\u017eaduj\u00ed posouzen\u00ed a [&hellip;]<\/p>\n","protected":false},"author":1,"featured_media":2141,"comment_status":"closed","ping_status":"open","sticky":false,"template":"","format":"standard","meta":{"footnotes":""},"categories":[14],"tags":[],"_links":{"self":[{"href":"https:\/\/www.pacienti.cz\/index.php?rest_route=\/wp\/v2\/posts\/3462"}],"collection":[{"href":"https:\/\/www.pacienti.cz\/index.php?rest_route=\/wp\/v2\/posts"}],"about":[{"href":"https:\/\/www.pacienti.cz\/index.php?rest_route=\/wp\/v2\/types\/post"}],"author":[{"embeddable":true,"href":"https:\/\/www.pacienti.cz\/index.php?rest_route=\/wp\/v2\/users\/1"}],"replies":[{"embeddable":true,"href":"https:\/\/www.pacienti.cz\/index.php?rest_route=%2Fwp%2Fv2%2Fcomments&post=3462"}],"version-history":[{"count":12,"href":"https:\/\/www.pacienti.cz\/index.php?rest_route=\/wp\/v2\/posts\/3462\/revisions"}],"predecessor-version":[{"id":3474,"href":"https:\/\/www.pacienti.cz\/index.php?rest_route=\/wp\/v2\/posts\/3462\/revisions\/3474"}],"wp:featuredmedia":[{"embeddable":true,"href":"https:\/\/www.pacienti.cz\/index.php?rest_route=\/wp\/v2\/media\/2141"}],"wp:attachment":[{"href":"https:\/\/www.pacienti.cz\/index.php?rest_route=%2Fwp%2Fv2%2Fmedia&parent=3462"}],"wp:term":[{"taxonomy":"category","embeddable":true,"href":"https:\/\/www.pacienti.cz\/index.php?rest_route=%2Fwp%2Fv2%2Fcategories&post=3462"},{"taxonomy":"post_tag","embeddable":true,"href":"https:\/\/www.pacienti.cz\/index.php?rest_route=%2Fwp%2Fv2%2Ftags&post=3462"}],"curies":[{"name":"wp","href":"https:\/\/api.w.org\/{rel}","templated":true}]}}