{"id":3508,"date":"2023-05-16T20:07:36","date_gmt":"2023-05-16T18:07:36","guid":{"rendered":"https:\/\/www.pacienti.cz\/?p=3508"},"modified":"2024-07-30T23:13:32","modified_gmt":"2024-07-30T21:13:32","slug":"debata-v-ct1-o-nesdostatku-leku","status":"publish","type":"post","link":"https:\/\/www.pacienti.cz\/?p=3508","title":{"rendered":"Debata v \u010cT1 o nedostatku l\u00e9k\u016f &#8211; s prezidentem SP\u010cR"},"content":{"rendered":"<hr \/>\n<p>&nbsp;<\/p>\n<h1><a href=\"https:\/\/www.ceskatelevize.cz\/porady\/10175540660-mate-slovo-s-m-jilkovou\/223411030520001\/\"><span style=\"color: #0000ff;\"><strong><span style=\"color: #0000ff;\">Debata v \u010cT dnes 19.1.2023<\/span><\/strong><\/span><\/a><\/h1>\n<h1><\/h1>\n<h3><strong>V debat\u011b s Lubo\u0161em Olej\u00e1rem, prezidentem Svazu pacient\u016f \u010cR<\/strong><\/h3>\n<p>&nbsp;<\/p>\n<p><a href=\"https:\/\/www.ceskatelevize.cz\/porady\/10175540660-mate-slovo-s-m-jilkovou\/223411030520001\/\"><img loading=\"lazy\" decoding=\"async\" class=\"alignnone wp-image-3524 size-full\" src=\"https:\/\/www.pacienti.cz\/wp-content\/uploads\/2023\/01\/8FBB1A69-4CF1-411A-B65A-4B0777C9D1B3.png\" alt=\"\" width=\"2160\" height=\"1620\" srcset=\"https:\/\/www.pacienti.cz\/wp-content\/uploads\/2023\/01\/8FBB1A69-4CF1-411A-B65A-4B0777C9D1B3.png 2160w, https:\/\/www.pacienti.cz\/wp-content\/uploads\/2023\/01\/8FBB1A69-4CF1-411A-B65A-4B0777C9D1B3-300x225.png 300w, https:\/\/www.pacienti.cz\/wp-content\/uploads\/2023\/01\/8FBB1A69-4CF1-411A-B65A-4B0777C9D1B3-1024x768.png 1024w, https:\/\/www.pacienti.cz\/wp-content\/uploads\/2023\/01\/8FBB1A69-4CF1-411A-B65A-4B0777C9D1B3-768x576.png 768w, https:\/\/www.pacienti.cz\/wp-content\/uploads\/2023\/01\/8FBB1A69-4CF1-411A-B65A-4B0777C9D1B3-1536x1152.png 1536w, https:\/\/www.pacienti.cz\/wp-content\/uploads\/2023\/01\/8FBB1A69-4CF1-411A-B65A-4B0777C9D1B3-2048x1536.png 2048w\" sizes=\"(max-width: 2160px) 100vw, 2160px\" \/><\/a><\/p>\n","protected":false},"excerpt":{"rendered":"<p>&nbsp; Debata v \u010cT dnes 19.1.2023 V debat\u011b s Lubo\u0161em Olej\u00e1rem, prezidentem Svazu pacient\u016f \u010cR &nbsp;<\/p>\n","protected":false},"author":1,"featured_media":3522,"comment_status":"closed","ping_status":"open","sticky":false,"template":"","format":"standard","meta":{"footnotes":""},"categories":[14],"tags":[],"_links":{"self":[{"href":"https:\/\/www.pacienti.cz\/index.php?rest_route=\/wp\/v2\/posts\/3508"}],"collection":[{"href":"https:\/\/www.pacienti.cz\/index.php?rest_route=\/wp\/v2\/posts"}],"about":[{"href":"https:\/\/www.pacienti.cz\/index.php?rest_route=\/wp\/v2\/types\/post"}],"author":[{"embeddable":true,"href":"https:\/\/www.pacienti.cz\/index.php?rest_route=\/wp\/v2\/users\/1"}],"replies":[{"embeddable":true,"href":"https:\/\/www.pacienti.cz\/index.php?rest_route=%2Fwp%2Fv2%2Fcomments&post=3508"}],"version-history":[{"count":8,"href":"https:\/\/www.pacienti.cz\/index.php?rest_route=\/wp\/v2\/posts\/3508\/revisions"}],"predecessor-version":[{"id":3817,"href":"https:\/\/www.pacienti.cz\/index.php?rest_route=\/wp\/v2\/posts\/3508\/revisions\/3817"}],"wp:featuredmedia":[{"embeddable":true,"href":"https:\/\/www.pacienti.cz\/index.php?rest_route=\/wp\/v2\/media\/3522"}],"wp:attachment":[{"href":"https:\/\/www.pacienti.cz\/index.php?rest_route=%2Fwp%2Fv2%2Fmedia&parent=3508"}],"wp:term":[{"taxonomy":"category","embeddable":true,"href":"https:\/\/www.pacienti.cz\/index.php?rest_route=%2Fwp%2Fv2%2Fcategories&post=3508"},{"taxonomy":"post_tag","embeddable":true,"href":"https:\/\/www.pacienti.cz\/index.php?rest_route=%2Fwp%2Fv2%2Ftags&post=3508"}],"curies":[{"name":"wp","href":"https:\/\/api.w.org\/{rel}","templated":true}]}}