{"id":3835,"date":"2023-08-11T00:47:33","date_gmt":"2023-08-10T22:47:33","guid":{"rendered":"https:\/\/www.pacienti.cz\/?p=3835"},"modified":"2024-07-30T23:12:42","modified_gmt":"2024-07-30T21:12:42","slug":"debata-o-zdravotni-peci-a-drahe-zubni-peci","status":"publish","type":"post","link":"https:\/\/www.pacienti.cz\/?p=3835","title":{"rendered":"Debata o zdravotn\u00ed p\u00e9\u010di a drah\u00e9 zubn\u00ed p\u00e9\u010di"},"content":{"rendered":"<hr \/>\n<p>&nbsp;<\/p>\n<p>&nbsp;<\/p>\n<h1><span style=\"color: #0000ff;\"><a style=\"color: #0000ff;\" href=\"https:\/\/cnn.iprima.cz\/porady\/360deg\/09082023-milan-kubek-roman-smucler-vladimir-dryml-jan-kubacek-lukas-vales\"><strong>Debata o zdravotn\u00ed p\u00e9\u010di a drah\u00e9 zubn\u00ed p\u00e9\u010di na CNN Prima News<\/strong><\/a><\/span><\/h1>\n<p>&nbsp;<\/p>\n<h3>mezi<a href=\"https:\/\/cnn.iprima.cz\/porady\/360deg\/09082023-milan-kubek-roman-smucler-vladimir-dryml-jan-kubacek-lukas-vales\"><img loading=\"lazy\" decoding=\"async\" class=\"alignright wp-image-3838 size-medium\" src=\"https:\/\/www.pacienti.cz\/wp-content\/uploads\/2023\/08\/debata-na-cnn-prima-2-300x160.jpg\" alt=\"\" width=\"300\" height=\"160\" srcset=\"https:\/\/www.pacienti.cz\/wp-content\/uploads\/2023\/08\/debata-na-cnn-prima-2-300x160.jpg 300w, https:\/\/www.pacienti.cz\/wp-content\/uploads\/2023\/08\/debata-na-cnn-prima-2-1024x547.jpg 1024w, https:\/\/www.pacienti.cz\/wp-content\/uploads\/2023\/08\/debata-na-cnn-prima-2-768x410.jpg 768w, https:\/\/www.pacienti.cz\/wp-content\/uploads\/2023\/08\/debata-na-cnn-prima-2.jpg 1263w\" sizes=\"(max-width: 300px) 100vw, 300px\" \/><\/a><\/h3>\n<p>&nbsp;<\/p>\n<p>&nbsp;<\/p>\n<p>&nbsp;<\/p>\n<p>&nbsp;<\/p>\n<p>&nbsp;<\/p>\n<ul>\n<li>\n<h3>Vladim\u00edrem Drymlem, viceprezidentem Svazu pacient\u016f \u010cR<\/h3>\n<\/li>\n<li>\n<h3>Romanem \u0160muclerem, prezidentem \u010cSK<\/h3>\n<\/li>\n<li>\n<h3>Milanem Kubkem, prezidentem \u010cLK<\/h3>\n<\/li>\n<\/ul>\n<p>&nbsp;<\/p>\n<p>&nbsp;<\/p>\n<p>&nbsp;<\/p>\n","protected":false},"excerpt":{"rendered":"<p>&nbsp; &nbsp; Debata o zdravotn\u00ed p\u00e9\u010di a drah\u00e9 zubn\u00ed p\u00e9\u010di na CNN Prima News &nbsp; mezi &nbsp; &nbsp; &nbsp; &nbsp; &nbsp; Vladim\u00edrem Drymlem, viceprezidentem Svazu pacient\u016f \u010cR Romanem \u0160muclerem, prezidentem \u010cSK Milanem Kubkem, prezidentem \u010cLK &nbsp; &nbsp; &nbsp;<\/p>\n","protected":false},"author":1,"featured_media":3837,"comment_status":"closed","ping_status":"open","sticky":false,"template":"","format":"standard","meta":{"footnotes":""},"categories":[14],"tags":[],"_links":{"self":[{"href":"https:\/\/www.pacienti.cz\/index.php?rest_route=\/wp\/v2\/posts\/3835"}],"collection":[{"href":"https:\/\/www.pacienti.cz\/index.php?rest_route=\/wp\/v2\/posts"}],"about":[{"href":"https:\/\/www.pacienti.cz\/index.php?rest_route=\/wp\/v2\/types\/post"}],"author":[{"embeddable":true,"href":"https:\/\/www.pacienti.cz\/index.php?rest_route=\/wp\/v2\/users\/1"}],"replies":[{"embeddable":true,"href":"https:\/\/www.pacienti.cz\/index.php?rest_route=%2Fwp%2Fv2%2Fcomments&post=3835"}],"version-history":[{"count":9,"href":"https:\/\/www.pacienti.cz\/index.php?rest_route=\/wp\/v2\/posts\/3835\/revisions"}],"predecessor-version":[{"id":4306,"href":"https:\/\/www.pacienti.cz\/index.php?rest_route=\/wp\/v2\/posts\/3835\/revisions\/4306"}],"wp:featuredmedia":[{"embeddable":true,"href":"https:\/\/www.pacienti.cz\/index.php?rest_route=\/wp\/v2\/media\/3837"}],"wp:attachment":[{"href":"https:\/\/www.pacienti.cz\/index.php?rest_route=%2Fwp%2Fv2%2Fmedia&parent=3835"}],"wp:term":[{"taxonomy":"category","embeddable":true,"href":"https:\/\/www.pacienti.cz\/index.php?rest_route=%2Fwp%2Fv2%2Fcategories&post=3835"},{"taxonomy":"post_tag","embeddable":true,"href":"https:\/\/www.pacienti.cz\/index.php?rest_route=%2Fwp%2Fv2%2Ftags&post=3835"}],"curies":[{"name":"wp","href":"https:\/\/api.w.org\/{rel}","templated":true}]}}