{"id":4358,"date":"2024-03-28T17:48:03","date_gmt":"2024-03-28T16:48:03","guid":{"rendered":"https:\/\/www.pacienti.cz\/?p=4358"},"modified":"2024-07-30T23:10:19","modified_gmt":"2024-07-30T21:10:19","slug":"ve-fn-bulovka-zamenili-pacientky-pri-reseni-potratu","status":"publish","type":"post","link":"https:\/\/www.pacienti.cz\/?p=4358","title":{"rendered":"Cnn Prima v 19:04 &#8211; Ve FN Bulovka zam\u011bnili pacientky p\u0159i \u0159e\u0161en\u00ed potratu !"},"content":{"rendered":"<hr \/>\n<p>&nbsp;<\/p>\n<p>&nbsp;<\/p>\n<h1 class=\"c_aC c_aE f_gw speakable\"><strong><span style=\"color: #0000ff;\"><a style=\"color: #0000ff;\" href=\"https:\/\/cnn.iprima.cz\/videa\/cnndomaci\/prezident-svazu-pacientu-lubos-olejar-o-tragedii-na-bulovce\">Ve FN Bulovka zam\u011bnili pacientky p\u0159i \u0159e\u0161en\u00ed potratu<\/a><a href=\"https:\/\/cnn.iprima.cz\/videa\/cnndomaci\/prezident-svazu-pacientu-lubos-olejar-o-tragedii-na-bulovce\"><img loading=\"lazy\" decoding=\"async\" class=\"alignright wp-image-4363 size-medium\" src=\"https:\/\/www.pacienti.cz\/wp-content\/uploads\/2024\/03\/IMG_4399-200x300.jpeg\" alt=\"\" width=\"200\" height=\"300\" srcset=\"https:\/\/www.pacienti.cz\/wp-content\/uploads\/2024\/03\/IMG_4399-200x300.jpeg 200w, https:\/\/www.pacienti.cz\/wp-content\/uploads\/2024\/03\/IMG_4399-682x1024.jpeg 682w, https:\/\/www.pacienti.cz\/wp-content\/uploads\/2024\/03\/IMG_4399-768x1152.jpeg 768w, https:\/\/www.pacienti.cz\/wp-content\/uploads\/2024\/03\/IMG_4399.jpeg 853w\" sizes=\"(max-width: 200px) 100vw, 200px\" \/><\/a><\/span><\/strong><\/h1>\n<p>&nbsp;<\/p>\n<p>&nbsp;<\/p>\n<p>DNES 28.3.2024<\/p>\n<h3><strong>\u017div\u00fd vstup na CNN Prima News<\/strong><\/h3>\n<h3><span style=\"color: #ff0000;\"><strong>prezidenta Svazu pacientu \u010cR Lubo\u0161e OLEJ\u00c1RA<\/strong><\/span><\/h3>\n<p>v 19:04 hod.<\/p>\n<p>&nbsp;<\/p>\n<h3><span style=\"color: #0000ff;\"><a style=\"color: #0000ff;\" href=\"https:\/\/cnn.iprima.cz\/videa\/cnndomaci\/prezident-svazu-pacientu-lubos-olejar-o-tragedii-na-bulovce\"><strong>Hlavn\u00ed zpr\u00e1vy 19:04 h<\/strong><\/a><\/span><\/h3>\n<p>&nbsp;<\/p>\n<p><a href=\"https:\/\/cnn.iprima.cz\/videa\/cnndomaci\/prezident-svazu-pacientu-lubos-olejar-o-tragedii-na-bulovce\"><img loading=\"lazy\" decoding=\"async\" class=\"aligncenter wp-image-4383 size-full\" src=\"https:\/\/www.pacienti.cz\/wp-content\/uploads\/2024\/03\/IMG_4401.png\" alt=\"\" width=\"2160\" height=\"1620\" srcset=\"https:\/\/www.pacienti.cz\/wp-content\/uploads\/2024\/03\/IMG_4401.png 2160w, https:\/\/www.pacienti.cz\/wp-content\/uploads\/2024\/03\/IMG_4401-300x225.png 300w, https:\/\/www.pacienti.cz\/wp-content\/uploads\/2024\/03\/IMG_4401-1024x768.png 1024w, https:\/\/www.pacienti.cz\/wp-content\/uploads\/2024\/03\/IMG_4401-768x576.png 768w, https:\/\/www.pacienti.cz\/wp-content\/uploads\/2024\/03\/IMG_4401-1536x1152.png 1536w, https:\/\/www.pacienti.cz\/wp-content\/uploads\/2024\/03\/IMG_4401-2048x1536.png 2048w\" sizes=\"(max-width: 2160px) 100vw, 2160px\" \/><\/a><\/p>\n<p>&nbsp;<\/p>\n<p><a href=\"https:\/\/www.pacienti.cz\/wp-content\/uploads\/2024\/03\/IMG_4405.png\"><img loading=\"lazy\" decoding=\"async\" class=\"aligncenter wp-image-4379 size-full\" src=\"https:\/\/www.pacienti.cz\/wp-content\/uploads\/2024\/03\/IMG_4405.png\" alt=\"\" width=\"2160\" height=\"1620\" srcset=\"https:\/\/www.pacienti.cz\/wp-content\/uploads\/2024\/03\/IMG_4405.png 2160w, https:\/\/www.pacienti.cz\/wp-content\/uploads\/2024\/03\/IMG_4405-300x225.png 300w, https:\/\/www.pacienti.cz\/wp-content\/uploads\/2024\/03\/IMG_4405-1024x768.png 1024w, https:\/\/www.pacienti.cz\/wp-content\/uploads\/2024\/03\/IMG_4405-768x576.png 768w, https:\/\/www.pacienti.cz\/wp-content\/uploads\/2024\/03\/IMG_4405-1536x1152.png 1536w, https:\/\/www.pacienti.cz\/wp-content\/uploads\/2024\/03\/IMG_4405-2048x1536.png 2048w\" sizes=\"(max-width: 2160px) 100vw, 2160px\" \/><\/a><\/p>\n<hr \/>\n<p>&nbsp;<\/p>\n<p>V\u00edce o kauze tady:<\/p>\n<p>&nbsp;<\/p>\n<h1><span style=\"color: #ff0000;\"><strong><a style=\"color: #ff0000;\" href=\"https:\/\/cnn.iprima.cz\/kvuli-mzdam-sli-na-barikady-tlumocnika-ale-nesehnali-tepe-bulovku-za-tragicky-omyl-olejar-432844\">Cnn Prima: Tragick\u00fd potrat na Bulovce<\/a><\/strong><\/span><\/h1>\n<p>&nbsp;<\/p>\n<p>&nbsp;<\/p>\n","protected":false},"excerpt":{"rendered":"<p>&nbsp; &nbsp; Ve FN Bulovka zam\u011bnili pacientky p\u0159i \u0159e\u0161en\u00ed potratu &nbsp; &nbsp; DNES 28.3.2024 \u017div\u00fd vstup na CNN Prima News prezidenta Svazu pacientu \u010cR Lubo\u0161e OLEJ\u00c1RA v 19:04 hod. &nbsp; Hlavn\u00ed zpr\u00e1vy 19:04 h &nbsp; &nbsp; &nbsp; V\u00edce o kauze tady: &nbsp; Cnn Prima: Tragick\u00fd potrat na Bulovce &nbsp; &nbsp;<\/p>\n","protected":false},"author":1,"featured_media":4379,"comment_status":"closed","ping_status":"open","sticky":false,"template":"","format":"standard","meta":{"footnotes":""},"categories":[14],"tags":[],"_links":{"self":[{"href":"https:\/\/www.pacienti.cz\/index.php?rest_route=\/wp\/v2\/posts\/4358"}],"collection":[{"href":"https:\/\/www.pacienti.cz\/index.php?rest_route=\/wp\/v2\/posts"}],"about":[{"href":"https:\/\/www.pacienti.cz\/index.php?rest_route=\/wp\/v2\/types\/post"}],"author":[{"embeddable":true,"href":"https:\/\/www.pacienti.cz\/index.php?rest_route=\/wp\/v2\/users\/1"}],"replies":[{"embeddable":true,"href":"https:\/\/www.pacienti.cz\/index.php?rest_route=%2Fwp%2Fv2%2Fcomments&post=4358"}],"version-history":[{"count":19,"href":"https:\/\/www.pacienti.cz\/index.php?rest_route=\/wp\/v2\/posts\/4358\/revisions"}],"predecessor-version":[{"id":4392,"href":"https:\/\/www.pacienti.cz\/index.php?rest_route=\/wp\/v2\/posts\/4358\/revisions\/4392"}],"wp:featuredmedia":[{"embeddable":true,"href":"https:\/\/www.pacienti.cz\/index.php?rest_route=\/wp\/v2\/media\/4379"}],"wp:attachment":[{"href":"https:\/\/www.pacienti.cz\/index.php?rest_route=%2Fwp%2Fv2%2Fmedia&parent=4358"}],"wp:term":[{"taxonomy":"category","embeddable":true,"href":"https:\/\/www.pacienti.cz\/index.php?rest_route=%2Fwp%2Fv2%2Fcategories&post=4358"},{"taxonomy":"post_tag","embeddable":true,"href":"https:\/\/www.pacienti.cz\/index.php?rest_route=%2Fwp%2Fv2%2Ftags&post=4358"}],"curies":[{"name":"wp","href":"https:\/\/api.w.org\/{rel}","templated":true}]}}