{"id":4445,"date":"2024-04-03T18:03:20","date_gmt":"2024-04-03T16:03:20","guid":{"rendered":"https:\/\/www.pacienti.cz\/?p=4445"},"modified":"2024-07-30T23:09:13","modified_gmt":"2024-07-30T21:09:13","slug":"v-pardubicke-nemocnici-se-bouri-lekari-pri-vedeni-nemocnice-hejtman-netolicky-je-mimo-obraz","status":"publish","type":"post","link":"https:\/\/www.pacienti.cz\/?p=4445","title":{"rendered":"V pardubick\u00e9 nemocnici se bou\u0159\u00ed l\u00e9ka\u0159i proti veden\u00ed nemocnice. Hejtman Netolick\u00fd je mimo obraz \u2026"},"content":{"rendered":"<hr \/>\n<p>&nbsp;<\/p>\n<h1 class=\"c_aF c_aG g_gt speakable\"><strong><a href=\"https:\/\/www.novinky.cz\/clanek\/domaci-pardubicti-lekari-podali-vypovedi-kvuli-spatne-vyplacenym-mzdam-40466369#utm_content=ribbonnews&amp;utm_term=Olejar&amp;utm_medium=hint&amp;utm_source=search.seznam.cz\"><span style=\"color: #ff0000;\">Des\u00edtky pardubick\u00fdch l\u00e9ka\u0159\u016f podaly v\u00fdpov\u011bdi kv\u016fli \u0161patn\u011b vypl\u00e1cen\u00fdm mzd\u00e1m<\/span><\/a><\/strong><\/h1>\n<p>Zdroj: novinky.cz<\/p>\n<p>&nbsp;<\/p>\n<hr \/>\n<p><span style=\"color: #000080;\">CNN Prima News: \u00a0<\/span><strong style=\"color: #0000ff; font-family: 'Roboto Condensed', sans-serif; font-size: 24px;\">Do \u0159e\u0161en\u00ed v\u00fdpov\u011bd\u00ed 57 l\u00e9ka\u0159\u016f v Pardubick\u00e9 nemocnici mus\u00ed vstoupit Kraj. Pro\u010d hejtman Netolick\u00fd v\u00e1h\u00e1 s \u0159e\u0161en\u00edm?!<\/strong><\/p>\n<p>&nbsp;<\/p>\n<hr \/>\n<p><img loading=\"lazy\" decoding=\"async\" class=\"aligncenter wp-image-4446 size-full\" src=\"https:\/\/www.pacienti.cz\/wp-content\/uploads\/2024\/04\/IMG_0133-scaled.jpeg\" alt=\"\" width=\"1920\" height=\"2560\" srcset=\"https:\/\/www.pacienti.cz\/wp-content\/uploads\/2024\/04\/IMG_0133-scaled.jpeg 1920w, https:\/\/www.pacienti.cz\/wp-content\/uploads\/2024\/04\/IMG_0133-225x300.jpeg 225w, https:\/\/www.pacienti.cz\/wp-content\/uploads\/2024\/04\/IMG_0133-768x1024.jpeg 768w, https:\/\/www.pacienti.cz\/wp-content\/uploads\/2024\/04\/IMG_0133-1152x1536.jpeg 1152w, https:\/\/www.pacienti.cz\/wp-content\/uploads\/2024\/04\/IMG_0133-1536x2048.jpeg 1536w\" sizes=\"(max-width: 1920px) 100vw, 1920px\" \/><\/p>\n","protected":false},"excerpt":{"rendered":"<p>&nbsp; Des\u00edtky pardubick\u00fdch l\u00e9ka\u0159\u016f podaly v\u00fdpov\u011bdi kv\u016fli \u0161patn\u011b vypl\u00e1cen\u00fdm mzd\u00e1m Zdroj: novinky.cz &nbsp; CNN Prima News: \u00a0Do \u0159e\u0161en\u00ed v\u00fdpov\u011bd\u00ed 57 l\u00e9ka\u0159\u016f v Pardubick\u00e9 nemocnici mus\u00ed vstoupit Kraj. Pro\u010d hejtman Netolick\u00fd v\u00e1h\u00e1 s \u0159e\u0161en\u00edm?! &nbsp;<\/p>\n","protected":false},"author":1,"featured_media":4448,"comment_status":"closed","ping_status":"open","sticky":false,"template":"","format":"standard","meta":{"footnotes":""},"categories":[14],"tags":[],"_links":{"self":[{"href":"https:\/\/www.pacienti.cz\/index.php?rest_route=\/wp\/v2\/posts\/4445"}],"collection":[{"href":"https:\/\/www.pacienti.cz\/index.php?rest_route=\/wp\/v2\/posts"}],"about":[{"href":"https:\/\/www.pacienti.cz\/index.php?rest_route=\/wp\/v2\/types\/post"}],"author":[{"embeddable":true,"href":"https:\/\/www.pacienti.cz\/index.php?rest_route=\/wp\/v2\/users\/1"}],"replies":[{"embeddable":true,"href":"https:\/\/www.pacienti.cz\/index.php?rest_route=%2Fwp%2Fv2%2Fcomments&post=4445"}],"version-history":[{"count":8,"href":"https:\/\/www.pacienti.cz\/index.php?rest_route=\/wp\/v2\/posts\/4445\/revisions"}],"predecessor-version":[{"id":4473,"href":"https:\/\/www.pacienti.cz\/index.php?rest_route=\/wp\/v2\/posts\/4445\/revisions\/4473"}],"wp:featuredmedia":[{"embeddable":true,"href":"https:\/\/www.pacienti.cz\/index.php?rest_route=\/wp\/v2\/media\/4448"}],"wp:attachment":[{"href":"https:\/\/www.pacienti.cz\/index.php?rest_route=%2Fwp%2Fv2%2Fmedia&parent=4445"}],"wp:term":[{"taxonomy":"category","embeddable":true,"href":"https:\/\/www.pacienti.cz\/index.php?rest_route=%2Fwp%2Fv2%2Fcategories&post=4445"},{"taxonomy":"post_tag","embeddable":true,"href":"https:\/\/www.pacienti.cz\/index.php?rest_route=%2Fwp%2Fv2%2Ftags&post=4445"}],"curies":[{"name":"wp","href":"https:\/\/api.w.org\/{rel}","templated":true}]}}