{"id":4518,"date":"2024-05-07T18:08:04","date_gmt":"2024-05-07T16:08:04","guid":{"rendered":"https:\/\/www.pacienti.cz\/?p=4518"},"modified":"2024-07-30T23:09:38","modified_gmt":"2024-07-30T21:09:38","slug":"podpora-pro-nadacni-fond-onkologie-pro-21-stoleti","status":"publish","type":"post","link":"https:\/\/www.pacienti.cz\/?p=4518","title":{"rendered":"Podpora pro Nada\u010dn\u00ed fond \u201eOnkologie pro 21. stolet\u00ed\u201c"},"content":{"rendered":"<hr \/>\n<p>&nbsp;<\/p>\n<h1><strong>Svaz pacient\u016f \u010cR podpo\u0159il <\/strong><\/h1>\n<h1><strong>Nada\u010dn\u00ed fond <\/strong><strong>\u201eOnkologie pro 21. stolet\u00ed\u201c<\/strong><\/h1>\n<p><strong>\u00a0<\/strong><\/p>\n<h3><strong><a href=\"https:\/\/www.pacienti.cz\/wp-content\/uploads\/2024\/05\/NF-onkologie-FTN_4.2024_3.jpg\"><img loading=\"lazy\" decoding=\"async\" class=\"wp-image-4521 alignright\" src=\"https:\/\/www.pacienti.cz\/wp-content\/uploads\/2024\/05\/NF-onkologie-FTN_4.2024_3-300x276.jpg\" alt=\"\" width=\"290\" height=\"267\" srcset=\"https:\/\/www.pacienti.cz\/wp-content\/uploads\/2024\/05\/NF-onkologie-FTN_4.2024_3-300x276.jpg 300w, https:\/\/www.pacienti.cz\/wp-content\/uploads\/2024\/05\/NF-onkologie-FTN_4.2024_3-768x707.jpg 768w, https:\/\/www.pacienti.cz\/wp-content\/uploads\/2024\/05\/NF-onkologie-FTN_4.2024_3.jpg 1000w\" sizes=\"(max-width: 290px) 100vw, 290px\" \/><\/a>Setk\u00e1n\u00ed se uskute\u010dnilo <\/strong>24. 4. 2024 <strong>pod z\u00e1\u0161titou prvn\u00ed d\u00e1my Evy Pavlov\u00e9, pra\u017esk\u00e9ho prim\u00e1tora doc. MUDr. Bohuslava Svobody, CSc. a p\u0159edsedy Spr\u00e1vn\u00ed rady VZP MUDr. Toma Philippa, Ph.D., <\/strong><\/h3>\n<p>&nbsp;<\/p>\n<h3>Na Novom\u011bstsk\u00e9 radnici v\u00a0Praze se <strong><em>viceprezidentka Mgr. Libu\u0161e Pe\u0161lov\u00e1<\/em><\/strong><strong> setkala s p\u0159edn\u00edmi l\u00e9ka\u0159i \u2013 onkology, nap\u0159. s <\/strong>p\u0159edn\u00ed \u010deskou onkolo\u017ekou,\u00a0<strong>profesorkou Jitkou Abrah\u00e1movou, <\/strong><strong>v sou\u010dasnosti p\u016fsob\u00edc\u00ed, jako vedouc\u00ed klinick\u00fd onkolog pra\u017esk\u00e9ho Proton Therapy Center Czech, a je tak\u00e9 p\u0159edsedkyn\u00ed Spr\u00e1vn\u00ed rady Nada\u010dn\u00edho fondu Onkologie 21. stolet\u00ed. D\u00e1le vedla rozhovory s pacientkami, pacienty, ale i jejich bl\u00edzk\u00fdmi.<\/strong><\/h3>\n<p>&nbsp;<\/p>\n<h3>C\u00edlem ve\u010deru bylo p\u0159ipomenut\u00ed d\u016fle\u017eitosti preventivn\u00edch prohl\u00eddek nejen u \u017een, ale tak\u00e9 u mu\u017e\u016f, v\u010dasn\u00e9ho z\u00e1chytu onemocn\u011bn\u00ed a n\u00e1sledn\u00e9 l\u00e9\u010dby. Onemocn\u011bn\u00ed nepostihuje pouze pacienty, ale cel\u00e9 rodiny, a t\u00edm se \u017eivot m\u011bn\u00ed v\u0161em i spole\u010dnosti.<\/h3>\n<p>&nbsp;<\/p>\n<h3>Sou\u010d\u00e1st\u00ed ve\u010dern\u00edho programu byla tradi\u010dn\u00ed m\u00f3dn\u00ed p\u0159ehl\u00eddka, p\u0159i n\u00ed\u017e vystoupil mu\u017e i \u017eeny nejr\u016fzn\u011bj\u0161\u00edho v\u011bku, profes\u00ed i soci\u00e1ln\u00edho postaven\u00ed, kter\u00e9 spojuje jedin\u00e9 \u2013 diagn\u00f3za rakoviny.<\/h3>\n<p>&nbsp;<\/p>\n<h3>Ve\u010derem prov\u00e1zeli\u00a0 &#8211; opern\u00ed s\u00f3list\u00e9 N\u00e1rodn\u00edho divadla \u2013 pan\u00ed\u00a0<strong>Eva Urbanov\u00e1, Lud\u011bk Vele a Ad\u00e9la Singrov\u00e1<\/strong>, za klav\u00edr usedl\u00a0<strong>David \u0160vec<\/strong>, dirigent N\u00e1rodn\u00edho divadla a dal\u0161\u00ed.<\/h3>\n<p>&nbsp;<\/p>\n<h3>Ve\u010der se nesl v\u00a0duchu hudby a pod\u011bkov\u00e1n\u00ed.<\/h3>\n<p>&nbsp;<\/p>\n<p>&#8211; Redakce SP\u010cR &#8211;<\/p>\n<p>&nbsp;<\/p>\n<p><a href=\"https:\/\/www.pacienti.cz\/wp-content\/uploads\/2024\/05\/NF-onkologie-FTN_4.2024_2.jpg\"><img loading=\"lazy\" decoding=\"async\" class=\"alignnone wp-image-4520 size-full\" src=\"https:\/\/www.pacienti.cz\/wp-content\/uploads\/2024\/05\/NF-onkologie-FTN_4.2024_2.jpg\" alt=\"\" width=\"665\" height=\"919\" srcset=\"https:\/\/www.pacienti.cz\/wp-content\/uploads\/2024\/05\/NF-onkologie-FTN_4.2024_2.jpg 665w, https:\/\/www.pacienti.cz\/wp-content\/uploads\/2024\/05\/NF-onkologie-FTN_4.2024_2-217x300.jpg 217w\" sizes=\"(max-width: 665px) 100vw, 665px\" \/><\/a><a href=\"https:\/\/www.pacienti.cz\/wp-content\/uploads\/2024\/05\/NF-onkologie-FTN_4.2024_1.jpg\"><img loading=\"lazy\" decoding=\"async\" class=\"alignnone wp-image-4519 size-full\" src=\"https:\/\/www.pacienti.cz\/wp-content\/uploads\/2024\/05\/NF-onkologie-FTN_4.2024_1.jpg\" alt=\"\" width=\"1000\" height=\"563\" srcset=\"https:\/\/www.pacienti.cz\/wp-content\/uploads\/2024\/05\/NF-onkologie-FTN_4.2024_1.jpg 1000w, https:\/\/www.pacienti.cz\/wp-content\/uploads\/2024\/05\/NF-onkologie-FTN_4.2024_1-300x169.jpg 300w, https:\/\/www.pacienti.cz\/wp-content\/uploads\/2024\/05\/NF-onkologie-FTN_4.2024_1-768x432.jpg 768w\" sizes=\"(max-width: 1000px) 100vw, 1000px\" \/><\/a><\/p>\n<p>&nbsp;<\/p>\n","protected":false},"excerpt":{"rendered":"<p>&nbsp; Svaz pacient\u016f \u010cR podpo\u0159il Nada\u010dn\u00ed fond \u201eOnkologie pro 21. stolet\u00ed\u201c \u00a0 Setk\u00e1n\u00ed se uskute\u010dnilo 24. 4. 2024 pod z\u00e1\u0161titou prvn\u00ed d\u00e1my Evy Pavlov\u00e9, pra\u017esk\u00e9ho prim\u00e1tora doc. MUDr. Bohuslava Svobody, CSc. a p\u0159edsedy Spr\u00e1vn\u00ed rady VZP MUDr. Toma Philippa, Ph.D., &nbsp; Na Novom\u011bstsk\u00e9 radnici v\u00a0Praze se viceprezidentka Mgr. Libu\u0161e Pe\u0161lov\u00e1 setkala s p\u0159edn\u00edmi l\u00e9ka\u0159i \u2013 [&hellip;]<\/p>\n","protected":false},"author":1,"featured_media":4524,"comment_status":"closed","ping_status":"open","sticky":false,"template":"","format":"standard","meta":{"footnotes":""},"categories":[14],"tags":[],"_links":{"self":[{"href":"https:\/\/www.pacienti.cz\/index.php?rest_route=\/wp\/v2\/posts\/4518"}],"collection":[{"href":"https:\/\/www.pacienti.cz\/index.php?rest_route=\/wp\/v2\/posts"}],"about":[{"href":"https:\/\/www.pacienti.cz\/index.php?rest_route=\/wp\/v2\/types\/post"}],"author":[{"embeddable":true,"href":"https:\/\/www.pacienti.cz\/index.php?rest_route=\/wp\/v2\/users\/1"}],"replies":[{"embeddable":true,"href":"https:\/\/www.pacienti.cz\/index.php?rest_route=%2Fwp%2Fv2%2Fcomments&post=4518"}],"version-history":[{"count":1,"href":"https:\/\/www.pacienti.cz\/index.php?rest_route=\/wp\/v2\/posts\/4518\/revisions"}],"predecessor-version":[{"id":4522,"href":"https:\/\/www.pacienti.cz\/index.php?rest_route=\/wp\/v2\/posts\/4518\/revisions\/4522"}],"wp:featuredmedia":[{"embeddable":true,"href":"https:\/\/www.pacienti.cz\/index.php?rest_route=\/wp\/v2\/media\/4524"}],"wp:attachment":[{"href":"https:\/\/www.pacienti.cz\/index.php?rest_route=%2Fwp%2Fv2%2Fmedia&parent=4518"}],"wp:term":[{"taxonomy":"category","embeddable":true,"href":"https:\/\/www.pacienti.cz\/index.php?rest_route=%2Fwp%2Fv2%2Fcategories&post=4518"},{"taxonomy":"post_tag","embeddable":true,"href":"https:\/\/www.pacienti.cz\/index.php?rest_route=%2Fwp%2Fv2%2Ftags&post=4518"}],"curies":[{"name":"wp","href":"https:\/\/api.w.org\/{rel}","templated":true}]}}