{"id":4635,"date":"2025-01-17T21:25:24","date_gmt":"2025-01-17T20:25:24","guid":{"rendered":"https:\/\/www.pacienti.cz\/?p=4635"},"modified":"2025-01-17T21:39:49","modified_gmt":"2025-01-17T20:39:49","slug":"dryml-ceskemu-zdravotnictvi-hrozi-anarchie-a-kolaps","status":"publish","type":"post","link":"https:\/\/www.pacienti.cz\/?p=4635","title":{"rendered":"Dryml: \u010cesk\u00e9mu zdravotnictv\u00ed hroz\u00ed anarchie a kolaps"},"content":{"rendered":"<hr \/>\n<p>&nbsp;<\/p>\n<h3><strong>Na\u0161e zdravotnictv\u00ed, vysoce uzn\u00e1van\u00e9 v cel\u00e9 sv\u011bt\u011b se nyn\u00ed \u0159\u00edt\u00ed <img loading=\"lazy\" decoding=\"async\" class=\"alignright wp-image-3555 size-full\" src=\"https:\/\/www.pacienti.cz\/wp-content\/uploads\/2023\/01\/dryml.jpg\" alt=\"\" width=\"144\" height=\"192\" \/>vinou neschopn\u00e9ho veden\u00ed ministerstva zdravotnictv\u00ed i r\u016fzn\u00fdch politick\u00fdch hr\u00e1tek do anarchie a finan\u010dn\u00edho kolapsu.<\/strong><\/h3>\n<p>&nbsp;<\/p>\n<h3>Syst\u00e9m kolabuje v politick\u00e9, odborn\u00e9 a ekonomick\u00e9 oblasti se zv\u011bt\u0161uj\u00edc\u00ed se rychlost\u00ed. Nyn\u00ed pod taktovkou TOP 09, lidovc\u016f a ODS. D\u016fvodem rozvratu jsou p\u0159edev\u0161\u00edm dne\u0161n\u00ed i minul\u00ed m\u00e1lo schopn\u00ed a slab\u00ed minist\u0159i, podl\u00e9haj\u00edc\u00ed\u00a0r\u016fzn\u00fdm lobbistick\u00fdm skupin\u00e1m, kter\u00e9 spolu s r\u016fzn\u00fdmi finan\u010dn\u00edmi skupinami ovl\u00e1daj\u00ed ministerstvo ji\u017e dlouh\u00e9 roky.<\/h3>\n<p>&nbsp;<\/p>\n<h3><strong>Pokud chceme<\/strong> zastavit pokles a rozvrat, mus\u00ed p\u0159ij\u00edt po podzimn\u00edch volb\u00e1ch rychl\u00e9 razantn\u00ed zm\u011bny. P\u0159edev\u0161\u00edm mus\u00ed p\u0159ij\u00edt siln\u00fd ministr se zku\u0161enost\u00ed z krizov\u00e9ho \u0159\u00edzen\u00ed i politick\u00fdm kryt\u00edm a skupina lid\u00ed, kte\u0159\u00ed jsou ochotni pracovat pro st\u00e1t, a ne pro r\u016fzn\u00e9 z\u00e1jmov\u00e9 skupiny.<\/h3>\n<p>&nbsp;<\/p>\n<h3><strong><img loading=\"lazy\" decoding=\"async\" class=\"alignleft wp-image-3805 size-medium\" src=\"https:\/\/www.pacienti.cz\/wp-content\/uploads\/2023\/06\/IMG_2039-300x225.png\" alt=\"\" width=\"300\" height=\"225\" srcset=\"https:\/\/www.pacienti.cz\/wp-content\/uploads\/2023\/06\/IMG_2039-300x225.png 300w, https:\/\/www.pacienti.cz\/wp-content\/uploads\/2023\/06\/IMG_2039-1024x768.png 1024w, https:\/\/www.pacienti.cz\/wp-content\/uploads\/2023\/06\/IMG_2039-768x576.png 768w, https:\/\/www.pacienti.cz\/wp-content\/uploads\/2023\/06\/IMG_2039-1536x1152.png 1536w, https:\/\/www.pacienti.cz\/wp-content\/uploads\/2023\/06\/IMG_2039-2048x1536.png 2048w\" sizes=\"(max-width: 300px) 100vw, 300px\" \/>Nen\u00ed mo\u017en\u00e9<\/strong>, aby n\u011bkte\u0159\u00ed n\u00e1m\u011bstci a \u0159editel\u00e9 odbor\u016f, kte\u0159\u00ed nesou osobn\u00ed odpov\u011bdnost za sou\u010dasn\u00fd stav, d\u00e1le z\u016fstali na ministerstvu tak, jak se to d\u011bje doposud.<\/h3>\n<p>&nbsp;<\/p>\n<h3><strong>Politicky je ne\u00fanosn\u00e9<\/strong> od\u010derp\u00e1v\u00e1n\u00ed finan\u010dn\u00edch prost\u0159edk\u016f ur\u010den\u00fdch pro zdravotnictv\u00ed jinam a ne\u00fam\u011brn\u00e9 zat\u011b\u017eov\u00e1n\u00ed syst\u00e9mu l\u00e9\u010dbou pro ob\u010dany jin\u00fdch st\u00e1t\u016f (mimo neodkladn\u00e9 p\u00e9\u010de). Syst\u00e9m na to toti\u017e nen\u00ed p\u0159ipraven kapacitn\u011b ani finan\u010dn\u011b.<\/h3>\n<p>&nbsp;<\/p>\n<h3><strong>V odborn\u00e9 oblasti<\/strong> je nutno kone\u010dn\u011b prov\u00e9st roky vy\u017eadovan\u00e9 zm\u011bny v postgradu\u00e1ln\u00edm vzd\u011bl\u00e1v\u00e1n\u00ed l\u00e9ka\u0159\u016f a p\u0159edev\u0161\u00edm sester, potla\u010den\u00ed vlivu odborn\u00fdch spole\u010dnost\u00ed, kter\u00e9 nech\u00e1pou ekonomick\u00e9 mo\u017enosti syst\u00e9mu, zaveden\u00ed jednotn\u00e9 ceny l\u00e9k\u016f v\u00a0l\u00e9k\u00e1rn\u00e1ch hrazen\u00fdch ze zdravotn\u00edho poji\u0161t\u011bn\u00ed, zaveden\u00ed po\u0159\u00e1dku do distribuce l\u00e9k\u016f a omezen\u00ed vlivu farma loby v\u010detn\u011b zaji\u0161t\u011bn\u00ed dod\u00e1vek\u00a0l\u00e9k\u016f, a to i pro obdob\u00ed kriz\u00ed. Za zaji\u0161t\u011bn\u00ed s\u00edt\u011b poskytovan\u00e9 p\u00e9\u010de mus\u00ed hlavn\u011b odpov\u00eddat st\u00e1t a ne poji\u0161\u0165ovny. Za kvalitu by m\u011bla odpov\u00eddat l\u00e9ka\u0159sk\u00e1 komora.<\/h3>\n<p>&nbsp;<\/p>\n<h3><strong>V rovin\u011b ekonomick\u00e9<\/strong> jde hlavn\u011b o zefektivn\u011bn\u00ed pr\u00e1ce v <img loading=\"lazy\" decoding=\"async\" class=\"alignright wp-image-652 size-medium\" src=\"https:\/\/www.pacienti.cz\/wp-content\/uploads\/2015\/11\/money-660241__180-300x169.jpg\" alt=\"\" width=\"300\" height=\"169\" srcset=\"https:\/\/www.pacienti.cz\/wp-content\/uploads\/2015\/11\/money-660241__180-300x169.jpg 300w, https:\/\/www.pacienti.cz\/wp-content\/uploads\/2015\/11\/money-660241__180.jpg 320w\" sizes=\"(max-width: 300px) 100vw, 300px\" \/>nemocnic\u00edch, p\u0159edev\u0161\u00edm fakultn\u00edch. Mus\u00ed doj\u00edt kone\u010dn\u011b k pos\u00edlen\u00ed odpov\u011bdnosti manager\u016f nemocnic i\u00a0stanoven\u00ed hranice mezi vzd\u011bl\u00e1v\u00e1n\u00edm v t\u011bchto nemocnic\u00edch oproti norm\u00e1ln\u00edmu chodu nemocnic. Je velmi nutn\u00e9 p\u0159epracovat cenotvorbu za v\u00fdkony a zdravotnick\u00e9\u00a0prost\u0159edky. Vy\u017eadovat tvrd\u011b po zdravotn\u00edch poji\u0161\u0165ovn\u00e1ch a kraj\u00edch, aby se dodr\u017eovalo person\u00e1ln\u00ed obsazen\u00ed v\u0161ude tam, kde za to poji\u0161\u0165ovny plat\u00ed. Nelze tolerovat ne\u00fam\u011brn\u00e9 vr\u0161en\u00ed \u00favazk\u016f l\u00e9ka\u0159\u016f na \u00fakor zaji\u0161t\u011bn\u00ed slu\u017eeb v nemocnic\u00edch a sn\u00ed\u017een\u00ed dostupnosti p\u00e9\u010de a odsouv\u00e1n\u00ed n\u011bkter\u00fdch vy\u0161et\u0159en\u00ed a operac\u00ed.<\/h3>\n<h3>Na stole je ur\u010dit\u011b i redukce poji\u0161\u0165oven pouze na jednu. Nelze donekone\u010dna financovat st\u00e1le se roz\u0161i\u0159uj\u00edc\u00ed s\u00edt r\u016fzn\u00fdch soukrom\u00fdch ambulanc\u00ed a center, kter\u00e9 \u010derpaj\u00ed finance ze syst\u00e9mu ve\u0159ejn\u00e9ho poji\u0161t\u011bn\u00ed. V neposledn\u00ed \u0159ad\u011b mus\u00ed b\u00fdt\u00a0zp\u0159\u00edsn\u011bna kontrola nad dotacemi, p\u0159ezkum ekonomick\u00e9 v\u00fdhodnosti investic a odstran\u011bn\u00ed korupce p\u0159i\u00a0n\u00e1kupech techniky a materi\u00e1lu i podivn\u00e9 zav\u00e1d\u011bn\u00ed dal\u0161\u00edch v\u011bc\u00ed, kter\u00e9 od\u010derp\u00e1vaj\u00ed ze syst\u00e9mu velk\u00e9 \u010d\u00e1stky. Velkou nutnost\u00ed pro ekonomiku a kontrolu je urychlit digitalizaci spojenou s propojen\u00ed nemocni\u010dn\u00edch s\u00edt\u00ed a ambulancemi.<\/h3>\n<p>&nbsp;<\/p>\n<h3><strong>Situace se st\u00e1le zhor\u0161uje<\/strong> a jde o boj mezi ve\u0159ejnopr\u00e1vn\u00edm solid\u00e1rn\u00edm poji\u0161t\u011bn\u00edm a privatizac\u00ed pouze lukrativn\u00ed zdravotn\u00ed p\u00e9\u010de. Jsou zde op\u011bt pokusy o rozd\u011blen\u00ed zdravotn\u00ed p\u00e9\u010de na p\u00e9\u010di pro bohat\u00e9 a chud\u00e9.<\/h3>\n<p>&nbsp;<\/p>\n<h3><strong>Zdravotnictv\u00ed mus\u00ed p\u0159estat b\u00fdt dojnou kr\u00e1vou<\/strong> pro st\u00e1le se <img loading=\"lazy\" decoding=\"async\" class=\"alignright wp-image-4639 size-medium\" src=\"https:\/\/www.pacienti.cz\/wp-content\/uploads\/2025\/01\/krava-3383624_1280-300x197.jpg\" alt=\"\" width=\"300\" height=\"197\" srcset=\"https:\/\/www.pacienti.cz\/wp-content\/uploads\/2025\/01\/krava-3383624_1280-300x197.jpg 300w, https:\/\/www.pacienti.cz\/wp-content\/uploads\/2025\/01\/krava-3383624_1280-1024x672.jpg 1024w, https:\/\/www.pacienti.cz\/wp-content\/uploads\/2025\/01\/krava-3383624_1280-768x504.jpg 768w, https:\/\/www.pacienti.cz\/wp-content\/uploads\/2025\/01\/krava-3383624_1280.jpg 1280w\" sizes=\"(max-width: 300px) 100vw, 300px\" \/>zv\u011bt\u0161uj\u00edc\u00ed mno\u017estv\u00ed finan\u010dn\u00edch skupin, kter\u00e9 cht\u011bj\u00ed podnikat ve zdravotnictv\u00ed a kter\u00e9 l\u00e1k\u00e1 vysok\u00fd zisk a jistota p\u0159\u00edjm\u016f. Voli\u010di by m\u011bli na podzim rozhodnout, jak\u00e9 zdravotnictv\u00ed cht\u011bj\u00ed a zda se zastav\u00ed propad dostupnosti a kvality zdravotn\u00ed p\u00e9\u010de v \u010cR.<\/h3>\n<p>&nbsp;<\/p>\n<h3>MUDr. Vladim\u00edr Dryml<\/h3>\n<h3>viceprezident Svazu pacient\u016f \u010cR<\/h3>\n<p>&nbsp;<\/p>\n<p>&nbsp;<\/p>\n<p>&nbsp;<\/p>\n","protected":false},"excerpt":{"rendered":"<p>&nbsp; Na\u0161e zdravotnictv\u00ed, vysoce uzn\u00e1van\u00e9 v cel\u00e9 sv\u011bt\u011b se nyn\u00ed \u0159\u00edt\u00ed vinou neschopn\u00e9ho veden\u00ed ministerstva zdravotnictv\u00ed i r\u016fzn\u00fdch politick\u00fdch hr\u00e1tek do anarchie a finan\u010dn\u00edho kolapsu. &nbsp; Syst\u00e9m kolabuje v politick\u00e9, odborn\u00e9 a ekonomick\u00e9 oblasti se zv\u011bt\u0161uj\u00edc\u00ed se rychlost\u00ed. Nyn\u00ed pod taktovkou TOP 09, lidovc\u016f a ODS. D\u016fvodem rozvratu jsou p\u0159edev\u0161\u00edm dne\u0161n\u00ed i minul\u00ed m\u00e1lo schopn\u00ed [&hellip;]<\/p>\n","protected":false},"author":1,"featured_media":3482,"comment_status":"closed","ping_status":"open","sticky":true,"template":"","format":"standard","meta":{"footnotes":""},"categories":[14],"tags":[],"_links":{"self":[{"href":"https:\/\/www.pacienti.cz\/index.php?rest_route=\/wp\/v2\/posts\/4635"}],"collection":[{"href":"https:\/\/www.pacienti.cz\/index.php?rest_route=\/wp\/v2\/posts"}],"about":[{"href":"https:\/\/www.pacienti.cz\/index.php?rest_route=\/wp\/v2\/types\/post"}],"author":[{"embeddable":true,"href":"https:\/\/www.pacienti.cz\/index.php?rest_route=\/wp\/v2\/users\/1"}],"replies":[{"embeddable":true,"href":"https:\/\/www.pacienti.cz\/index.php?rest_route=%2Fwp%2Fv2%2Fcomments&post=4635"}],"version-history":[{"count":4,"href":"https:\/\/www.pacienti.cz\/index.php?rest_route=\/wp\/v2\/posts\/4635\/revisions"}],"predecessor-version":[{"id":4640,"href":"https:\/\/www.pacienti.cz\/index.php?rest_route=\/wp\/v2\/posts\/4635\/revisions\/4640"}],"wp:featuredmedia":[{"embeddable":true,"href":"https:\/\/www.pacienti.cz\/index.php?rest_route=\/wp\/v2\/media\/3482"}],"wp:attachment":[{"href":"https:\/\/www.pacienti.cz\/index.php?rest_route=%2Fwp%2Fv2%2Fmedia&parent=4635"}],"wp:term":[{"taxonomy":"category","embeddable":true,"href":"https:\/\/www.pacienti.cz\/index.php?rest_route=%2Fwp%2Fv2%2Fcategories&post=4635"},{"taxonomy":"post_tag","embeddable":true,"href":"https:\/\/www.pacienti.cz\/index.php?rest_route=%2Fwp%2Fv2%2Ftags&post=4635"}],"curies":[{"name":"wp","href":"https:\/\/api.w.org\/{rel}","templated":true}]}}