{"id":4729,"date":"2025-04-27T08:50:45","date_gmt":"2025-04-27T06:50:45","guid":{"rendered":"https:\/\/www.pacienti.cz\/?p=4729"},"modified":"2025-04-27T09:16:26","modified_gmt":"2025-04-27T07:16:26","slug":"zmeny-u-preventivnich-prohlidek-nastanou-od-ledna-2026","status":"publish","type":"post","link":"https:\/\/www.pacienti.cz\/?p=4729","title":{"rendered":"Zm\u011bny u preventivnich prohl\u00eddek nastanou od ledna 2026"},"content":{"rendered":"<hr \/>\n<p>&nbsp;<\/p>\n<h1><span style=\"color: #ff0000;\"><strong><a style=\"color: #ff0000;\" href=\"https:\/\/www.novinky.cz\/clanek\/zdravi-preventivni-prohlidky-se-od-ledna-zmeni-40518434#dop_ab_variant=0&amp;dop_source_zone_name=novinky.sznhp.box&amp;source=hp&amp;seq_no=8&amp;utm_campaign=abtest288_local_box_varBB&amp;utm_medium=z-boxiku&amp;utm_source=www.seznam.cz\">Zm\u011bny u preventivnich prohl\u00eddek nastanou od ledna 2026<\/a><\/strong><\/span><\/h1>\n<p><img loading=\"lazy\" decoding=\"async\" class=\"wp-image-4679 size-medium\" src=\"https:\/\/www.pacienti.cz\/wp-content\/uploads\/2025\/03\/gynekologie-5-300x235.jpg\" alt=\"\" width=\"300\" height=\"235\" srcset=\"https:\/\/www.pacienti.cz\/wp-content\/uploads\/2025\/03\/gynekologie-5-300x235.jpg 300w, https:\/\/www.pacienti.cz\/wp-content\/uploads\/2025\/03\/gynekologie-5.jpg 612w\" sizes=\"(max-width: 300px) 100vw, 300px\" \/><\/p>\n<h1><\/h1>\n<p>&nbsp;<\/p>\n<h3>Seznamte se s t\u00edm co n\u00e1s pacienty \u010dek\u00e1 od ledna 2026. Snad to pom\u016f\u017ee v lep\u0161\u00edm z\u00e1chycen\u00ed nemoc\u00ed a sn\u00ed\u017een\u00ed n\u00e1klad\u016f na l\u00e9\u010den\u00ed.<\/h3>\n<p>&nbsp;<\/p>\n<h3>Jen zam\u011bstnavatel\u016fm by to m\u011blo ministerstvo vysv\u011btlit, \u017ee \u201cchozeni po doktorech\u201d je ze z\u00e1kona a ne vyh\u00fdb\u00e1n\u00ed se pr\u00e1ci, aby pak zam\u011bstnanci nebyli \u0161ikanov\u00e1n\u00ed nebo ekonomicky postihov\u00e1n\u00ed !<\/h3>\n<p><img loading=\"lazy\" decoding=\"async\" class=\"aligncenter wp-image-4667 size-large\" src=\"https:\/\/www.pacienti.cz\/wp-content\/uploads\/2025\/03\/IMG_5894-1024x649.webp\" alt=\"\" width=\"486\" height=\"308\" srcset=\"https:\/\/www.pacienti.cz\/wp-content\/uploads\/2025\/03\/IMG_5894-1024x649.webp 1024w, https:\/\/www.pacienti.cz\/wp-content\/uploads\/2025\/03\/IMG_5894-300x190.webp 300w, https:\/\/www.pacienti.cz\/wp-content\/uploads\/2025\/03\/IMG_5894-768x487.webp 768w, https:\/\/www.pacienti.cz\/wp-content\/uploads\/2025\/03\/IMG_5894.webp 1280w\" sizes=\"(max-width: 486px) 100vw, 486px\" \/><\/p>\n","protected":false},"excerpt":{"rendered":"<p>&nbsp; Zm\u011bny u preventivnich prohl\u00eddek nastanou od ledna 2026 &nbsp; Seznamte se s t\u00edm co n\u00e1s pacienty \u010dek\u00e1 od ledna 2026. Snad to pom\u016f\u017ee v lep\u0161\u00edm z\u00e1chycen\u00ed nemoc\u00ed a sn\u00ed\u017een\u00ed n\u00e1klad\u016f na l\u00e9\u010den\u00ed. &nbsp; Jen zam\u011bstnavatel\u016fm by to m\u011blo ministerstvo vysv\u011btlit, \u017ee \u201cchozeni po doktorech\u201d je ze z\u00e1kona a ne vyh\u00fdb\u00e1n\u00ed se pr\u00e1ci, aby pak [&hellip;]<\/p>\n","protected":false},"author":1,"featured_media":3203,"comment_status":"closed","ping_status":"open","sticky":true,"template":"","format":"standard","meta":{"footnotes":""},"categories":[14],"tags":[],"_links":{"self":[{"href":"https:\/\/www.pacienti.cz\/index.php?rest_route=\/wp\/v2\/posts\/4729"}],"collection":[{"href":"https:\/\/www.pacienti.cz\/index.php?rest_route=\/wp\/v2\/posts"}],"about":[{"href":"https:\/\/www.pacienti.cz\/index.php?rest_route=\/wp\/v2\/types\/post"}],"author":[{"embeddable":true,"href":"https:\/\/www.pacienti.cz\/index.php?rest_route=\/wp\/v2\/users\/1"}],"replies":[{"embeddable":true,"href":"https:\/\/www.pacienti.cz\/index.php?rest_route=%2Fwp%2Fv2%2Fcomments&post=4729"}],"version-history":[{"count":4,"href":"https:\/\/www.pacienti.cz\/index.php?rest_route=\/wp\/v2\/posts\/4729\/revisions"}],"predecessor-version":[{"id":4733,"href":"https:\/\/www.pacienti.cz\/index.php?rest_route=\/wp\/v2\/posts\/4729\/revisions\/4733"}],"wp:featuredmedia":[{"embeddable":true,"href":"https:\/\/www.pacienti.cz\/index.php?rest_route=\/wp\/v2\/media\/3203"}],"wp:attachment":[{"href":"https:\/\/www.pacienti.cz\/index.php?rest_route=%2Fwp%2Fv2%2Fmedia&parent=4729"}],"wp:term":[{"taxonomy":"category","embeddable":true,"href":"https:\/\/www.pacienti.cz\/index.php?rest_route=%2Fwp%2Fv2%2Fcategories&post=4729"},{"taxonomy":"post_tag","embeddable":true,"href":"https:\/\/www.pacienti.cz\/index.php?rest_route=%2Fwp%2Fv2%2Ftags&post=4729"}],"curies":[{"name":"wp","href":"https:\/\/api.w.org\/{rel}","templated":true}]}}