{"id":4734,"date":"2025-04-28T09:30:39","date_gmt":"2025-04-28T07:30:39","guid":{"rendered":"https:\/\/www.pacienti.cz\/?p=4734"},"modified":"2025-08-22T10:09:01","modified_gmt":"2025-08-22T08:09:01","slug":"ministr-zdravotnictvi-valek-odhalil-to-co-uz-zname-dlouho","status":"publish","type":"post","link":"https:\/\/www.pacienti.cz\/?p=4734","title":{"rendered":"Ministr zdravotnictv\u00ed V\u00e1lek odhalil to, co ji\u017e zn\u00e1me dlouho"},"content":{"rendered":"<p>&nbsp;<\/p>\n<h1><strong><span style=\"color: #0000ff;\"><a style=\"color: #0000ff;\" href=\"https:\/\/www.novinky.cz\/clanek\/domaci-nektere-ordinace-zkasiruji-za-totez-pacienta-i-pojistovnu-obvinil-valek-lekare-40518672#dop_ab_variant=0&amp;dop_source_zone_name=novinky.web.nexttoart\">Ministr zdravotnictv\u00ed V\u00e1lek odhalil to, co ji\u017e zn\u00e1me dlouho. V\u00edtejte v CZ\u2026<\/a><\/span><\/strong><\/h1>\n<p><img loading=\"lazy\" decoding=\"async\" class=\"alignright wp-image-3102 size-medium\" src=\"https:\/\/www.pacienti.cz\/wp-content\/uploads\/2021\/11\/5A2DF2D5-74C9-4697-B477-ED52C7716D56-300x200.jpeg\" alt=\"\" width=\"300\" height=\"200\" srcset=\"https:\/\/www.pacienti.cz\/wp-content\/uploads\/2021\/11\/5A2DF2D5-74C9-4697-B477-ED52C7716D56-300x200.jpeg 300w, https:\/\/www.pacienti.cz\/wp-content\/uploads\/2021\/11\/5A2DF2D5-74C9-4697-B477-ED52C7716D56.jpeg 508w\" sizes=\"(max-width: 300px) 100vw, 300px\" \/><\/p>\n<h3><\/h3>\n<p>&nbsp;<\/p>\n<h3>Tak toto odhalen\u00ed je vskutku ne\u010dekan\u00e9! O dvoj\u00edm \u00fa\u010dtov\u00e1n\u00ed jednoho v\u00fdkonu ve zdravotnictv\u00ed u\u017e se v dom\u00e1cnostech mluv\u00ed dlouho. Minim\u00e1ln\u011b 15 let.<\/h3>\n<p>&nbsp;<\/p>\n<h3>Dal\u0161\u00ed obor , jako stomatologie se pridal ned\u00e1vno. Sta\u010d\u00ed se pod\u00edvat na \u00fa\u010dtenku a srovnat j\u00ed n\u00e1sledn\u011b s v\u00fdkazem ve zdravitn\u00ed poji\u0161\u0165ovne.<\/h3>\n<p>&nbsp;<\/p>\n<h3>Kdy\u017e to ob\u010dan reklamuje ve sv\u00e9 zdravotn\u00ed poji\u0161\u0165ovn\u011b, tak tak ml\u010d\u00ed.<\/h3>\n<p>&nbsp;<\/p>\n<h3>Kdy\u017e pod\u00e1 st\u00ed\u017enost pro podez\u0159en\u00ed na Krajsk\u00fd \u00fa\u0159ad, kde d\u00e1vaj\u00ed registraci ordinac\u00edm, tak se dozv\u012b, \u017ee je to nepr\u016fkazn\u00e9, jestli byl na\u00fa\u010dtov\u00e1n hrazen\u00fd v\u00fdkon i pacientovi.<\/h3>\n<p>&nbsp;<\/p>\n<h3>Prost\u011b d\u017eungle v \u010cesku!<\/h3>\n<p>&nbsp;<\/p>\n<p>\u2014\u2014\u2014\u2014\u2014\u2014\u2014\u2014\u2014<br \/>\nSvaz pacient\u016f \u010cR<\/p>\n<p>&nbsp;<\/p>\n<p>&nbsp;<\/p>\n<p>&nbsp;<\/p>\n","protected":false},"excerpt":{"rendered":"<p>&nbsp; Ministr zdravotnictv\u00ed V\u00e1lek odhalil to, co ji\u017e zn\u00e1me dlouho. V\u00edtejte v CZ\u2026 &nbsp; Tak toto odhalen\u00ed je vskutku ne\u010dekan\u00e9! O dvoj\u00edm \u00fa\u010dtov\u00e1n\u00ed jednoho v\u00fdkonu ve zdravotnictv\u00ed u\u017e se v dom\u00e1cnostech mluv\u00ed dlouho. Minim\u00e1ln\u011b 15 let. &nbsp; Dal\u0161\u00ed obor , jako stomatologie se pridal ned\u00e1vno. Sta\u010d\u00ed se pod\u00edvat na \u00fa\u010dtenku a srovnat j\u00ed n\u00e1sledn\u011b s [&hellip;]<\/p>\n","protected":false},"author":1,"featured_media":2141,"comment_status":"closed","ping_status":"open","sticky":false,"template":"","format":"standard","meta":{"footnotes":""},"categories":[14],"tags":[],"_links":{"self":[{"href":"https:\/\/www.pacienti.cz\/index.php?rest_route=\/wp\/v2\/posts\/4734"}],"collection":[{"href":"https:\/\/www.pacienti.cz\/index.php?rest_route=\/wp\/v2\/posts"}],"about":[{"href":"https:\/\/www.pacienti.cz\/index.php?rest_route=\/wp\/v2\/types\/post"}],"author":[{"embeddable":true,"href":"https:\/\/www.pacienti.cz\/index.php?rest_route=\/wp\/v2\/users\/1"}],"replies":[{"embeddable":true,"href":"https:\/\/www.pacienti.cz\/index.php?rest_route=%2Fwp%2Fv2%2Fcomments&post=4734"}],"version-history":[{"count":6,"href":"https:\/\/www.pacienti.cz\/index.php?rest_route=\/wp\/v2\/posts\/4734\/revisions"}],"predecessor-version":[{"id":4740,"href":"https:\/\/www.pacienti.cz\/index.php?rest_route=\/wp\/v2\/posts\/4734\/revisions\/4740"}],"wp:featuredmedia":[{"embeddable":true,"href":"https:\/\/www.pacienti.cz\/index.php?rest_route=\/wp\/v2\/media\/2141"}],"wp:attachment":[{"href":"https:\/\/www.pacienti.cz\/index.php?rest_route=%2Fwp%2Fv2%2Fmedia&parent=4734"}],"wp:term":[{"taxonomy":"category","embeddable":true,"href":"https:\/\/www.pacienti.cz\/index.php?rest_route=%2Fwp%2Fv2%2Fcategories&post=4734"},{"taxonomy":"post_tag","embeddable":true,"href":"https:\/\/www.pacienti.cz\/index.php?rest_route=%2Fwp%2Fv2%2Ftags&post=4734"}],"curies":[{"name":"wp","href":"https:\/\/api.w.org\/{rel}","templated":true}]}}