{"id":4833,"date":"2026-04-29T17:46:35","date_gmt":"2026-04-29T15:46:35","guid":{"rendered":"https:\/\/www.pacienti.cz\/?p=4833"},"modified":"2026-04-29T18:12:59","modified_gmt":"2026-04-29T16:12:59","slug":"specialni-lecba-jater-slinivky-a-jicnu-ve-specializovanych-centrech-krajskych-mest","status":"publish","type":"post","link":"https:\/\/www.pacienti.cz\/?p=4833","title":{"rendered":"Speci\u00e1ln\u00ed l\u00e9\u010dba jater, slinivky a j\u00edcnu ve specializovan\u00fdch centrech krajsk\u00fdch m\u011bst"},"content":{"rendered":"<hr \/>\n<p>&nbsp;<\/p>\n<h2><span style=\"color: #ff0000;\"><strong>Speci\u00e1ln\u00ed l\u00e9\u010dba jater, slinivky a j\u00edcnu ve specializovan\u00fdch centrech krajsk\u00fdch m\u011bst<\/strong><\/span><\/h2>\n<p>Praha 28.4.2026<\/p>\n<p>.<\/p>\n<h4>V posledn\u00edch dnech se uva\u017euje na Ministerstvu zdravotnictv\u00ed o vytvo\u0159en\u00ed specilizovan\u00e9 l\u00e9\u010dby v krajsk\u00fdch centrech.<\/h4>\n<div>.<\/div>\n<div>\u00davahy o p\u0159esunu speci\u00e1ln\u00ed l\u00e9\u010dby jater, slinivky a j\u00edcnu do spolupr\u00e1ce onkolog\u016f a chirurg\u016f ve specializovan\u00fdch centrech je sice dobr\u00e1 my\u0161lenka pro pacienty, ale s nejist\u00fdm v\u00fdsledkem.<\/div>\n<div>.<\/div>\n<div><\/div>\n<div>Ob\u00e1v\u00e1me se, aby to nedopadlo jako s onkologick\u00fdmi centry, kde se p\u00e9\u010de postupn\u011b rozt\u0159\u00ed\u0161tila z center na okresn\u00ed \u00farove\u0148 nemocnic vzhledem k p\u0159epln\u011bnosti t\u011bchto center, a nedostatku person\u00e1lu i kapacit pr\u016fchodnosti syst\u00e9mem ( dostate\u010dnosti voln\u00fdch m\u00edst pro pacienty).<\/div>\n<div>.<\/div>\n<div><\/div>\n<div>R\u016fzn\u00e9 konference nic nevy\u0159e\u0161\u00ed, je t\u0159eba, aby ZP jasn\u011b ozn\u00e1mily, \u017ee nebudou tyto v\u00fdkony v nemocnic\u00edch mimo centra propl\u00e1cet.<\/div>\n<div>Je to spojeno tak\u00e9 se zm\u011bnou smluv zdr. za\u0159\u00edzen\u00ed a ZP, kter\u00e9 mus\u00ed postupovat jednotn\u011b.<\/div>\n<div>.<\/div>\n<div><\/div>\n<div>Ministr by m\u011bl tak\u00e9 zajistit, aby nedo\u0161lo k p\u0159epln\u011bn\u00ed t\u011bchto center a odklad doby l\u00e9\u010den\u00ed u t\u011bchto pacient\u016f, kde \u010das hraje d\u016fle\u017eitou roli !<\/div>\n<div>.<\/div>\n<div><\/div>\n<div>Jak to dok\u00e1\u017ee, kdy\u017e je t\u011bchto specialist\u016f nedostatek a\u00a0 sou\u010dasn\u00fd person\u00e1l to nezvl\u00e1dne?!<\/div>\n<div>.<\/div>\n<div><\/div>\n<div>M\u00e1me dojem, \u017ee jde o p\u011bknou my\u0161lenku, kter\u00e1 nebude \u017eivotaschopn\u00e1 v \u010desk\u00e9m zdravotnictv\u00ed, anebo\u00a0 na to doplat\u00ed pacienti.<\/div>\n<div>.<\/div>\n<div><\/div>\n<div>Je t\u0159eba , aby se zlep\u0161ila i prevence u praktick\u00fdch l\u00e9ka\u0159\u016f,<\/div>\n<div>kter\u00e1 v mnoh\u00fdch p\u0159\u00edpadech st\u00e1le selh\u00e1v\u00e1 s fat\u00e1ln\u00edmi n\u00e1sledky u t\u011bchto pacient\u016f.<\/div>\n<div>.<\/div>\n<div><\/div>\n<div>Jasn\u00e1 stanoviska by tak\u00e9 m\u011bly d\u00e1t odborn\u00e9 spole\u010dnosti , proto\u017ee bude pravd\u011bpodobn\u011b doch\u00e1zet k opo\u017e\u010fov\u00e1n\u00ed onkologick\u00e9 i chirurgick\u00e9 l\u00e9\u010dby vzhledem k limitaci kapacit v t\u011bchto centrech.<\/div>\n<div>.<\/div>\n<div>.<\/div>\n<div><\/div>\n<div>\n<div id=\"signature_old\">\n<div id=\"x05aa83e6a0354fe\">\n<div>\n<div>\n<div><span style=\"color: #000000; font-size: small;\">Svaz pacient\u016f \u010cR<\/span><\/div>\n<div><\/div>\n<\/div>\n<\/div>\n<\/div>\n<\/div>\n<\/div>\n","protected":false},"excerpt":{"rendered":"<p>&nbsp; Speci\u00e1ln\u00ed l\u00e9\u010dba jater, slinivky a j\u00edcnu ve specializovan\u00fdch centrech krajsk\u00fdch m\u011bst Praha 28.4.2026 . V posledn\u00edch dnech se uva\u017euje na Ministerstvu zdravotnictv\u00ed o vytvo\u0159en\u00ed specilizovan\u00e9 l\u00e9\u010dby v krajsk\u00fdch centrech. . \u00davahy o p\u0159esunu speci\u00e1ln\u00ed l\u00e9\u010dby jater, slinivky a j\u00edcnu do spolupr\u00e1ce onkolog\u016f a chirurg\u016f ve specializovan\u00fdch centrech je sice dobr\u00e1 my\u0161lenka pro pacienty, ale [&hellip;]<\/p>\n","protected":false},"author":1,"featured_media":4839,"comment_status":"closed","ping_status":"open","sticky":true,"template":"","format":"standard","meta":{"footnotes":""},"categories":[14],"tags":[],"_links":{"self":[{"href":"https:\/\/www.pacienti.cz\/index.php?rest_route=\/wp\/v2\/posts\/4833"}],"collection":[{"href":"https:\/\/www.pacienti.cz\/index.php?rest_route=\/wp\/v2\/posts"}],"about":[{"href":"https:\/\/www.pacienti.cz\/index.php?rest_route=\/wp\/v2\/types\/post"}],"author":[{"embeddable":true,"href":"https:\/\/www.pacienti.cz\/index.php?rest_route=\/wp\/v2\/users\/1"}],"replies":[{"embeddable":true,"href":"https:\/\/www.pacienti.cz\/index.php?rest_route=%2Fwp%2Fv2%2Fcomments&post=4833"}],"version-history":[{"count":7,"href":"https:\/\/www.pacienti.cz\/index.php?rest_route=\/wp\/v2\/posts\/4833\/revisions"}],"predecessor-version":[{"id":4841,"href":"https:\/\/www.pacienti.cz\/index.php?rest_route=\/wp\/v2\/posts\/4833\/revisions\/4841"}],"wp:featuredmedia":[{"embeddable":true,"href":"https:\/\/www.pacienti.cz\/index.php?rest_route=\/wp\/v2\/media\/4839"}],"wp:attachment":[{"href":"https:\/\/www.pacienti.cz\/index.php?rest_route=%2Fwp%2Fv2%2Fmedia&parent=4833"}],"wp:term":[{"taxonomy":"category","embeddable":true,"href":"https:\/\/www.pacienti.cz\/index.php?rest_route=%2Fwp%2Fv2%2Fcategories&post=4833"},{"taxonomy":"post_tag","embeddable":true,"href":"https:\/\/www.pacienti.cz\/index.php?rest_route=%2Fwp%2Fv2%2Ftags&post=4833"}],"curies":[{"name":"wp","href":"https:\/\/api.w.org\/{rel}","templated":true}]}}